{"id":5263,"date":"2015-08-10T14:01:37","date_gmt":"2015-08-10T12:01:37","guid":{"rendered":"http:\/\/belleza.doncomos.com\/?p=5263"},"modified":"2016-08-04T16:57:30","modified_gmt":"2016-08-04T15:57:30","slug":"vestir-nino-primera-comunion","status":"publish","type":"post","link":"https:\/\/doncomos.com\/belleza\/vestir-nino-primera-comunion","title":{"rendered":"C\u00f3mo vestir a un ni\u00f1o de primera comuni\u00f3n"},"content":{"rendered":"<div id=\"toc_container\" class=\"no_bullets\"><p class=\"toc_title\">Contenido del Art&iacute;culo<\/p><ul class=\"toc_list\"><li><a href=\"#Instrucciones_para_vestir_a_un_nino_de_primera_comunion\">Instrucciones para  vestir a un ni\u00f1o de primera comuni\u00f3n<\/a><\/li><li><a href=\"#Que_necesitas_para_vestir_a_un_nino_de_primera_comunion\">\u00bfQue necesitas para  vestir a un ni\u00f1o de primera comuni\u00f3n?<\/a><\/li><li><a href=\"#Consejos_para_vestir_a_un_nino_de_primera_comunion\">Consejos para  vestir a un ni\u00f1o de primera comuni\u00f3n<\/a><\/li><li><a href=\"#Video\">Video<\/a><\/li><\/ul><\/div>\n<p style=\"text-align: left\">\u00a0 <strong>La primera comuni\u00f3n es un evento especial en la vida de los ni\u00f1os<\/strong>. Pero est\u00e1 claro que no es igual para los ni\u00f1os como para las ni\u00f1as, por lo menos en su generalidad. Las ni\u00f1as lo ven de forma m\u00e1s especial y cada vez se celebra de una forma m\u00e1s especial casi tanto ya como una ceremonia eclesi\u00e1stica en el que ese d\u00eda, la ni\u00f1a es una princesita.<\/p>\n<p style=\"text-align: left\">\u00a0 \u00a0Pero los ni\u00f1os ese d\u00eda tambi\u00e9n quieren tener su momento y <strong>quiz\u00e1s estemos m\u00e1s perdidos a la hora de la vestimenta de un ni\u00f1o<\/strong> para la primera comuni\u00f3n, por todo eso podemos dar unas pautas para que a partir de ah\u00ed podamos coger el vestuario que mejor convenga a nuestro ni\u00f1o para su d\u00eda de la primera comuni\u00f3n. Es un d\u00eda en el que lo religioso para los ni\u00f1os queda un poco aparte y dada la edad que tienen, tienden a compararse con los dem\u00e1s ni\u00f1os que hacen ese evento con \u00e9l. Aunque no se trate de una competici\u00f3n y para ellos sea m\u00e1s una fiesta, es su d\u00eda y como tal, tendremos en cuenta diferentes aspectos. Entre estos aspectos deberemos tener claro el estilo de traje que vamos a querer, ya que a estas alturas hay una gran diversidad de formas y tendencias, en general tendemos a que guste a todos, tanto a los ni\u00f1os como a las personas que existen a la primera comuni\u00f3n. Despu\u00e9s al igual como en las ni\u00f1as un toque de complementos ser\u00e1 algo a tener en cuenta, ya que es un d\u00eda \u00fanico en su vida que no se volver\u00e1 a repetir.<\/p>\n<p>\u00a0 Y despu\u00e9s aunque normalmente se suelen hacer en las mismas fechas, mayo, junio, hay que tener en cuenta el tiempo que va a hacer para amoldarnos a un estilo de traje en el que el ni\u00f1o se sienta adem\u00e1s de bien, c\u00f3modo. En la categor\u00eda de belleza de doncomos.com podemos tener por ejemplo presente a la hora de la comuni\u00f3n en las ni\u00f1as las\u00a0<a href=\"http:\/\/doncomos.com\/belleza\/\">12 formas de hacer trenzas<\/a>\u00a0aunque el pelo en la comuni\u00f3n de los ni\u00f1os no ser\u00e1 un punto que nos preocupe demasiado.<\/p>\n<p><strong>Cabe decir que lo ideal es que los ni\u00f1os sepan que es un momento muy importante en su vida, para daros una gu\u00eda os presentamos un v\u00eddeo para saber como hacerlo<\/strong>:<\/p>\n<div align=\"center\"><!-- Doncomos Belleza Enlaces Adaptable -->\n                                       <ins class=\"adsbygoogle\"\n                                            style=\"display:block; height:90px;\"\n                                            data-ad-client=\"ca-pub-7889333885495326\"\n                                            data-ad-slot=\"5109023311\"\n                                            data-ad-format=\"link\"><\/ins>\n                                       <script>\n                                       (adsbygoogle = window.adsbygoogle || []).push({});\n                                       <\/script><div id=\"div-video-intext\"><\/div><\/div><div class='single-functions-top-instrucciones'><h2 class='h2-title-single'><span id=\"Instrucciones_para_vestir_a_un_nino_de_primera_comunion\">Instrucciones para  vestir a un ni\u00f1o de primera comuni\u00f3n<\/span><\/h2><blockquote-content><ol>\n<li>\u00a0Como hemos dicho anteriormente a la hora de vestirse para un evento as\u00ed habr\u00e1 que<strong> tener en cuenta la<\/strong> <strong>opini\u00f3n de los ni\u00f1os<\/strong>,imponer un estilo no es bueno, ya que el ni\u00f1o estar\u00e1 a disgusto, as\u00ed que la decisi\u00f3n tiene que ser tomada entre el ni\u00f1o, los padres y teniendo en cuenta tambi\u00e9n que se celebrar\u00e1 en la iglesia y por lo tanto hay cosas como ir en deportivas, pantal\u00f3n corto o cosas as\u00ed que ese d\u00eda est\u00e1 claro que quedan a un lado.<\/li>\n<li style=\"text-align: left;\">\u00a0 Hay toda clase de estilos en cuanto a una vestimenta para la primera comuni\u00f3n de un ni\u00f1o. <strong>Todo varia seg\u00fan la forma de ser y pensar de las personas que van a celebrar el evento<\/strong>. Hay personas que reutilizan trajes de hermanos mayores por situaci\u00f3n econ\u00f3mica,tambi\u00e9n otras que lo alquilan, otras personas lo compran a la forma convencional o el t\u00edpico traje de <em>marinerito<\/em> y despu\u00e9s est\u00e1n las personas m\u00e1s cercanas a la moda o m\u00e1s alternativas que no es que se gasten m\u00e1s, puede ser que busquen un traje c\u00f3modo y que se pueda usar otra vez por partes como los zapatos o el pantal\u00f3n o ya coger un traje fino y elegante que s\u00f3lo se pueda usar en esa ocasi\u00f3n y llame mucho la atenci\u00f3n. Para esto las grandes firmas siempre sacan en la temporada muchos tipos de trajes, de cortes y ya es cuesti\u00f3n de verlos junto con el ni\u00f1o y ajustarse al presupuesto familiar que se tenga. Un ejemplo de traje es este, aunque seg\u00fan la personalidad de ni\u00f1o y tipo de familia gustar\u00e1 o no:\u00a0<img loading=\"lazy\" decoding=\"async\" class=\" size-medium wp-image-5273 aligncenter\" src=\"http:\/\/doncomos.com\/belleza\/wp-content\/uploads\/sites\/5\/2015\/07\/Como-vestir-a-un-ni--o-de-primera-comunion.-574-300x240.jpg\" alt=\"Corte ingl\u00e9s\" width=\"300\" height=\"240\" srcset=\"https:\/\/doncomos.com\/belleza\/wp-content\/uploads\/sites\/5\/2015\/07\/Como-vestir-a-un-ni--o-de-primera-comunion.-574-300x240.jpg 300w, https:\/\/doncomos.com\/belleza\/wp-content\/uploads\/sites\/5\/2015\/07\/Como-vestir-a-un-ni--o-de-primera-comunion.-574-250x200.jpg 250w, https:\/\/doncomos.com\/belleza\/wp-content\/uploads\/sites\/5\/2015\/07\/Como-vestir-a-un-ni--o-de-primera-comunion.-574.jpg 500w\" sizes=\"auto, (max-width: 300px) 100vw, 300px\" \/><\/li>\n<li>\u00a0 Ya una vez se sepa el estilo de traje que se quiere,ya sea alquilado, comprado o reutilizado, pues se le pueden a\u00f1adir diversos <strong>complementos<\/strong> como anillos, esclavas, pulseras, un reloj. Para un ni\u00f1o no hay mucha diversidad, pero tampoco hay gran limitaci\u00f3n. S\u00f3lo hay variaci\u00f3n en pelo y en pendientes ,por lo dem\u00e1s ya depender\u00e1 mucho de gustos y de lo que se quiera o pueda hacer. Tambi\u00e9n influye mucho como hemos dicho anteriormente lo sencillo que queramos o no el traje.<\/li>\n<li>\u00a0 Hay que tener en cuenta y muy en cuenta el lugar en el que se celebra y se vive y la <strong>climatolog\u00eda<\/strong> que habr\u00e1 en la fecha en la que se celebre. La fecha como se sabr\u00e1 antes y el lugar de celebraci\u00f3n tambi\u00e9n, siempre hay que tratar que a pesar de todo sea lo m\u00e1s c\u00f3modo para todos y no se pase ni calor ni fr\u00edo innecesario, adem\u00e1s de poder disfrutar de ese d\u00eda con los dem\u00e1s ni\u00f1os a la hora de celebrarlo. De ah\u00ed escoger camisa de manga corta o manga larga, corbata o no, llevar chaqueta de punto aparte que conjunte con el traje.<\/li>\n<\/ol>\n<\/blockquote-content><\/div>\n<div align=\"center\"><!-- Doncomos Belleza 336 x 280 -->\n                                <ins class=\"adsbygoogle\"\n                                     style=\"display:inline-block;width:336px;height:280px\"\n                                     data-ad-client=\"ca-pub-7889333885495326\"\n                                     data-ad-slot=\"1602990296\"><\/ins>\n                                <script>\n                                (adsbygoogle = window.adsbygoogle || []).push({});\n                                <\/script><\/div><div class='single-functions-div-instrucciones2'><h2 class='h2-title-single'><span id=\"Que_necesitas_para_vestir_a_un_nino_de_primera_comunion\">\u00bfQue necesitas para  vestir a un ni\u00f1o de primera comuni\u00f3n?<\/span><\/h2><blockquote-content><ul>\n<li class='single-functions-li-instrucciones'><input class='single-functions-instrucciones' type='checkbox'> Un traje.<\/li>\n<li class='single-functions-li-instrucciones'><input class='single-functions-instrucciones' type='checkbox'> Unos zapatos.<\/li>\n<li class='single-functions-li-instrucciones'><input class='single-functions-instrucciones' type='checkbox'> Complementos.<\/li>\n<\/ul>\n<\/blockquote-content><\/div>\n<div align=\"center\"><!-- Doncomos Belleza 336 x 280 -->\n                                <ins class=\"adsbygoogle\"\n                                     style=\"display:inline-block;width:336px;height:280px\"\n                                     data-ad-client=\"ca-pub-7889333885495326\"\n                                     data-ad-slot=\"1602990296\"><\/ins>\n                                <script>\n                                (adsbygoogle = window.adsbygoogle || []).push({});\n                                <\/script><\/div><div class='single-functions-consejos'><h2 class='h2-title-single'><span id=\"Consejos_para_vestir_a_un_nino_de_primera_comunion\">Consejos para  vestir a un ni\u00f1o de primera comuni\u00f3n<\/span><\/h2><blockquote-content><ol>\n<li>Tener en cuenta las <strong>tendencias del momento<\/strong>, as\u00ed que en la tienda podemos preguntar qu\u00e9 se lleva m\u00e1s o menos y ya a partir de ah\u00ed elegir.<\/li>\n<li>Usar Internet y mirar diversos estilos y tiendas e ir a probarse trajes, ya que a veces un mismo estilo est\u00e1 en diversas tiendas y superficies igual, pero a un precio muy diferente.<\/li>\n<li>Aprovecharse de las rebajas si miramos por nuestra econom\u00eda.<\/li>\n<li>Tener en cuenta que podemos alquilarlo, es s\u00f3lo un d\u00eda. Pero habr\u00e1 que tener especial cuidado.<\/li>\n<\/ol>\n<\/blockquote-content><\/div>\n<div class='single-functions-video' itemprop='video' itemscope itemtype='http:\/\/schema.org\/VideoObject'><h2 itemprop='name' class='h2-title-single'><span id=\"Video\">Video<\/span><\/h2>\n                        <meta itemprop=\"uploadDate\" content=\"2015-08-10T14:01:37+01:00\" \/>    \n                        <meta itemprop=\"description\" content=\"\u00a0 La primera comuni\u00f3n es un evento especial en la vida de los ni\u00f1os. Pero est\u00e1 claro que no es igual para los ni\u00f1os como para las ni\u00f1as, por lo menos en su generalidad. Las ni\u00f1as lo ven de forma [&hellip;]\" \/>                           \n                        <div align=\"center\">\n                        <meta itemprop=\"thumbnailUrl\" content=\"http:\/\/www.youtube.com\/embed\/u0USQhSDAhc\/default.jpg\" \/>\n                        <iframe loading=\"lazy\" itemprop=\"contenturl\" width=\"560\" height=\"315\" src=\"\/\/www.youtube.com\/embed\/u0USQhSDAhc\" frameborder=\"0\" allowfullscreen><\/iframe>\n                        <\/div>\n                        <div class=\"single-functions-video-div1\">\n                            <div class=\"single-functions-video-div2\">Si te gustan nuestros v\u00eddeos s\u00edguenos<\/div>\n                            <div class=\"single-functions-video-div2 g-ytsubscribe\" data-channel=\"comosvideos\" data-layout=\"default\" data-count=\"default\"><\/div>  \n                        <\/div>\n","protected":false},"excerpt":{"rendered":"<p>\u00a0 La primera comuni\u00f3n es un evento especial en la vida de los ni\u00f1os. Pero est\u00e1 claro que no es igual para los ni\u00f1os como para las ni\u00f1as, por lo menos en su generalidad. Las ni\u00f1as lo ven de forma [&hellip;]<\/p>\n","protected":false},"author":16,"featured_media":5265,"comment_status":"open","ping_status":"closed","sticky":false,"template":"","format":"standard","meta":{"footnotes":""},"categories":[223],"tags":[],"class_list":["post-5263","post","type-post","status-publish","format-standard","has-post-thumbnail","hentry","category-ropa","idioma-enviado-en"],"acf":[],"yoast_head":"<!-- This site is optimized with the Yoast SEO plugin v19.6 - https:\/\/yoast.com\/wordpress\/plugins\/seo\/ -->\n<title>C\u00f3mo vestir a un ni\u00f1o de primera comuni\u00f3n - Belleza Don C\u00f3mos<\/title>\n<meta name=\"description\" content=\"La primera comuni\u00f3n es una ocasi\u00f3n especial para un ni\u00f1o. Aqu\u00ed te mostramos c\u00f3mo vestir a un ni\u00f1o de primera comuni\u00f3n con todo detalle y te dejamos los mejores consejos.\" \/>\n<meta name=\"robots\" content=\"index, follow, max-snippet:-1, max-image-preview:large, max-video-preview:-1\" \/>\n<meta property=\"og:locale\" content=\"es_ES\" \/>\n<meta property=\"og:type\" content=\"article\" \/>\n<meta property=\"og:title\" content=\"C\u00f3mo vestir a un ni\u00f1o de primera comuni\u00f3n - Belleza Don C\u00f3mos\" \/>\n<meta property=\"og:description\" content=\"La primera comuni\u00f3n es una ocasi\u00f3n especial para un ni\u00f1o. Aqu\u00ed te mostramos c\u00f3mo vestir a un ni\u00f1o de primera comuni\u00f3n con todo detalle y te dejamos los mejores consejos.\" \/>\n<meta property=\"og:url\" content=\"https:\/\/doncomos.com\/belleza\/vestir-nino-primera-comunion\" \/>\n<meta property=\"og:site_name\" content=\"Belleza Doncomos.com: Trucos para tener mejor Aspecto\" \/>\n<meta property=\"article:publisher\" content=\"https:\/\/www.facebook.com\/doncomos\" \/>\n<meta property=\"article:author\" content=\"https:\/\/www.facebook.com\/patriciagirol\" \/>\n<meta property=\"article:published_time\" content=\"2015-08-10T12:01:37+00:00\" \/>\n<meta property=\"article:modified_time\" content=\"2016-08-04T15:57:30+00:00\" \/>\n<meta property=\"og:image\" content=\"https:\/\/doncomos.com\/belleza\/wp-content\/uploads\/sites\/5\/2015\/07\/Como-vestir-a-un-ni--o-de-primera-comunion.-569.jpg\" \/>\n\t<meta property=\"og:image:width\" content=\"250\" \/>\n\t<meta property=\"og:image:height\" content=\"280\" \/>\n\t<meta property=\"og:image:type\" content=\"image\/jpeg\" \/>\n<meta name=\"author\" content=\"Patricia\" \/>\n<meta name=\"twitter:card\" content=\"summary\" \/>\n<meta name=\"twitter:creator\" content=\"@PatriGirol\" \/>\n<meta name=\"twitter:site\" content=\"@doncomos\" \/>\n<meta name=\"twitter:label1\" content=\"Escrito por\" \/>\n\t<meta name=\"twitter:data1\" content=\"Patricia\" \/>\n\t<meta name=\"twitter:label2\" content=\"Tiempo de lectura\" \/>\n\t<meta name=\"twitter:data2\" content=\"2 minutos\" \/>\n<script type=\"application\/ld+json\" class=\"yoast-schema-graph\">{\"@context\":\"https:\/\/schema.org\",\"@graph\":[{\"@type\":\"WebPage\",\"@id\":\"https:\/\/doncomos.com\/belleza\/vestir-nino-primera-comunion\",\"url\":\"https:\/\/doncomos.com\/belleza\/vestir-nino-primera-comunion\",\"name\":\"C\u00f3mo vestir a un ni\u00f1o de primera comuni\u00f3n - Belleza Don C\u00f3mos\",\"isPartOf\":{\"@id\":\"https:\/\/doncomos.com\/belleza\/#website\"},\"datePublished\":\"2015-08-10T12:01:37+00:00\",\"dateModified\":\"2016-08-04T15:57:30+00:00\",\"author\":{\"@id\":\"https:\/\/doncomos.com\/belleza\/#\/schema\/person\/2a6f6ce213a304decf941ca7450ebdfc\"},\"description\":\"La primera comuni\u00f3n es una ocasi\u00f3n especial para un ni\u00f1o. Aqu\u00ed te mostramos c\u00f3mo vestir a un ni\u00f1o de primera comuni\u00f3n con todo detalle y te dejamos los mejores consejos.\",\"breadcrumb\":{\"@id\":\"https:\/\/doncomos.com\/belleza\/vestir-nino-primera-comunion#breadcrumb\"},\"inLanguage\":\"es\",\"potentialAction\":[{\"@type\":\"ReadAction\",\"target\":[\"https:\/\/doncomos.com\/belleza\/vestir-nino-primera-comunion\"]}]},{\"@type\":\"BreadcrumbList\",\"@id\":\"https:\/\/doncomos.com\/belleza\/vestir-nino-primera-comunion#breadcrumb\",\"itemListElement\":[{\"@type\":\"ListItem\",\"position\":1,\"name\":\"Home\",\"item\":\"https:\/\/doncomos.com\/belleza\"},{\"@type\":\"ListItem\",\"position\":2,\"name\":\"C\u00f3mo vestir a un ni\u00f1o de primera comuni\u00f3n\"}]},{\"@type\":\"WebSite\",\"@id\":\"https:\/\/doncomos.com\/belleza\/#website\",\"url\":\"https:\/\/doncomos.com\/belleza\/\",\"name\":\"Belleza Doncomos.com: Trucos para tener mejor Aspecto\",\"description\":\"Belleza - Todo lo que necesitas saber para estar guapa. En belleza encuentra trucos para estar guapa\",\"potentialAction\":[{\"@type\":\"SearchAction\",\"target\":{\"@type\":\"EntryPoint\",\"urlTemplate\":\"https:\/\/doncomos.com\/belleza\/?s={search_term_string}\"},\"query-input\":\"required name=search_term_string\"}],\"inLanguage\":\"es\"},{\"@type\":\"Person\",\"@id\":\"https:\/\/doncomos.com\/belleza\/#\/schema\/person\/2a6f6ce213a304decf941ca7450ebdfc\",\"name\":\"Patricia\",\"image\":{\"@type\":\"ImageObject\",\"inLanguage\":\"es\",\"@id\":\"https:\/\/doncomos.com\/belleza\/#\/schema\/person\/image\/\",\"url\":\"https:\/\/secure.gravatar.com\/avatar\/c4a0fb1b98e942c10700092853f57f1c2d279e9a54289e2c31f91db4b30eaaff?s=96&d=mm&r=g\",\"contentUrl\":\"https:\/\/secure.gravatar.com\/avatar\/c4a0fb1b98e942c10700092853f57f1c2d279e9a54289e2c31f91db4b30eaaff?s=96&d=mm&r=g\",\"caption\":\"Patricia\"},\"description\":\"He recorrido toda Espa\u00f1a y aunque me siento andaluza, almeriense de pura cepa, acab\u00e9 en el norte de Espa\u00f1a, s\u00ed se\u00f1or, en Valencia. Diplomada en Magisterio de Educaci\u00f3n Primaria y Licenciada en Psicopedagog\u00eda, que lleva a\u00f1os dedic\u00e1ndose a sus pasiones como son la lectura, escritura, psicolog\u00eda. El mundo de la expresi\u00f3n me enamor\u00f3 y me he dedicado a hacer Proyectos fin de carrera, Auditorias M\u00e9dicas y a no parar de publicar y escribir. Es lo que tiene una pasi\u00f3n, que te empuja y te empuja y saca todo el talento en momentos en los que no sabes ni qui\u00e9n eres. En mis 34 a\u00f1os jam\u00e1s pens\u00e9 amarme tanto a mi misma y es que ese amor es el principio de tu liberaci\u00f3n. Le doy las gracias a doncomos.com por la oportunidad que me est\u00e1n brindando,es un gran placer formar parte de este equipo. Os invito a comenzar el d\u00eda buscando esa filosof\u00eda de vida que yo encontr\u00e9 hace unos a\u00f1os, el mejor equipaje se lleva dentro. Patri G.\",\"sameAs\":[\"https:\/\/www.facebook.com\/patriciagirol\",\"https:\/\/twitter.com\/PatriGirol\"],\"url\":\"https:\/\/doncomos.com\/belleza\/autor\/patricia\"}]}<\/script>\n<!-- \/ Yoast SEO plugin. -->","yoast_head_json":{"title":"C\u00f3mo vestir a un ni\u00f1o de primera comuni\u00f3n - Belleza Don C\u00f3mos","description":"La primera comuni\u00f3n es una ocasi\u00f3n especial para un ni\u00f1o. Aqu\u00ed te mostramos c\u00f3mo vestir a un ni\u00f1o de primera comuni\u00f3n con todo detalle y te dejamos los mejores consejos.","robots":{"index":"index","follow":"follow","max-snippet":"max-snippet:-1","max-image-preview":"max-image-preview:large","max-video-preview":"max-video-preview:-1"},"og_locale":"es_ES","og_type":"article","og_title":"C\u00f3mo vestir a un ni\u00f1o de primera comuni\u00f3n - Belleza Don C\u00f3mos","og_description":"La primera comuni\u00f3n es una ocasi\u00f3n especial para un ni\u00f1o. Aqu\u00ed te mostramos c\u00f3mo vestir a un ni\u00f1o de primera comuni\u00f3n con todo detalle y te dejamos los mejores consejos.","og_url":"https:\/\/doncomos.com\/belleza\/vestir-nino-primera-comunion","og_site_name":"Belleza Doncomos.com: Trucos para tener mejor Aspecto","article_publisher":"https:\/\/www.facebook.com\/doncomos","article_author":"https:\/\/www.facebook.com\/patriciagirol","article_published_time":"2015-08-10T12:01:37+00:00","article_modified_time":"2016-08-04T15:57:30+00:00","og_image":[{"width":250,"height":280,"url":"https:\/\/doncomos.com\/belleza\/wp-content\/uploads\/sites\/5\/2015\/07\/Como-vestir-a-un-ni--o-de-primera-comunion.-569.jpg","type":"image\/jpeg"}],"author":"Patricia","twitter_card":"summary","twitter_creator":"@PatriGirol","twitter_site":"@doncomos","twitter_misc":{"Escrito por":"Patricia","Tiempo de lectura":"2 minutos"},"schema":{"@context":"https:\/\/schema.org","@graph":[{"@type":"WebPage","@id":"https:\/\/doncomos.com\/belleza\/vestir-nino-primera-comunion","url":"https:\/\/doncomos.com\/belleza\/vestir-nino-primera-comunion","name":"C\u00f3mo vestir a un ni\u00f1o de primera comuni\u00f3n - Belleza Don C\u00f3mos","isPartOf":{"@id":"https:\/\/doncomos.com\/belleza\/#website"},"datePublished":"2015-08-10T12:01:37+00:00","dateModified":"2016-08-04T15:57:30+00:00","author":{"@id":"https:\/\/doncomos.com\/belleza\/#\/schema\/person\/2a6f6ce213a304decf941ca7450ebdfc"},"description":"La primera comuni\u00f3n es una ocasi\u00f3n especial para un ni\u00f1o. Aqu\u00ed te mostramos c\u00f3mo vestir a un ni\u00f1o de primera comuni\u00f3n con todo detalle y te dejamos los mejores consejos.","breadcrumb":{"@id":"https:\/\/doncomos.com\/belleza\/vestir-nino-primera-comunion#breadcrumb"},"inLanguage":"es","potentialAction":[{"@type":"ReadAction","target":["https:\/\/doncomos.com\/belleza\/vestir-nino-primera-comunion"]}]},{"@type":"BreadcrumbList","@id":"https:\/\/doncomos.com\/belleza\/vestir-nino-primera-comunion#breadcrumb","itemListElement":[{"@type":"ListItem","position":1,"name":"Home","item":"https:\/\/doncomos.com\/belleza"},{"@type":"ListItem","position":2,"name":"C\u00f3mo vestir a un ni\u00f1o de primera comuni\u00f3n"}]},{"@type":"WebSite","@id":"https:\/\/doncomos.com\/belleza\/#website","url":"https:\/\/doncomos.com\/belleza\/","name":"Belleza Doncomos.com: Trucos para tener mejor Aspecto","description":"Belleza - Todo lo que necesitas saber para estar guapa. En belleza encuentra trucos para estar guapa","potentialAction":[{"@type":"SearchAction","target":{"@type":"EntryPoint","urlTemplate":"https:\/\/doncomos.com\/belleza\/?s={search_term_string}"},"query-input":"required name=search_term_string"}],"inLanguage":"es"},{"@type":"Person","@id":"https:\/\/doncomos.com\/belleza\/#\/schema\/person\/2a6f6ce213a304decf941ca7450ebdfc","name":"Patricia","image":{"@type":"ImageObject","inLanguage":"es","@id":"https:\/\/doncomos.com\/belleza\/#\/schema\/person\/image\/","url":"https:\/\/secure.gravatar.com\/avatar\/c4a0fb1b98e942c10700092853f57f1c2d279e9a54289e2c31f91db4b30eaaff?s=96&d=mm&r=g","contentUrl":"https:\/\/secure.gravatar.com\/avatar\/c4a0fb1b98e942c10700092853f57f1c2d279e9a54289e2c31f91db4b30eaaff?s=96&d=mm&r=g","caption":"Patricia"},"description":"He recorrido toda Espa\u00f1a y aunque me siento andaluza, almeriense de pura cepa, acab\u00e9 en el norte de Espa\u00f1a, s\u00ed se\u00f1or, en Valencia. Diplomada en Magisterio de Educaci\u00f3n Primaria y Licenciada en Psicopedagog\u00eda, que lleva a\u00f1os dedic\u00e1ndose a sus pasiones como son la lectura, escritura, psicolog\u00eda. El mundo de la expresi\u00f3n me enamor\u00f3 y me he dedicado a hacer Proyectos fin de carrera, Auditorias M\u00e9dicas y a no parar de publicar y escribir. Es lo que tiene una pasi\u00f3n, que te empuja y te empuja y saca todo el talento en momentos en los que no sabes ni qui\u00e9n eres. En mis 34 a\u00f1os jam\u00e1s pens\u00e9 amarme tanto a mi misma y es que ese amor es el principio de tu liberaci\u00f3n. Le doy las gracias a doncomos.com por la oportunidad que me est\u00e1n brindando,es un gran placer formar parte de este equipo. Os invito a comenzar el d\u00eda buscando esa filosof\u00eda de vida que yo encontr\u00e9 hace unos a\u00f1os, el mejor equipaje se lleva dentro. Patri G.","sameAs":["https:\/\/www.facebook.com\/patriciagirol","https:\/\/twitter.com\/PatriGirol"],"url":"https:\/\/doncomos.com\/belleza\/autor\/patricia"}]}},"_links":{"self":[{"href":"https:\/\/doncomos.com\/belleza\/wp-json\/wp\/v2\/posts\/5263","targetHints":{"allow":["GET"]}}],"collection":[{"href":"https:\/\/doncomos.com\/belleza\/wp-json\/wp\/v2\/posts"}],"about":[{"href":"https:\/\/doncomos.com\/belleza\/wp-json\/wp\/v2\/types\/post"}],"author":[{"embeddable":true,"href":"https:\/\/doncomos.com\/belleza\/wp-json\/wp\/v2\/users\/16"}],"replies":[{"embeddable":true,"href":"https:\/\/doncomos.com\/belleza\/wp-json\/wp\/v2\/comments?post=5263"}],"version-history":[{"count":1,"href":"https:\/\/doncomos.com\/belleza\/wp-json\/wp\/v2\/posts\/5263\/revisions"}],"predecessor-version":[{"id":7317,"href":"https:\/\/doncomos.com\/belleza\/wp-json\/wp\/v2\/posts\/5263\/revisions\/7317"}],"wp:featuredmedia":[{"embeddable":true,"href":"https:\/\/doncomos.com\/belleza\/wp-json\/wp\/v2\/media\/5265"}],"wp:attachment":[{"href":"https:\/\/doncomos.com\/belleza\/wp-json\/wp\/v2\/media?parent=5263"}],"wp:term":[{"taxonomy":"category","embeddable":true,"href":"https:\/\/doncomos.com\/belleza\/wp-json\/wp\/v2\/categories?post=5263"},{"taxonomy":"post_tag","embeddable":true,"href":"https:\/\/doncomos.com\/belleza\/wp-json\/wp\/v2\/tags?post=5263"}],"curies":[{"name":"wp","href":"https:\/\/api.w.org\/{rel}","templated":true}]}}