{"id":7442,"date":"2016-11-14T22:09:08","date_gmt":"2016-11-14T21:09:08","guid":{"rendered":"http:\/\/belleza.doncomos.com\/?p=7442"},"modified":"2016-10-31T10:10:21","modified_gmt":"2016-10-31T09:10:21","slug":"como-vestir-de-negro","status":"publish","type":"post","link":"https:\/\/doncomos.com\/belleza\/como-vestir-de-negro","title":{"rendered":"C\u00f3mo vestir de negro"},"content":{"rendered":"<div id=\"toc_container\" class=\"no_bullets\"><p class=\"toc_title\">Contenido del Art&iacute;culo<\/p><ul class=\"toc_list\"><li><a href=\"#Mira_el_estado_de_las_prendas\">Mira el estado de las prendas<\/a><\/li><li><a href=\"#Combinacion_de_las_texturas\">Combinaci\u00f3n de las texturas<\/a><\/li><li><a href=\"#Los_accesorios\">Los accesorios<\/a><\/li><li><a href=\"#El_oro_y_la_plata\">El oro y la plata<\/a><\/li><li><a href=\"#Momento_para_vestir_de_negro\">Momento para vestir de negro<\/a><\/li><li><a href=\"#El_estado_de_tu_animo\">El estado de tu \u00e1nimo<\/a><\/li><li><a href=\"#Notas\">Notas:<\/a><\/li><\/ul><\/div>\n<p>El color negro sin duda es perfecto para la mujer; algunas optan por vestirse con este tono para poder verse elegantes y otras para dar seriedad, seg\u00fan el contexto. En los hombres tambi\u00e9n se ve genial; contin\u00faa leyendo <strong>c\u00f3mo<\/strong> <strong>vestir de negro.<\/strong><\/p>\n<p>Hay encuestas que indican que quienes visten este color, los dem\u00e1s las perciben como fiables serias y seguras.<\/p>\n<p>Con el negro nos podemos ver misteriosos, cl\u00e1sicos y hasta rebeldes, seg\u00fan la forma como lo llevemos.<\/p>\n<p>El negro es un color que debemos tener en nuestro armario, pues es el que combina con la mayor\u00eda de los colores; lo que nos permitir\u00e1 tener muchas opciones a la hora de hacer alg\u00fan atuendo.<\/p>\n<p>No podemos decir cu\u00e1l es la manera correcta para vestirse de negro, pero s\u00ed podemos darte algunos consejos para que armes tus atuendos.<\/p>\n<p>Tambi\u00e9n hay estudios que dicen que el color negro est\u00e1 encima de la lista de favoritos y hace ver m\u00e1s atractivas a las personas, independientemente de su g\u00e9nero, puesto que este color inspira confianza.<br \/>\n<img loading=\"lazy\" decoding=\"async\" class=\"alignnone wp-image-7444\" src=\"http:\/\/doncomos.com\/belleza\/wp-content\/uploads\/sites\/5\/2016\/08\/C\u00f3mo-vestir-de-negro-552.jpg\" alt=\"C\u00f3mo vestir de negro\" width=\"640\" height=\"469\" srcset=\"https:\/\/doncomos.com\/belleza\/wp-content\/uploads\/sites\/5\/2016\/08\/C\u00f3mo-vestir-de-negro-552.jpg 960w, https:\/\/doncomos.com\/belleza\/wp-content\/uploads\/sites\/5\/2016\/08\/C\u00f3mo-vestir-de-negro-552-300x220.jpg 300w, https:\/\/doncomos.com\/belleza\/wp-content\/uploads\/sites\/5\/2016\/08\/C\u00f3mo-vestir-de-negro-552-768x563.jpg 768w, https:\/\/doncomos.com\/belleza\/wp-content\/uploads\/sites\/5\/2016\/08\/C\u00f3mo-vestir-de-negro-552-270x198.jpg 270w\" sizes=\"auto, (max-width: 640px) 100vw, 640px\" \/><\/p>\n<h2><span id=\"Mira_el_estado_de_las_prendas\"><strong>Mira el estado de las prendas<\/strong><\/span><\/h2>\n<p>Si bien el negro es un excelente color, cuando comienza a <strong>envejecer el vestuario<\/strong> que tenga este tono, no se ve bien, as\u00ed que mira muy bien cu\u00e1l es el estado que tiene la prenda. La ropa negra deste\u00f1ida no lucir\u00e1 bien y\u00a0 la suciedad en ellas es incluso hasta m\u00e1s visible que en el propio blanco.<\/p>\n<h2><span id=\"Combinacion_de_las_texturas\"><strong>Combinaci\u00f3n de las texturas<\/strong><\/span><\/h2>\n<p>Cuando te vistas de negro no lleves puesto prendas con<strong> telas de textura similar;<\/strong> ponte por ejemplo una falda de cuero con una camisa hecha en seda; tambi\u00e9n es bueno que utilices diferentes tonos de negro; haciendo estas combinaciones lograr\u00e1s que tu estilo no se vea aburrido y mucho menos l\u00fagubre.<\/p>\n<h2><span id=\"Los_accesorios\"><strong>Los accesorios<\/strong><\/span><\/h2>\n<p>Lo ideal es que los complementos que utilices como accesorios tengan un color para as\u00ed <strong>llamar m\u00e1s la atenci\u00f3n<\/strong>; ponte unos zapatos o un cintur\u00f3n rojo, busca tambi\u00e9n que tanto tus pendientes y tus colgantes sean de colores, lo mismo que el bolso; tambi\u00e9n puedes optar por una bufanda de color si ves una bonita forma de acomod\u00e1rtela. El fucsia y el color verde tambi\u00e9n combinan muy bien con el negro.<\/p>\n<p>Son toques que son muy sencillos y que le pueden dar un estilo m\u00e1s alegre a tu forma de vestir; tambi\u00e9n le estar\u00e1s poniendo tu toque personal mostrando un diferente aspecto.<\/p>\n<h2><span id=\"El_oro_y_la_plata\"><strong>El oro y la plata<\/strong><\/span><\/h2>\n<p>Lo m\u00e1s ideal para los collares, <strong>colgantes, brazaletes<\/strong> y pendientes es que sean en metal, ya sea de plata u oro, pues es una combinaci\u00f3n perfecta que dar\u00e1n mucho glamur y elegancia.<\/p>\n<h2><span id=\"Momento_para_vestir_de_negro\"><strong>Momento para vestir de negro<\/strong><\/span><\/h2>\n<p>Si bien es cierto que el color negro sale en <strong>cualquier momento<\/strong>, habr\u00e1 ocasiones en que es m\u00e1s apropiado lucir de esta manera; es mejor vestirlo en la noche en vez de en el d\u00eda y si de estaciones se trata, ser\u00e1 mejor en invierno o en oto\u00f1o que en verano.<\/p>\n<p>Como ropa informal estar\u00e1 bien durante el d\u00eda, pero ev\u00edtalo en una reuni\u00f3n que sea en el d\u00eda, es mejor dejar esto para momentos en que debas lucir sofisticado, imponente y por supuesto elegante.<\/p>\n<h2><span id=\"El_estado_de_tu_animo\"><strong>El estado de tu \u00e1nimo<\/strong><\/span><\/h2>\n<p>Lo colores tienen significados y tambi\u00e9n influyen bastante en el <strong>humor que podamos tener<\/strong>, en nuestra manera de afrontar los acontecimientos y en nuestros sentimientos; as\u00ed que si est\u00e1s en aquellos d\u00edas que podr\u00edas llamar precisamente negros, donde no te sientes bien, si no pasas por tu mejor momento, tal vez lo ideal no sea vestir de negro, busca algo que te d\u00e9 m\u00e1s vitalidad y energ\u00eda; eso s\u00ed, deben ser colores que te luzcan.<\/p>\n<p>El maquillaje<\/p>\n<p>Este, as\u00ed como los accesorios y complementos es un recurso ideal para que no luzcas como si <strong>fueras para un entierro<\/strong>; \u00e9chate una base, un poco de rubor y un lindo pintalabios (labial) y ver\u00e1s que le dar\u00e1s el toque especial.<\/p>\n<p>Gafas de sol<\/p>\n<p>Combinan bien con el negro y se pueden llevar, s\u00f3lo que si <strong>luces de negro<\/strong> y con estas gafas, proyectar\u00e1s algo as\u00ed como un aire totalmente teatral.<\/p>\n<p>Resaltar algo<\/p>\n<p>Si luces totalmente de negro te conviertes en un lienzo que <strong>har\u00e1 resaltar algo que quieras<\/strong>, ya sea una linda corbata, un costoso reloj o unos finos zapatos.<\/p>\n<h2><span id=\"Notas\"><strong>Notas:<\/strong><\/span><\/h2>\n<ul>\n<li>Si tienes mascotas debes tener mucho cuidado porque los pelos de las mismas ser\u00e1n muy notorios.<\/li>\n<li>Evita usar colores neones.<\/li>\n<li>Recuerda que el negro es un color que absorbe mucho la luz, as\u00ed que si te pones prendas de este color cuando afuera hace mucho calor, te lamentar\u00e1s, te sentir\u00e1s extremadamente caliente.<\/li>\n<li>Si vas a usar el negro como maquillaje debes hacerlo moderadamente, pues si abusas de \u00e9ste podr\u00edas lucir como un \u201cemo\u201d o como una persona g\u00f3tica seg\u00fan tu estilo; estas \u00faltimas son apariencias buscadas y no algo que queramos reflejar sin nosotros saberlo.<br \/>\n<img loading=\"lazy\" decoding=\"async\" class=\"alignnone size-full wp-image-7445\" src=\"http:\/\/doncomos.com\/belleza\/wp-content\/uploads\/sites\/5\/2016\/08\/C\u00f3mo-vestir-de-negro-221.jpg\" alt=\"C\u00f3mo vestir de negro\" width=\"275\" height=\"183\" srcset=\"https:\/\/doncomos.com\/belleza\/wp-content\/uploads\/sites\/5\/2016\/08\/C\u00f3mo-vestir-de-negro-221.jpg 275w, https:\/\/doncomos.com\/belleza\/wp-content\/uploads\/sites\/5\/2016\/08\/C\u00f3mo-vestir-de-negro-221-270x180.jpg 270w\" sizes=\"auto, (max-width: 275px) 100vw, 275px\" \/><\/li>\n<\/ul>\n","protected":false},"excerpt":{"rendered":"<p>Contenido del Art&iacute;culoMira el estado de las prendasCombinaci\u00f3n de las texturasLos accesoriosEl oro y la plataMomento para vestir de negroEl estado de tu \u00e1nimoNotas: El color negro sin duda es perfecto para la mujer; algunas optan por vestirse con este [&hellip;]<\/p>\n","protected":false},"author":19,"featured_media":7443,"comment_status":"open","ping_status":"closed","sticky":false,"template":"","format":"standard","meta":{"footnotes":""},"categories":[1411],"tags":[],"class_list":["post-7442","post","type-post","status-publish","format-standard","has-post-thumbnail","hentry","category-moda-y-estilo"],"acf":[],"yoast_head":"<!-- This site is optimized with the Yoast SEO plugin v19.6 - https:\/\/yoast.com\/wordpress\/plugins\/seo\/ -->\n<title>C\u00f3mo vestir de negro - Belleza Don C\u00f3mos<\/title>\n<meta name=\"description\" content=\"Si quieres saber c\u00f3mo vestir de negro en doncomos traemos algunos consejos que ser\u00e1n de utilidad para ti, te invitamos a que leas.\" \/>\n<meta name=\"robots\" content=\"index, follow, max-snippet:-1, max-image-preview:large, max-video-preview:-1\" \/>\n<meta property=\"og:locale\" content=\"es_ES\" \/>\n<meta property=\"og:type\" content=\"article\" \/>\n<meta property=\"og:title\" content=\"C\u00f3mo vestir de negro - Belleza Don C\u00f3mos\" \/>\n<meta property=\"og:description\" content=\"Si quieres saber c\u00f3mo vestir de negro en doncomos traemos algunos consejos que ser\u00e1n de utilidad para ti, te invitamos a que leas.\" \/>\n<meta property=\"og:url\" content=\"https:\/\/doncomos.com\/belleza\/como-vestir-de-negro\" \/>\n<meta property=\"og:site_name\" content=\"Belleza Doncomos.com: Trucos para tener mejor Aspecto\" \/>\n<meta property=\"article:publisher\" content=\"https:\/\/www.facebook.com\/doncomos\" \/>\n<meta property=\"article:published_time\" content=\"2016-11-14T21:09:08+00:00\" \/>\n<meta property=\"article:modified_time\" content=\"2016-10-31T09:10:21+00:00\" \/>\n<meta property=\"og:image\" content=\"https:\/\/doncomos.com\/belleza\/wp-content\/uploads\/sites\/5\/2016\/08\/C\u00f3mo-vestir-de-negro-388.jpg\" \/>\n\t<meta property=\"og:image:width\" content=\"200\" \/>\n\t<meta property=\"og:image:height\" content=\"374\" \/>\n\t<meta property=\"og:image:type\" content=\"image\/jpeg\" \/>\n<meta name=\"author\" content=\"Diana\" \/>\n<meta name=\"twitter:card\" content=\"summary\" \/>\n<meta name=\"twitter:creator\" content=\"@doncomos\" \/>\n<meta name=\"twitter:site\" content=\"@doncomos\" \/>\n<meta name=\"twitter:label1\" content=\"Escrito por\" \/>\n\t<meta name=\"twitter:data1\" content=\"Diana\" \/>\n\t<meta name=\"twitter:label2\" content=\"Tiempo de lectura\" \/>\n\t<meta name=\"twitter:data2\" content=\"4 minutos\" \/>\n<script type=\"application\/ld+json\" class=\"yoast-schema-graph\">{\"@context\":\"https:\/\/schema.org\",\"@graph\":[{\"@type\":\"WebPage\",\"@id\":\"https:\/\/doncomos.com\/belleza\/como-vestir-de-negro\",\"url\":\"https:\/\/doncomos.com\/belleza\/como-vestir-de-negro\",\"name\":\"C\u00f3mo vestir de negro - Belleza Don C\u00f3mos\",\"isPartOf\":{\"@id\":\"https:\/\/doncomos.com\/belleza\/#website\"},\"datePublished\":\"2016-11-14T21:09:08+00:00\",\"dateModified\":\"2016-10-31T09:10:21+00:00\",\"author\":{\"@id\":\"https:\/\/doncomos.com\/belleza\/#\/schema\/person\/a34a4de2b5aedd908f823ffe39e4efcf\"},\"description\":\"Si quieres saber c\u00f3mo vestir de negro en doncomos traemos algunos consejos que ser\u00e1n de utilidad para ti, te invitamos a que leas.\",\"breadcrumb\":{\"@id\":\"https:\/\/doncomos.com\/belleza\/como-vestir-de-negro#breadcrumb\"},\"inLanguage\":\"es\",\"potentialAction\":[{\"@type\":\"ReadAction\",\"target\":[\"https:\/\/doncomos.com\/belleza\/como-vestir-de-negro\"]}]},{\"@type\":\"BreadcrumbList\",\"@id\":\"https:\/\/doncomos.com\/belleza\/como-vestir-de-negro#breadcrumb\",\"itemListElement\":[{\"@type\":\"ListItem\",\"position\":1,\"name\":\"Home\",\"item\":\"https:\/\/doncomos.com\/belleza\"},{\"@type\":\"ListItem\",\"position\":2,\"name\":\"C\u00f3mo vestir de negro\"}]},{\"@type\":\"WebSite\",\"@id\":\"https:\/\/doncomos.com\/belleza\/#website\",\"url\":\"https:\/\/doncomos.com\/belleza\/\",\"name\":\"Belleza Doncomos.com: Trucos para tener mejor Aspecto\",\"description\":\"Belleza - Todo lo que necesitas saber para estar guapa. En belleza encuentra trucos para estar guapa\",\"potentialAction\":[{\"@type\":\"SearchAction\",\"target\":{\"@type\":\"EntryPoint\",\"urlTemplate\":\"https:\/\/doncomos.com\/belleza\/?s={search_term_string}\"},\"query-input\":\"required name=search_term_string\"}],\"inLanguage\":\"es\"},{\"@type\":\"Person\",\"@id\":\"https:\/\/doncomos.com\/belleza\/#\/schema\/person\/a34a4de2b5aedd908f823ffe39e4efcf\",\"name\":\"Diana\",\"image\":{\"@type\":\"ImageObject\",\"inLanguage\":\"es\",\"@id\":\"https:\/\/doncomos.com\/belleza\/#\/schema\/person\/image\/\",\"url\":\"https:\/\/secure.gravatar.com\/avatar\/b69d14d6884f996a748429593109400088e9d738a099e3e20c89f58013ab5b37?s=96&d=mm&r=g\",\"contentUrl\":\"https:\/\/secure.gravatar.com\/avatar\/b69d14d6884f996a748429593109400088e9d738a099e3e20c89f58013ab5b37?s=96&d=mm&r=g\",\"caption\":\"Diana\"},\"url\":\"https:\/\/doncomos.com\/belleza\/autor\/diana\"}]}<\/script>\n<!-- \/ Yoast SEO plugin. -->","yoast_head_json":{"title":"C\u00f3mo vestir de negro - Belleza Don C\u00f3mos","description":"Si quieres saber c\u00f3mo vestir de negro en doncomos traemos algunos consejos que ser\u00e1n de utilidad para ti, te invitamos a que leas.","robots":{"index":"index","follow":"follow","max-snippet":"max-snippet:-1","max-image-preview":"max-image-preview:large","max-video-preview":"max-video-preview:-1"},"og_locale":"es_ES","og_type":"article","og_title":"C\u00f3mo vestir de negro - Belleza Don C\u00f3mos","og_description":"Si quieres saber c\u00f3mo vestir de negro en doncomos traemos algunos consejos que ser\u00e1n de utilidad para ti, te invitamos a que leas.","og_url":"https:\/\/doncomos.com\/belleza\/como-vestir-de-negro","og_site_name":"Belleza Doncomos.com: Trucos para tener mejor Aspecto","article_publisher":"https:\/\/www.facebook.com\/doncomos","article_published_time":"2016-11-14T21:09:08+00:00","article_modified_time":"2016-10-31T09:10:21+00:00","og_image":[{"width":200,"height":374,"url":"https:\/\/doncomos.com\/belleza\/wp-content\/uploads\/sites\/5\/2016\/08\/C\u00f3mo-vestir-de-negro-388.jpg","type":"image\/jpeg"}],"author":"Diana","twitter_card":"summary","twitter_creator":"@doncomos","twitter_site":"@doncomos","twitter_misc":{"Escrito por":"Diana","Tiempo de lectura":"4 minutos"},"schema":{"@context":"https:\/\/schema.org","@graph":[{"@type":"WebPage","@id":"https:\/\/doncomos.com\/belleza\/como-vestir-de-negro","url":"https:\/\/doncomos.com\/belleza\/como-vestir-de-negro","name":"C\u00f3mo vestir de negro - Belleza Don C\u00f3mos","isPartOf":{"@id":"https:\/\/doncomos.com\/belleza\/#website"},"datePublished":"2016-11-14T21:09:08+00:00","dateModified":"2016-10-31T09:10:21+00:00","author":{"@id":"https:\/\/doncomos.com\/belleza\/#\/schema\/person\/a34a4de2b5aedd908f823ffe39e4efcf"},"description":"Si quieres saber c\u00f3mo vestir de negro en doncomos traemos algunos consejos que ser\u00e1n de utilidad para ti, te invitamos a que leas.","breadcrumb":{"@id":"https:\/\/doncomos.com\/belleza\/como-vestir-de-negro#breadcrumb"},"inLanguage":"es","potentialAction":[{"@type":"ReadAction","target":["https:\/\/doncomos.com\/belleza\/como-vestir-de-negro"]}]},{"@type":"BreadcrumbList","@id":"https:\/\/doncomos.com\/belleza\/como-vestir-de-negro#breadcrumb","itemListElement":[{"@type":"ListItem","position":1,"name":"Home","item":"https:\/\/doncomos.com\/belleza"},{"@type":"ListItem","position":2,"name":"C\u00f3mo vestir de negro"}]},{"@type":"WebSite","@id":"https:\/\/doncomos.com\/belleza\/#website","url":"https:\/\/doncomos.com\/belleza\/","name":"Belleza Doncomos.com: Trucos para tener mejor Aspecto","description":"Belleza - Todo lo que necesitas saber para estar guapa. En belleza encuentra trucos para estar guapa","potentialAction":[{"@type":"SearchAction","target":{"@type":"EntryPoint","urlTemplate":"https:\/\/doncomos.com\/belleza\/?s={search_term_string}"},"query-input":"required name=search_term_string"}],"inLanguage":"es"},{"@type":"Person","@id":"https:\/\/doncomos.com\/belleza\/#\/schema\/person\/a34a4de2b5aedd908f823ffe39e4efcf","name":"Diana","image":{"@type":"ImageObject","inLanguage":"es","@id":"https:\/\/doncomos.com\/belleza\/#\/schema\/person\/image\/","url":"https:\/\/secure.gravatar.com\/avatar\/b69d14d6884f996a748429593109400088e9d738a099e3e20c89f58013ab5b37?s=96&d=mm&r=g","contentUrl":"https:\/\/secure.gravatar.com\/avatar\/b69d14d6884f996a748429593109400088e9d738a099e3e20c89f58013ab5b37?s=96&d=mm&r=g","caption":"Diana"},"url":"https:\/\/doncomos.com\/belleza\/autor\/diana"}]}},"_links":{"self":[{"href":"https:\/\/doncomos.com\/belleza\/wp-json\/wp\/v2\/posts\/7442","targetHints":{"allow":["GET"]}}],"collection":[{"href":"https:\/\/doncomos.com\/belleza\/wp-json\/wp\/v2\/posts"}],"about":[{"href":"https:\/\/doncomos.com\/belleza\/wp-json\/wp\/v2\/types\/post"}],"author":[{"embeddable":true,"href":"https:\/\/doncomos.com\/belleza\/wp-json\/wp\/v2\/users\/19"}],"replies":[{"embeddable":true,"href":"https:\/\/doncomos.com\/belleza\/wp-json\/wp\/v2\/comments?post=7442"}],"version-history":[{"count":1,"href":"https:\/\/doncomos.com\/belleza\/wp-json\/wp\/v2\/posts\/7442\/revisions"}],"predecessor-version":[{"id":7547,"href":"https:\/\/doncomos.com\/belleza\/wp-json\/wp\/v2\/posts\/7442\/revisions\/7547"}],"wp:featuredmedia":[{"embeddable":true,"href":"https:\/\/doncomos.com\/belleza\/wp-json\/wp\/v2\/media\/7443"}],"wp:attachment":[{"href":"https:\/\/doncomos.com\/belleza\/wp-json\/wp\/v2\/media?parent=7442"}],"wp:term":[{"taxonomy":"category","embeddable":true,"href":"https:\/\/doncomos.com\/belleza\/wp-json\/wp\/v2\/categories?post=7442"},{"taxonomy":"post_tag","embeddable":true,"href":"https:\/\/doncomos.com\/belleza\/wp-json\/wp\/v2\/tags?post=7442"}],"curies":[{"name":"wp","href":"https:\/\/api.w.org\/{rel}","templated":true}]}}