{"id":8730,"date":"2018-03-14T17:48:41","date_gmt":"2018-03-14T16:48:41","guid":{"rendered":"http:\/\/belleza.doncomos.com\/?p=8730"},"modified":"2022-08-29T08:46:18","modified_gmt":"2022-08-29T07:46:18","slug":"quitar-los-granos","status":"publish","type":"post","link":"https:\/\/doncomos.com\/belleza\/quitar-los-granos","title":{"rendered":"C\u00f3mo quitar los granos"},"content":{"rendered":"<p>Los granos y el acn\u00e9 es un fen\u00f3meno hormonal que viven las personas cuando inician el per\u00edodo de pubertad. Es de lo m\u00e1s habitual que aparezcan <strong>granos de acn\u00e9 en el rostro, y en las diferentes partes del cuerpo<\/strong>, durante el tiempo en el que se experimentan todos estos cambios en el cuerpo. Sin embargo, no a todo el mundo le afectan de la misma manera.<\/p>\n<h2>\u00bfQue son los granos y el acn\u00e9?<\/h2>\n<p>Los estudios sit\u00faan que 8 de cada 10 adolescentes sufren el problema del acn\u00e9 y los granos en su rostro, adem\u00e1s de algunos adultos aunque la proporci\u00f3n es mucho m\u00e1s baja en estos casos. Las partes \u00edntimas como <a href=\"https:\/\/doncomos.com\/relaciones\/granos-pene-pueden-salen\"><strong>el pen\u00e9 tampoco est\u00e1n exentas<\/strong><\/a>. El acn\u00e9 es algo tan frecuente que se considera <strong>algo intr\u00ednseco del per\u00edodo de pubertad que viven todas las personas<\/strong>, cuando empiezan a experimentar aquellos cambios que le llevar\u00e1n de la ni\u00f1ez hasta la vida adulta. Sin embargo, esta explicaci\u00f3n no es muy reconfortable cuando te levantas te miras al espejo y ves un enorme grano en el medio de tu cara. El acn\u00e9 es un problema de la piel que aparece en diferentes formas como espinillas, o tambi\u00e9n pueden aparecer como un grano o un quiste, entre otros. Es algo gen\u00e9tico y si los padres te comentan que sufrieron acn\u00e9, tendr\u00e1s m\u00e1s opciones de desarrollarlo durante tu momento de la pubertad. Sin embargo, <strong>no es motivo para preocuparse<\/strong> ya que en la mayor\u00eda de casos, los granos acaban desapareciendo cuando finaliza el per\u00edodo adolescente.<\/p>\n<p><img loading=\"lazy\" decoding=\"async\" class=\"alignnone size-full wp-image-8734\" src=\"https:\/\/doncomos.com\/belleza\/wp-content\/uploads\/sites\/5\/2018\/02\/C\u00f3mo-quitar-los-granos-626.jpg\" alt=\"\" width=\"640\" height=\"426\" srcset=\"https:\/\/doncomos.com\/belleza\/wp-content\/uploads\/sites\/5\/2018\/02\/C\u00f3mo-quitar-los-granos-626.jpg 640w, https:\/\/doncomos.com\/belleza\/wp-content\/uploads\/sites\/5\/2018\/02\/C\u00f3mo-quitar-los-granos-626-300x200.jpg 300w, https:\/\/doncomos.com\/belleza\/wp-content\/uploads\/sites\/5\/2018\/02\/C\u00f3mo-quitar-los-granos-626-270x180.jpg 270w\" sizes=\"auto, (max-width: 640px) 100vw, 640px\" \/><\/p>\n<p>El tipo de acn\u00e9 m\u00e1s frecuente entre los adolescente se conoce cient\u00edficamente como \u00abacn\u00e9 vulgaris\u00bb, y aunque pueda estar relacionado con vulgar por parecido etimol\u00f3gico, la realidad es que significa que este es m\u00e1s frecuente y m\u00e1s f\u00e1cil que pueda acabar apareciendo. Las partes del cuerpo donde se suele encontrar con m\u00e1s facilidad es la cara, el cuello, los hombros, la parte superior de la espalda junto con el pecho. Los fol\u00edculos capilares de la piel cuentan con gl\u00e1ndulas seb\u00e1ceas, que contienen sebo (la grasa que se encarga de lubricar el pelo y la piel). Durante gran parte de la vida,<strong> dichas gl\u00e1ndulas crean la cantidad adecuada de sebo<\/strong>. Sin embargo, cuando se acerca el per\u00edodo de madurez, las gl\u00e1ndulas seb\u00e1ceas empiezan a fabricar una mayor cantidad de sebo y \u00e9stas se pueden volver hiperactivas. Si existe un exceso de sebo, y demasiado c\u00e9lulas d\u00e9rmicas muertas, los poros se pueden llegar a obstruir. Si esto ocurre, las bacterias pueden llegar a quedar atrapadas e iniciar el per\u00edodo de reproducci\u00f3n dentro de los propios poros. La piel se empieza a <strong>hinchar y enrojecer y aparece lo que se conoce como acn\u00e9<\/strong>. Granos y puntos blancos.<\/p>\n<p>Si el poro se obstruye pero se mantiene en la superficie se conoce como punto blanco. En cambio, si un poro se obstruye pero<strong> se mantiene abierto y la capa superior tiene la posibilidad de oscurecerse<\/strong> se conoce como punto negro o espinilla. Finalmente, la pared del poro se abre permitiendo que el sebo, las c\u00e9lulas de piel muertas y las bacter\u00edas se puedan abrir paso bajo la piel y formen los conocidos granos rojos. En algunos casos, <strong>los granos tienen la punta llena de pus,<\/strong> debido a la forma en que reacciona el cuerpo ante la infecci\u00f3n bacteriosa. Aunque es menos probable, tambi\u00e9n podemos encontrarnos con n\u00f3dulos, que son bultos de mayor tama\u00f1o infectados en forma de quiste y que pueden llegar a provocar dolor. Incluso, los quistes de mayor tama\u00f1o que pueden parecerse al acn\u00e9 pueden acabar siendo diagnosticados como<strong> for\u00fanculos provocados por infecciones de estafilococos<\/strong>.<\/p>\n<h2>Beneficios de quitar los granos<\/h2>\n<p>Con todo, eliminar los granos de cualquier tipo de todas las partes del cuerpo llevar\u00e1 a enormes beneficios para nuestra satisfacci\u00f3n personal. Los m\u00e1s destacados son los siguientes:<\/p>\n<ul>\n<li><strong>Mayor higiene en la cara.<\/strong> Obviamente, el acn\u00e9 en la cara no da otra sensaci\u00f3n que de suciedad y de falta de higiene, aunque podamos ir lo mejor aseados posibles. Eliminar los posibles puntos negros que puedan aparecer nos permitir\u00e1 dar una imagen de mayor higiene.<\/li>\n<li><strong>Contar con una mejor autoestima.<\/strong> Obviamente, muchos adolescentes se pueden sentir inseguros por los granos que tengan en la cara. Por tanto, la \u00fanica soluci\u00f3n para subir la moral y su autoestima es eliminarlos de forma definitiva.<\/li>\n<li><strong>Evitar que deje marcas para el futuro.<\/strong> Tratar correctamente los granos tambi\u00e9n nos permitir\u00e1 evitar dejar cualquier tipo de marca en el rostro y evitar que se puedan volver a reproducir en el corto plazo. Es necesario invertir en buenos productos.<\/li>\n<li><strong>Aprender procesos para el futuro.<\/strong> Los granos son el principio, pero en un futuro aparecer\u00e1n otros problemas de belleza que deberemos saber solucionar. Algunos de los m\u00e1s destacados son la p\u00e9rdida del cabello, las canas o las arrugas, entre otros.<\/li>\n<\/ul>\n<p><img loading=\"lazy\" decoding=\"async\" class=\"alignnone size-full wp-image-8735\" src=\"https:\/\/doncomos.com\/belleza\/wp-content\/uploads\/sites\/5\/2018\/02\/C\u00f3mo-quitar-los-granos-891.jpg\" alt=\"\" width=\"640\" height=\"480\" srcset=\"https:\/\/doncomos.com\/belleza\/wp-content\/uploads\/sites\/5\/2018\/02\/C\u00f3mo-quitar-los-granos-891.jpg 640w, https:\/\/doncomos.com\/belleza\/wp-content\/uploads\/sites\/5\/2018\/02\/C\u00f3mo-quitar-los-granos-891-300x225.jpg 300w, https:\/\/doncomos.com\/belleza\/wp-content\/uploads\/sites\/5\/2018\/02\/C\u00f3mo-quitar-los-granos-891-267x200.jpg 267w\" sizes=\"auto, (max-width: 640px) 100vw, 640px\" \/><\/p>\n<p>Solucionar todos los problemas relacionados con el acn\u00e9 pueden llevarse a cabo poni\u00e9ndose en manos de profesionales, utilizando productos naturales o bien aprendiendo a realizar cualquier <strong>tipo de remedio casero que se pueda elaborar en nuestro hogar.\u00a0<\/strong>Evitar productos como el<strong> chocolate<\/strong> tambi\u00e9n ayudar\u00e1.<\/p>\n<h2>C\u00f3mo quitar los granos<\/h2>\n<p>Los granos es algo que todos tenemos pero que queremos eliminar a toda costa, ya que la presencia de acn\u00e9 contribuye al estr\u00e9s y la baja autoestima. Es casi similar a <strong>curar una herida<\/strong>. Sin embargo, a la hora de combatir los granos nos encontramos con muchos mitos, remedios que no sabemos si resultar\u00e1n o si, en cambio, van a empeorar a\u00fan m\u00e1s el problema. Por esta raz\u00f3n, te traemos algunos remedios que han sido probados cient\u00edficamente y que, por tanto, tienen una base en la que sostenerse. En algunos casos, es tan simple como lavarse la cara dos veces ya que como hemos explicado antes una de las causas por las que aparece el acn\u00e9 se da cuando los poros de la piel se bloquean debido a la acumulaci\u00f3n de sebo, suciedad y sudor. El cuerpo va a detectar estos elementos y los va a interpretar como una amenaza reaccionando con la creaci\u00f3n de acn\u00e9 y granos. As\u00ed, lavarse la cara y mantener una buena higiene puede ser una gran soluci\u00f3n. Sin embargo, si lo haces con un jab\u00f3n com\u00fan vas a crear una piel seca, y este es otro de los factores que contribuye a la formaci\u00f3n de acn\u00e9. De esta forma, <strong>debes usar un jab\u00f3n especial para el acn\u00e9 y que sea rico en \u00e1cido salicilico o per\u00f3xido de benzoilo.<\/strong><\/p>\n<p>Sin embargo, una de las grandes preguntas que se respira en el ambiente es si es posible la prevenci\u00f3n de los granos. La respuesta es s\u00ed. La ausencia de algunas vitaminas, como el zinc, pueden acabar desencadenando problemas de acn\u00e9 que puedan suponer la aparici\u00f3n de granos. Esta vitamina tiene<strong> una importancia vital tanto para el cuerpo como para la piel.<\/strong> La deficiencia de zinc puede provocar brotes y, por tanto, mantenerlo en cantidades que sean consideradas saludables en tu dieta diaria es crucial para todos aquellos que quieran prevenir problemas de acn\u00e9, o en cambio, quieran llegar a solucionar los actuales. Porque el consumo de alimentos con zinc tiene la capacidad de quitar los granos si lo deseas. Act\u00faa como antioxidante y tambi\u00e9n puede ayudar a tener un sistema inmunol\u00f3gico totalmente sanos, trabajando en la prevenci\u00f3n de heridas. Asimismo, una dieta equilibrada tambi\u00e9n nos ayudar\u00e1 a prevenir la aparici\u00f3n de los granos. Todos los productos industriales ricos en az\u00facar como la boller\u00eda, el chocolate o todo tipo de dulces no hacen m\u00e1s que contribuir a la creaci\u00f3n de acn\u00e9. En cuanto a remedios para prevenir la aparici\u00f3n de granos tambi\u00e9n encontraremos las cremas solares. No ayudar\u00e1n a quitar los granitos ya existentes, aunque una exposici\u00f3n demasiado pronunciada al sol puede tambi\u00e9n provocar que nuestra piel tenga una reacci\u00f3n que tienda a la creaci\u00f3n de acn\u00e9. Por ello, especialmente en verano pero tambi\u00e9n en invierno, es<strong> recomendable el uso de este tipo de protectores para asegurar un correcto cuidado de nuestra piel<\/strong>.<\/p>\n<p><img loading=\"lazy\" decoding=\"async\" class=\"alignnone size-full wp-image-8736\" src=\"https:\/\/doncomos.com\/belleza\/wp-content\/uploads\/sites\/5\/2018\/02\/C\u00f3mo-quitar-los-granos-198.jpg\" alt=\"\" width=\"640\" height=\"480\" srcset=\"https:\/\/doncomos.com\/belleza\/wp-content\/uploads\/sites\/5\/2018\/02\/C\u00f3mo-quitar-los-granos-198.jpg 640w, https:\/\/doncomos.com\/belleza\/wp-content\/uploads\/sites\/5\/2018\/02\/C\u00f3mo-quitar-los-granos-198-300x225.jpg 300w, https:\/\/doncomos.com\/belleza\/wp-content\/uploads\/sites\/5\/2018\/02\/C\u00f3mo-quitar-los-granos-198-267x200.jpg 267w\" sizes=\"auto, (max-width: 640px) 100vw, 640px\" \/><\/p>\n<p>La exfoliaci\u00f3n de la cara es otro de los grandes remedios para<strong> quitar los granos o el acn\u00e9<\/strong>. La mayor\u00eda de las personas piensan que usar este tipo de tratamiento solo tender\u00e1 a empeorar las cosas, algo que es totalmente falso. La exfoliaci\u00f3n te ayudar\u00e1 a eliminar todos los posibles granos de tu rostro y tambi\u00e9n todas aquellas c\u00e9lulas muertas de la superficie para que la misma se muestre m\u00e1s fresca, limpia y muestre un mejor aspecto. Por si mismo, el cuerpo va a tender a exfoliar la cara cada 28 d\u00edas, aunque y m\u00e1s cuando entras en la etapa de madurez o vejez es muy poco tiempo. De hecho, con el paso de los a\u00f1os, la cara tiende a agrupar un mayor n\u00famero de c\u00e9lulas muertas en la cara. Las cremas hidratantes especiales para el acn\u00e9 tambi\u00e9n ayudar\u00e1n a combatir los granitos que tengamos en la cara. Hidratar la piel, adem\u00e1s, debe formar parte del cuidado diario que debemos tener en nuestra piel. Con todo, la aparici\u00f3n de acn\u00e9 y granos hay que tom\u00e1rsela con filosof\u00eda y con calma. En el per\u00edodo de pubertad es casi imposible frenar su aparici\u00f3n aunque en la r\u00e9camara vamos a tener una gran cantidad de opciones que pueden ser v\u00e1lidas como <strong>remedio para poder eliminarlos y volver a aumentar nuestra autoestima<\/strong>.<\/p>\n","protected":false},"excerpt":{"rendered":"<p>Los granos y el acn\u00e9 es un fen\u00f3meno hormonal que viven las personas cuando inician el per\u00edodo de pubertad. Es de lo m\u00e1s habitual que aparezcan granos de acn\u00e9 en el rostro, y en las diferentes partes del cuerpo, durante [&hellip;]<\/p>\n","protected":false},"author":70,"featured_media":8733,"comment_status":"open","ping_status":"closed","sticky":false,"template":"","format":"standard","meta":{"footnotes":""},"categories":[1110,1132],"tags":[1170,1169],"class_list":["post-8730","post","type-post","status-publish","format-standard","has-post-thumbnail","hentry","category-belleza-y-cuidado-personal","category-granos","tag-acne","tag-granos"],"acf":[],"yoast_head":"<!-- This site is optimized with the Yoast SEO plugin v19.6 - https:\/\/yoast.com\/wordpress\/plugins\/seo\/ -->\n<title>C\u00f3mo quitar los granos - Belleza Don C\u00f3mos<\/title>\n<meta name=\"description\" content=\"Aprende aqu\u00ed C\u00f3mo quitar los Granos. Los granos y el acn\u00e9 es un fen\u00f3meno hormonal que viven las personas cuando inician el per\u00edodo de pubertad. Es de lo m\u00e1s habitual que aparezcan granos de acn\u00e9 en el rostro, y en las diferentes partes del cuerpo, durante el tiempo en el que se experimentan todos estos cambios en el cuerpo.\" \/>\n<meta name=\"robots\" content=\"index, follow, max-snippet:-1, max-image-preview:large, max-video-preview:-1\" \/>\n<meta property=\"og:locale\" content=\"es_ES\" \/>\n<meta property=\"og:type\" content=\"article\" \/>\n<meta property=\"og:title\" content=\"C\u00f3mo quitar los granos - Belleza Don C\u00f3mos\" \/>\n<meta property=\"og:description\" content=\"Aprende aqu\u00ed C\u00f3mo quitar los Granos. Los granos y el acn\u00e9 es un fen\u00f3meno hormonal que viven las personas cuando inician el per\u00edodo de pubertad. Es de lo m\u00e1s habitual que aparezcan granos de acn\u00e9 en el rostro, y en las diferentes partes del cuerpo, durante el tiempo en el que se experimentan todos estos cambios en el cuerpo.\" \/>\n<meta property=\"og:url\" content=\"https:\/\/doncomos.com\/belleza\/quitar-los-granos\" \/>\n<meta property=\"og:site_name\" content=\"Belleza Doncomos.com: Trucos para tener mejor Aspecto\" \/>\n<meta property=\"article:publisher\" content=\"https:\/\/www.facebook.com\/doncomos\" \/>\n<meta property=\"article:published_time\" content=\"2018-03-14T16:48:41+00:00\" \/>\n<meta property=\"article:modified_time\" content=\"2022-08-29T07:46:18+00:00\" \/>\n<meta property=\"og:image\" content=\"https:\/\/doncomos.com\/belleza\/wp-content\/uploads\/sites\/5\/2018\/02\/C\u00f3mo-quitar-los-granos-324.jpg\" \/>\n\t<meta property=\"og:image:width\" content=\"640\" \/>\n\t<meta property=\"og:image:height\" content=\"427\" \/>\n\t<meta property=\"og:image:type\" content=\"image\/jpeg\" \/>\n<meta name=\"author\" content=\"Alex\" \/>\n<meta name=\"twitter:card\" content=\"summary\" \/>\n<meta name=\"twitter:creator\" content=\"@doncomos\" \/>\n<meta name=\"twitter:site\" content=\"@doncomos\" \/>\n<meta name=\"twitter:label1\" content=\"Escrito por\" \/>\n\t<meta name=\"twitter:data1\" content=\"Alex\" \/>\n\t<meta name=\"twitter:label2\" content=\"Tiempo de lectura\" \/>\n\t<meta name=\"twitter:data2\" content=\"8 minutos\" \/>\n<script type=\"application\/ld+json\" class=\"yoast-schema-graph\">{\"@context\":\"https:\/\/schema.org\",\"@graph\":[{\"@type\":\"WebPage\",\"@id\":\"https:\/\/doncomos.com\/belleza\/quitar-los-granos\",\"url\":\"https:\/\/doncomos.com\/belleza\/quitar-los-granos\",\"name\":\"C\u00f3mo quitar los granos - Belleza Don C\u00f3mos\",\"isPartOf\":{\"@id\":\"https:\/\/doncomos.com\/belleza\/#website\"},\"datePublished\":\"2018-03-14T16:48:41+00:00\",\"dateModified\":\"2022-08-29T07:46:18+00:00\",\"author\":{\"@id\":\"https:\/\/doncomos.com\/belleza\/#\/schema\/person\/c8379f3aba109c3f3d93b0685d929990\"},\"description\":\"Aprende aqu\u00ed C\u00f3mo quitar los Granos. Los granos y el acn\u00e9 es un fen\u00f3meno hormonal que viven las personas cuando inician el per\u00edodo de pubertad. Es de lo m\u00e1s habitual que aparezcan granos de acn\u00e9 en el rostro, y en las diferentes partes del cuerpo, durante el tiempo en el que se experimentan todos estos cambios en el cuerpo.\",\"breadcrumb\":{\"@id\":\"https:\/\/doncomos.com\/belleza\/quitar-los-granos#breadcrumb\"},\"inLanguage\":\"es\",\"potentialAction\":[{\"@type\":\"ReadAction\",\"target\":[\"https:\/\/doncomos.com\/belleza\/quitar-los-granos\"]}]},{\"@type\":\"BreadcrumbList\",\"@id\":\"https:\/\/doncomos.com\/belleza\/quitar-los-granos#breadcrumb\",\"itemListElement\":[{\"@type\":\"ListItem\",\"position\":1,\"name\":\"Home\",\"item\":\"https:\/\/doncomos.com\/belleza\"},{\"@type\":\"ListItem\",\"position\":2,\"name\":\"C\u00f3mo quitar los granos\"}]},{\"@type\":\"WebSite\",\"@id\":\"https:\/\/doncomos.com\/belleza\/#website\",\"url\":\"https:\/\/doncomos.com\/belleza\/\",\"name\":\"Belleza Doncomos.com: Trucos para tener mejor Aspecto\",\"description\":\"Belleza - Todo lo que necesitas saber para estar guapa. En belleza encuentra trucos para estar guapa\",\"potentialAction\":[{\"@type\":\"SearchAction\",\"target\":{\"@type\":\"EntryPoint\",\"urlTemplate\":\"https:\/\/doncomos.com\/belleza\/?s={search_term_string}\"},\"query-input\":\"required name=search_term_string\"}],\"inLanguage\":\"es\"},{\"@type\":\"Person\",\"@id\":\"https:\/\/doncomos.com\/belleza\/#\/schema\/person\/c8379f3aba109c3f3d93b0685d929990\",\"name\":\"Alex\",\"image\":{\"@type\":\"ImageObject\",\"inLanguage\":\"es\",\"@id\":\"https:\/\/doncomos.com\/belleza\/#\/schema\/person\/image\/\",\"url\":\"https:\/\/secure.gravatar.com\/avatar\/5d729989ed7f3c3523b11d41ee21d225ac8d49ef6b25d55810ae79ed4425c408?s=96&d=mm&r=g\",\"contentUrl\":\"https:\/\/secure.gravatar.com\/avatar\/5d729989ed7f3c3523b11d41ee21d225ac8d49ef6b25d55810ae79ed4425c408?s=96&d=mm&r=g\",\"caption\":\"Alex\"},\"description\":\"Mi pasi\u00f3n por descubrir, escribir y compartir mis historias con el resto me ha llevado a ser redactor web. Soy un apasionado del fitness y de los viajes. Adem\u00e1s, cuento con una enorme curiosidad sobre todos los temas legales, tecnol\u00f3gicos, laborales y el marketing\",\"url\":\"https:\/\/doncomos.com\/belleza\/autor\/alex\"}]}<\/script>\n<!-- \/ Yoast SEO plugin. -->","yoast_head_json":{"title":"C\u00f3mo quitar los granos - Belleza Don C\u00f3mos","description":"Aprende aqu\u00ed C\u00f3mo quitar los Granos. Los granos y el acn\u00e9 es un fen\u00f3meno hormonal que viven las personas cuando inician el per\u00edodo de pubertad. Es de lo m\u00e1s habitual que aparezcan granos de acn\u00e9 en el rostro, y en las diferentes partes del cuerpo, durante el tiempo en el que se experimentan todos estos cambios en el cuerpo.","robots":{"index":"index","follow":"follow","max-snippet":"max-snippet:-1","max-image-preview":"max-image-preview:large","max-video-preview":"max-video-preview:-1"},"og_locale":"es_ES","og_type":"article","og_title":"C\u00f3mo quitar los granos - Belleza Don C\u00f3mos","og_description":"Aprende aqu\u00ed C\u00f3mo quitar los Granos. Los granos y el acn\u00e9 es un fen\u00f3meno hormonal que viven las personas cuando inician el per\u00edodo de pubertad. Es de lo m\u00e1s habitual que aparezcan granos de acn\u00e9 en el rostro, y en las diferentes partes del cuerpo, durante el tiempo en el que se experimentan todos estos cambios en el cuerpo.","og_url":"https:\/\/doncomos.com\/belleza\/quitar-los-granos","og_site_name":"Belleza Doncomos.com: Trucos para tener mejor Aspecto","article_publisher":"https:\/\/www.facebook.com\/doncomos","article_published_time":"2018-03-14T16:48:41+00:00","article_modified_time":"2022-08-29T07:46:18+00:00","og_image":[{"width":640,"height":427,"url":"https:\/\/doncomos.com\/belleza\/wp-content\/uploads\/sites\/5\/2018\/02\/C\u00f3mo-quitar-los-granos-324.jpg","type":"image\/jpeg"}],"author":"Alex","twitter_card":"summary","twitter_creator":"@doncomos","twitter_site":"@doncomos","twitter_misc":{"Escrito por":"Alex","Tiempo de lectura":"8 minutos"},"schema":{"@context":"https:\/\/schema.org","@graph":[{"@type":"WebPage","@id":"https:\/\/doncomos.com\/belleza\/quitar-los-granos","url":"https:\/\/doncomos.com\/belleza\/quitar-los-granos","name":"C\u00f3mo quitar los granos - Belleza Don C\u00f3mos","isPartOf":{"@id":"https:\/\/doncomos.com\/belleza\/#website"},"datePublished":"2018-03-14T16:48:41+00:00","dateModified":"2022-08-29T07:46:18+00:00","author":{"@id":"https:\/\/doncomos.com\/belleza\/#\/schema\/person\/c8379f3aba109c3f3d93b0685d929990"},"description":"Aprende aqu\u00ed C\u00f3mo quitar los Granos. Los granos y el acn\u00e9 es un fen\u00f3meno hormonal que viven las personas cuando inician el per\u00edodo de pubertad. Es de lo m\u00e1s habitual que aparezcan granos de acn\u00e9 en el rostro, y en las diferentes partes del cuerpo, durante el tiempo en el que se experimentan todos estos cambios en el cuerpo.","breadcrumb":{"@id":"https:\/\/doncomos.com\/belleza\/quitar-los-granos#breadcrumb"},"inLanguage":"es","potentialAction":[{"@type":"ReadAction","target":["https:\/\/doncomos.com\/belleza\/quitar-los-granos"]}]},{"@type":"BreadcrumbList","@id":"https:\/\/doncomos.com\/belleza\/quitar-los-granos#breadcrumb","itemListElement":[{"@type":"ListItem","position":1,"name":"Home","item":"https:\/\/doncomos.com\/belleza"},{"@type":"ListItem","position":2,"name":"C\u00f3mo quitar los granos"}]},{"@type":"WebSite","@id":"https:\/\/doncomos.com\/belleza\/#website","url":"https:\/\/doncomos.com\/belleza\/","name":"Belleza Doncomos.com: Trucos para tener mejor Aspecto","description":"Belleza - Todo lo que necesitas saber para estar guapa. En belleza encuentra trucos para estar guapa","potentialAction":[{"@type":"SearchAction","target":{"@type":"EntryPoint","urlTemplate":"https:\/\/doncomos.com\/belleza\/?s={search_term_string}"},"query-input":"required name=search_term_string"}],"inLanguage":"es"},{"@type":"Person","@id":"https:\/\/doncomos.com\/belleza\/#\/schema\/person\/c8379f3aba109c3f3d93b0685d929990","name":"Alex","image":{"@type":"ImageObject","inLanguage":"es","@id":"https:\/\/doncomos.com\/belleza\/#\/schema\/person\/image\/","url":"https:\/\/secure.gravatar.com\/avatar\/5d729989ed7f3c3523b11d41ee21d225ac8d49ef6b25d55810ae79ed4425c408?s=96&d=mm&r=g","contentUrl":"https:\/\/secure.gravatar.com\/avatar\/5d729989ed7f3c3523b11d41ee21d225ac8d49ef6b25d55810ae79ed4425c408?s=96&d=mm&r=g","caption":"Alex"},"description":"Mi pasi\u00f3n por descubrir, escribir y compartir mis historias con el resto me ha llevado a ser redactor web. Soy un apasionado del fitness y de los viajes. Adem\u00e1s, cuento con una enorme curiosidad sobre todos los temas legales, tecnol\u00f3gicos, laborales y el marketing","url":"https:\/\/doncomos.com\/belleza\/autor\/alex"}]}},"_links":{"self":[{"href":"https:\/\/doncomos.com\/belleza\/wp-json\/wp\/v2\/posts\/8730","targetHints":{"allow":["GET"]}}],"collection":[{"href":"https:\/\/doncomos.com\/belleza\/wp-json\/wp\/v2\/posts"}],"about":[{"href":"https:\/\/doncomos.com\/belleza\/wp-json\/wp\/v2\/types\/post"}],"author":[{"embeddable":true,"href":"https:\/\/doncomos.com\/belleza\/wp-json\/wp\/v2\/users\/70"}],"replies":[{"embeddable":true,"href":"https:\/\/doncomos.com\/belleza\/wp-json\/wp\/v2\/comments?post=8730"}],"version-history":[{"count":2,"href":"https:\/\/doncomos.com\/belleza\/wp-json\/wp\/v2\/posts\/8730\/revisions"}],"predecessor-version":[{"id":10164,"href":"https:\/\/doncomos.com\/belleza\/wp-json\/wp\/v2\/posts\/8730\/revisions\/10164"}],"wp:featuredmedia":[{"embeddable":true,"href":"https:\/\/doncomos.com\/belleza\/wp-json\/wp\/v2\/media\/8733"}],"wp:attachment":[{"href":"https:\/\/doncomos.com\/belleza\/wp-json\/wp\/v2\/media?parent=8730"}],"wp:term":[{"taxonomy":"category","embeddable":true,"href":"https:\/\/doncomos.com\/belleza\/wp-json\/wp\/v2\/categories?post=8730"},{"taxonomy":"post_tag","embeddable":true,"href":"https:\/\/doncomos.com\/belleza\/wp-json\/wp\/v2\/tags?post=8730"}],"curies":[{"name":"wp","href":"https:\/\/api.w.org\/{rel}","templated":true}]}}