{"id":10040,"date":"2018-06-07T22:23:09","date_gmt":"2018-06-07T21:23:09","guid":{"rendered":"http:\/\/doncomos.com\/educar\/?p=10040"},"modified":"2019-01-09T09:57:56","modified_gmt":"2019-01-09T08:57:56","slug":"quien-invento-la-television","status":"publish","type":"post","link":"https:\/\/doncomos.com\/educar\/quien-invento-la-television","title":{"rendered":"Qui\u00e9n invent\u00f3 la televisi\u00f3n"},"content":{"rendered":"<div id=\"toc_container\" class=\"no_bullets\"><p class=\"toc_title\">Contenido del Art&iacute;culo<\/p><ul class=\"toc_list\"><li><a href=\"#Instrucciones\">Instrucciones<\/a><\/li><li><a href=\"#Un_poco_de_historia\">Un poco de historia<\/a><\/li><li><a href=\"#Que_Necesitas\">Que Necesitas<\/a><\/li><li><a href=\"#Quien_fue_el_inventor_de_la_TV\">\u00bfQui\u00e9n fue el inventor de la TV?<\/a><\/li><li><a href=\"#Consejos\">Consejos<\/a><\/li><\/ul><\/div>\n<p>Hoy en d\u00eda no hay existe una casa que no tenga una televisi\u00f3n. Este com\u00fan aparato electr\u00f3nico ya se ha convertido en <strong>uno de los objetos m\u00e1s comprados y vendidos en el mundo<\/strong>. No solo por ser el medio de comunicaci\u00f3n masivo por excelencia, luego del Internet; sino tambi\u00e9n porque ha venido evolucionando de tal manera que cada vez m\u00e1s se convierte uno de los aparatos m\u00e1s funcionales de casa.<\/p>\n<p>Sin embargo, para nadie es un secreto que muchos ignoran los or\u00edgenes de la televisi\u00f3n; y por supuesto, tampoco se escucha mucho hablar del inventor de esta maravilla electr\u00f3nica. Por lo tanto, si eres curioso y te gusta enterarte de <strong>datos hist\u00f3ricos sobe aparatos de la vida diaria<\/strong>, o si es que tienes alguna idea de qui\u00e9n invent\u00f3 la TV pero no se te est\u00e1 muy clara que se diga; en este post aclararemos todas tus dudas al respecto.<\/p>\n<div align=\"center\"><!-- Doncomos Educar Enlaces Adaptable -->\n                                       <ins class=\"adsbygoogle\"\n                                            style=\"display:block; height:90px;\"\n                                            data-ad-client=\"ca-pub-7889333885495326\"\n                                            data-ad-slot=\"1590071393\"\n                                            data-ad-format=\"link\"><\/ins>\n                                       <script>\n                                       (adsbygoogle = window.adsbygoogle || []).push({});\n                                       <\/script><div id=\"div-video-intext\"><\/div><\/div><div class='single-functions-top-instrucciones'><h2 class='h2-title-single'><span id=\"Instrucciones\">Instrucciones<\/span><\/h2><blockquote-content><h2><img loading=\"lazy\" decoding=\"async\" class=\"size-full wp-image-10042 aligncenter\" src=\"https:\/\/doncomos.com\/educar\/wp-content\/uploads\/sites\/7\/2018\/03\/Qui\u00e9n-invent\u00f3-la-televisi\u00f3n-596.jpg\" alt=\"televisi\u00f3n\" width=\"640\" height=\"480\" srcset=\"https:\/\/doncomos.com\/educar\/wp-content\/uploads\/sites\/7\/2018\/03\/Qui\u00e9n-invent\u00f3-la-televisi\u00f3n-596.jpg 640w, https:\/\/doncomos.com\/educar\/wp-content\/uploads\/sites\/7\/2018\/03\/Qui\u00e9n-invent\u00f3-la-televisi\u00f3n-596-300x225.jpg 300w, https:\/\/doncomos.com\/educar\/wp-content\/uploads\/sites\/7\/2018\/03\/Qui\u00e9n-invent\u00f3-la-televisi\u00f3n-596-267x200.jpg 267w\" sizes=\"auto, (max-width: 640px) 100vw, 640px\" \/><\/h2>\n<h2><span id=\"Un_poco_de_historia\">Un poco de historia<\/span><\/h2>\n<p>Quiz\u00e1 el origen m\u00e1s antiguo de la \u201cidea\u201d de la televisi\u00f3n se pueda remontar a la \u00e9poca de Galileo Galiley cuando se pens\u00f3 en el telescopio. La Tele-visi\u00f3n, es un t\u00e9rmino que significa \u201cvisi\u00f3n desde lejos\u201d; pues <em>Tele <\/em>proviene de<em> t\u0113le, <\/em>que es griego es \u201clejos\u201d y la palabra latina <em>visi\u014dnem, <\/em>que significa visi\u00f3n. En consecuencia, la idea de <strong>transmitir im\u00e1genes desde lejos<\/strong> en tiempos fue la premisa de lo que hoy conocemos como televisi\u00f3n.<\/p>\n<p>Sin embargo, muchos historiadores consideran que la invenci\u00f3n del Disco de Nipkow de Paul Nipkow ha sido la verdadera contribuci\u00f3n mec\u00e1nica para el dise\u00f1o del prototipo de la TV. Por otra parte, otros estudiosos de la historia indican que fue debido a la invenci\u00f3n del famoso<strong> iconoscopio de Vlad\u00edmir Zvorykin y Philo Taylor Farnsworth<\/strong> lo que termin\u00f3 de formar la idea de la TV; ya que ser\u00eda esta conceptualizaci\u00f3n la que contribuir\u00eda a crear una electr\u00f3nica, para obtener una mayor definici\u00f3n de imagen.<\/p>\n<p>Fue en el a\u00f1o 1927 cuando por primera vez se registran las incipientes emisiones de tipos p\u00fablicas en TV, realizadas por <strong>la BBC One, en Inglaterra<\/strong>. Posteriormente, ya en 1935, <strong>la TF1 en Francia<\/strong> tambi\u00e9n realizo emisiones de TV. Apenas en 1930 fue que <strong>en Estados Unidos la CBS y la NBS<\/strong> transmitieron por primera vez. Todas estas primera emisiones fueron de tipo mec\u00e1nica, porlo cual no tuvieron un horario fijo.<\/p>\n<\/blockquote-content><\/div>\n<div align=\"center\"><!-- Doncomos Educar 336 x 280 -->\n                                <ins class=\"adsbygoogle\"\n                                     style=\"display:inline-block;width:336px;height:280px\"\n                                     data-ad-client=\"ca-pub-7889333885495326\"\n                                     data-ad-slot=\"7649523894\"><\/ins>\n                                <script>\n                                (adsbygoogle = window.adsbygoogle || []).push({});\n                                <\/script><\/div><div class='single-functions-div-instrucciones2'><h2 class='h2-title-single'><span id=\"Que_Necesitas\">Que Necesitas<\/span><\/h2><blockquote-content><h2><img loading=\"lazy\" decoding=\"async\" class=\"size-full wp-image-10043 aligncenter\" src=\"https:\/\/doncomos.com\/educar\/wp-content\/uploads\/sites\/7\/2018\/03\/Qui\u00e9n-invent\u00f3-la-televisi\u00f3n-311.jpg\" alt=\"televisi\u00f3n\" width=\"640\" height=\"480\" srcset=\"https:\/\/doncomos.com\/educar\/wp-content\/uploads\/sites\/7\/2018\/03\/Qui\u00e9n-invent\u00f3-la-televisi\u00f3n-311.jpg 640w, https:\/\/doncomos.com\/educar\/wp-content\/uploads\/sites\/7\/2018\/03\/Qui\u00e9n-invent\u00f3-la-televisi\u00f3n-311-300x225.jpg 300w, https:\/\/doncomos.com\/educar\/wp-content\/uploads\/sites\/7\/2018\/03\/Qui\u00e9n-invent\u00f3-la-televisi\u00f3n-311-267x200.jpg 267w\" sizes=\"auto, (max-width: 640px) 100vw, 640px\" \/><\/h2>\n<h2><span id=\"Quien_fue_el_inventor_de_la_TV\">\u00bfQui\u00e9n fue el inventor de la TV?<\/span><\/h2>\n<p>Como suele sucedes con todo gran invento, as\u00ed como la <a href=\"https:\/\/doncomos.com\/educar\/quien-invento-el-internet\">Internet<\/a> o el <a href=\"https:\/\/doncomos.com\/educar\/quien-invento-el-telefono\">tel\u00e9fono<\/a> m\u00f3vil; <strong>la TV no naci\u00f3 como concepto en una sola cabeza<\/strong>. A medida que pasaron los a\u00f1os, y a la luz de otras invenciones como el telescopio y el microscopio es que se fueron dando las condiciones para que se creara como tal la TV.<\/p>\n<p>Sin embargo, por encima de muchos nombres de contribuyentes aparece a relucir <a href=\"https:\/\/es.wikipedia.org\/wiki\/Manfred_von_Ardenne\" class=\"external\" rel=\"nofollow\" target=\"_blank\">Manfred von Ardenne<\/a>; a quien se le atribuye la invenci\u00f3n de la primera emisora televisiva en 1931. Logrando dos a\u00f1os m\u00e1s tarde su primera transmisi\u00f3n oficial, el 24 del mes de diciembre del a\u00f1o 1933.<\/p>\n<p>Entonces, <strong>el primer servicio internacional de televisi\u00f3n electr\u00f3nica<\/strong> y no mec\u00e1nica se dio en Berl\u00edn en el a\u00f1o 1935. Para la cual no faltaba m\u00e1s que culminase con la emisi\u00f3n en vivo y directo de los famosos \u201cJuegos Ol\u00edmpicos de Berl\u00edn 1936\u201d. Esta emisi\u00f3n de tipo p\u00fablica fue hist\u00f3rica, y <strong>se dio\u00a0desde Berl\u00edn a toda Alemania.\u200b<\/strong><\/p>\n<p>Ya para el a\u00f1o 1953 es que <strong>la TV toma su protagonismo en Espa\u00f1a<\/strong> con la llegada de \u201cEurovisi\u00f3n\u201d, una transmisi\u00f3n que se daba a varios pa\u00edses europeos regularmente. En 1960 \u201cMundovisi\u00f3n\u201d toma como bandera las transmisiones por sat\u00e9lite para arropar al mundo entero.<\/p>\n<p>Ahora bien, todos sabemos que las primeras emisiones fueron en blanco, negro y escala de grises. Por lo cual fue en 1928 cuando se desarrollan experimentos para la <strong>transmisi\u00f3n de im\u00e1genes por TV en color<\/strong>. En esta contribuci\u00f3n tom\u00f3 protagonismo ya para 1940, de la mano del escoc\u00e9s John Logie Baird. Sin embargo, se tuvo que esperar hasta 1951 por la prestigiosa empresa Hazeltine Corporation de Estados Unidos para las primeras emisiones en color de manera oficial.<\/p>\n<\/blockquote-content><\/div>\n<div align=\"center\"><!-- Doncomos Educar 336 x 280 -->\n                                <ins class=\"adsbygoogle\"\n                                     style=\"display:inline-block;width:336px;height:280px\"\n                                     data-ad-client=\"ca-pub-7889333885495326\"\n                                     data-ad-slot=\"7649523894\"><\/ins>\n                                <script>\n                                (adsbygoogle = window.adsbygoogle || []).push({});\n                                <\/script><\/div><div class='single-functions-consejos'><h2 class='h2-title-single'><span id=\"Consejos\">Consejos<\/span><\/h2><blockquote-content><p>Todos sabemos que la <strong>alta definici\u00f3n y la Tv en HD<\/strong> ya es una realidad; pero en realidad lo que est\u00e1 en boga es la TV digital, la inteligente. Las transmisiones de TV en forma digital se realiza por v\u00eda radiofrecuencia terrestre, por\u00a0<a href=\"https:\/\/es.wikipedia.org\/wiki\/Televisi%C3%B3n_por_sat%C3%A9lite\" class=\"external\" rel=\"nofollow\" target=\"_blank\">sat\u00e9lite<\/a> y por\u00a0<a href=\"https:\/\/es.wikipedia.org\/wiki\/Televisi%C3%B3n_por_cable\" class=\"external\" rel=\"nofollow\" target=\"_blank\">cable<\/a>; esta \u00faltima muy conocida como la\u00a0<a href=\"https:\/\/es.wikipedia.org\/wiki\/TDT\" class=\"external\" rel=\"nofollow\" target=\"_blank\">TDT<\/a>.<\/p>\n<p><img loading=\"lazy\" decoding=\"async\" class=\"size-full wp-image-10045 aligncenter\" src=\"https:\/\/doncomos.com\/educar\/wp-content\/uploads\/sites\/7\/2018\/03\/Qui\u00e9n-invent\u00f3-la-televisi\u00f3n-185.jpg\" alt=\"televisi\u00f3n\" width=\"640\" height=\"426\" srcset=\"https:\/\/doncomos.com\/educar\/wp-content\/uploads\/sites\/7\/2018\/03\/Qui\u00e9n-invent\u00f3-la-televisi\u00f3n-185.jpg 640w, https:\/\/doncomos.com\/educar\/wp-content\/uploads\/sites\/7\/2018\/03\/Qui\u00e9n-invent\u00f3-la-televisi\u00f3n-185-300x200.jpg 300w, https:\/\/doncomos.com\/educar\/wp-content\/uploads\/sites\/7\/2018\/03\/Qui\u00e9n-invent\u00f3-la-televisi\u00f3n-185-270x180.jpg 270w\" sizes=\"auto, (max-width: 640px) 100vw, 640px\" \/><\/p>\n<p>La TV v\u00eda sat\u00e9lite es muy com\u00fan y utilizada actualmente; pero tuvo su origen en las acciones militares y exploraciones espaciales. Por su parte, la Tv en transmisi\u00f3n por cable tambi\u00e9n tiene alta demanda, Sin embargo, hoy por hoy, desde el 2003, se han implementado <strong>plataformas de repartimiento de televisi\u00f3n con el uso del protocolo IP<\/strong>, conocido como IPTV. Soportada en redes alcanzaron llevar la visualizaci\u00f3n de las emisiones en tu computador y cualquier tel\u00e9fono m\u00f3vil.<\/p>\n<\/blockquote-content><\/div>\n","protected":false},"excerpt":{"rendered":"<p>Hoy en d\u00eda no hay existe una casa que no tenga una televisi\u00f3n. Este com\u00fan aparato electr\u00f3nico ya se ha convertido en uno de los objetos m\u00e1s comprados y vendidos en el mundo. No solo por ser el medio de [&hellip;]<\/p>\n","protected":false},"author":62,"featured_media":10044,"comment_status":"open","ping_status":"closed","sticky":false,"template":"","format":"standard","meta":{"footnotes":""},"categories":[1092,881],"tags":[],"class_list":["post-10040","post","type-post","status-publish","format-standard","has-post-thumbnail","hentry","category-habilidades-sociales","category-historia"],"acf":[],"yoast_head":"<!-- This site is optimized with the Yoast SEO plugin v19.6 - https:\/\/yoast.com\/wordpress\/plugins\/seo\/ -->\n<title>Qui\u00e9n invent\u00f3 la televisi\u00f3n - Educaci\u00f3n Don C\u00f3mos<\/title>\n<meta name=\"description\" content=\"Si eres curioso y te gusta enterarte de datos hist\u00f3ricos sobe aparatos de la vida diaria, o si es que tienes alguna idea de qui\u00e9n invent\u00f3 la televisi\u00f3n, pero no se te est\u00e1 muy clara que se diga; en este post aclararemos todas tus dudas al respecto.\" \/>\n<meta name=\"robots\" content=\"index, follow, max-snippet:-1, max-image-preview:large, max-video-preview:-1\" \/>\n<meta property=\"og:locale\" content=\"es_ES\" \/>\n<meta property=\"og:type\" content=\"article\" \/>\n<meta property=\"og:title\" content=\"Qui\u00e9n invent\u00f3 la televisi\u00f3n - Educaci\u00f3n Don C\u00f3mos\" \/>\n<meta property=\"og:description\" content=\"Si eres curioso y te gusta enterarte de datos hist\u00f3ricos sobe aparatos de la vida diaria, o si es que tienes alguna idea de qui\u00e9n invent\u00f3 la televisi\u00f3n, pero no se te est\u00e1 muy clara que se diga; en este post aclararemos todas tus dudas al respecto.\" \/>\n<meta property=\"og:url\" content=\"https:\/\/doncomos.com\/educar\/quien-invento-la-television\" \/>\n<meta property=\"og:site_name\" content=\"Educar Doncomos.com: Aprende de forma F\u00e1cil y Amena\" \/>\n<meta property=\"article:publisher\" content=\"https:\/\/www.facebook.com\/doncomos\" \/>\n<meta property=\"article:published_time\" content=\"2018-06-07T21:23:09+00:00\" \/>\n<meta property=\"article:modified_time\" content=\"2019-01-09T08:57:56+00:00\" \/>\n<meta property=\"og:image\" content=\"https:\/\/doncomos.com\/educar\/wp-content\/uploads\/sites\/7\/2018\/03\/Qui\u00e9n-invent\u00f3-la-televisi\u00f3n-431.jpg\" \/>\n\t<meta property=\"og:image:width\" content=\"640\" \/>\n\t<meta property=\"og:image:height\" content=\"360\" \/>\n\t<meta property=\"og:image:type\" content=\"image\/jpeg\" \/>\n<meta name=\"author\" content=\"G\u00e9nesis\" \/>\n<meta name=\"twitter:card\" content=\"summary\" \/>\n<meta name=\"twitter:creator\" content=\"@twitter.com \u203a Gnesis83839134\" \/>\n<meta name=\"twitter:site\" content=\"@doncomos\" \/>\n<meta name=\"twitter:label1\" content=\"Escrito por\" \/>\n\t<meta name=\"twitter:data1\" content=\"G\u00e9nesis\" \/>\n\t<meta name=\"twitter:label2\" content=\"Tiempo de lectura\" \/>\n\t<meta name=\"twitter:data2\" content=\"1 minuto\" \/>\n<script type=\"application\/ld+json\" class=\"yoast-schema-graph\">{\"@context\":\"https:\/\/schema.org\",\"@graph\":[{\"@type\":\"WebPage\",\"@id\":\"https:\/\/doncomos.com\/educar\/quien-invento-la-television\",\"url\":\"https:\/\/doncomos.com\/educar\/quien-invento-la-television\",\"name\":\"Qui\u00e9n invent\u00f3 la televisi\u00f3n - Educaci\u00f3n Don C\u00f3mos\",\"isPartOf\":{\"@id\":\"https:\/\/doncomos.com\/educar\/#website\"},\"datePublished\":\"2018-06-07T21:23:09+00:00\",\"dateModified\":\"2019-01-09T08:57:56+00:00\",\"author\":{\"@id\":\"https:\/\/doncomos.com\/educar\/#\/schema\/person\/cd69075ee37d261d08cf9ffc10b29dde\"},\"description\":\"Si eres curioso y te gusta enterarte de datos hist\u00f3ricos sobe aparatos de la vida diaria, o si es que tienes alguna idea de qui\u00e9n invent\u00f3 la televisi\u00f3n, pero no se te est\u00e1 muy clara que se diga; en este post aclararemos todas tus dudas al respecto.\",\"breadcrumb\":{\"@id\":\"https:\/\/doncomos.com\/educar\/quien-invento-la-television#breadcrumb\"},\"inLanguage\":\"es\",\"potentialAction\":[{\"@type\":\"ReadAction\",\"target\":[\"https:\/\/doncomos.com\/educar\/quien-invento-la-television\"]}]},{\"@type\":\"BreadcrumbList\",\"@id\":\"https:\/\/doncomos.com\/educar\/quien-invento-la-television#breadcrumb\",\"itemListElement\":[{\"@type\":\"ListItem\",\"position\":1,\"name\":\"Home\",\"item\":\"https:\/\/doncomos.com\/educar\"},{\"@type\":\"ListItem\",\"position\":2,\"name\":\"Qui\u00e9n invent\u00f3 la televisi\u00f3n\"}]},{\"@type\":\"WebSite\",\"@id\":\"https:\/\/doncomos.com\/educar\/#website\",\"url\":\"https:\/\/doncomos.com\/educar\/\",\"name\":\"Educar Doncomos.com: Aprende de forma F\u00e1cil y Amena\",\"description\":\"Educar - Ense\u00f1amos todos los c\u00f3mos sobre educaci\u00f3n de la mano de profesores\",\"potentialAction\":[{\"@type\":\"SearchAction\",\"target\":{\"@type\":\"EntryPoint\",\"urlTemplate\":\"https:\/\/doncomos.com\/educar\/?s={search_term_string}\"},\"query-input\":\"required name=search_term_string\"}],\"inLanguage\":\"es\"},{\"@type\":\"Person\",\"@id\":\"https:\/\/doncomos.com\/educar\/#\/schema\/person\/cd69075ee37d261d08cf9ffc10b29dde\",\"name\":\"G\u00e9nesis\",\"image\":{\"@type\":\"ImageObject\",\"inLanguage\":\"es\",\"@id\":\"https:\/\/doncomos.com\/educar\/#\/schema\/person\/image\/\",\"url\":\"https:\/\/secure.gravatar.com\/avatar\/46333e3e29b1f29bc7ce089606b3ea291627561f954bf6aee907bf309273cfed?s=96&d=mm&r=g\",\"contentUrl\":\"https:\/\/secure.gravatar.com\/avatar\/46333e3e29b1f29bc7ce089606b3ea291627561f954bf6aee907bf309273cfed?s=96&d=mm&r=g\",\"caption\":\"G\u00e9nesis\"},\"description\":\"Dedicada a la redacci\u00f3n de contenidos de calidad, correcci\u00f3n de estilo y actualizaci\u00f3n de la informaci\u00f3n; con experiencia en gesti\u00f3n de informaci\u00f3n veraz y estrategias de comprensi\u00f3n lectora.\",\"sameAs\":[\"https:\/\/pe.linkedin.com \u203a genesis-leon-s-\",\"https:\/\/twitter.com\/twitter.com \u203a Gnesis83839134\"],\"url\":\"https:\/\/doncomos.com\/educar\/autor\/beatriz\"}]}<\/script>\n<!-- \/ Yoast SEO plugin. -->","yoast_head_json":{"title":"Qui\u00e9n invent\u00f3 la televisi\u00f3n - Educaci\u00f3n Don C\u00f3mos","description":"Si eres curioso y te gusta enterarte de datos hist\u00f3ricos sobe aparatos de la vida diaria, o si es que tienes alguna idea de qui\u00e9n invent\u00f3 la televisi\u00f3n, pero no se te est\u00e1 muy clara que se diga; en este post aclararemos todas tus dudas al respecto.","robots":{"index":"index","follow":"follow","max-snippet":"max-snippet:-1","max-image-preview":"max-image-preview:large","max-video-preview":"max-video-preview:-1"},"og_locale":"es_ES","og_type":"article","og_title":"Qui\u00e9n invent\u00f3 la televisi\u00f3n - Educaci\u00f3n Don C\u00f3mos","og_description":"Si eres curioso y te gusta enterarte de datos hist\u00f3ricos sobe aparatos de la vida diaria, o si es que tienes alguna idea de qui\u00e9n invent\u00f3 la televisi\u00f3n, pero no se te est\u00e1 muy clara que se diga; en este post aclararemos todas tus dudas al respecto.","og_url":"https:\/\/doncomos.com\/educar\/quien-invento-la-television","og_site_name":"Educar Doncomos.com: Aprende de forma F\u00e1cil y Amena","article_publisher":"https:\/\/www.facebook.com\/doncomos","article_published_time":"2018-06-07T21:23:09+00:00","article_modified_time":"2019-01-09T08:57:56+00:00","og_image":[{"width":640,"height":360,"url":"https:\/\/doncomos.com\/educar\/wp-content\/uploads\/sites\/7\/2018\/03\/Qui\u00e9n-invent\u00f3-la-televisi\u00f3n-431.jpg","type":"image\/jpeg"}],"author":"G\u00e9nesis","twitter_card":"summary","twitter_creator":"@twitter.com \u203a Gnesis83839134","twitter_site":"@doncomos","twitter_misc":{"Escrito por":"G\u00e9nesis","Tiempo de lectura":"1 minuto"},"schema":{"@context":"https:\/\/schema.org","@graph":[{"@type":"WebPage","@id":"https:\/\/doncomos.com\/educar\/quien-invento-la-television","url":"https:\/\/doncomos.com\/educar\/quien-invento-la-television","name":"Qui\u00e9n invent\u00f3 la televisi\u00f3n - Educaci\u00f3n Don C\u00f3mos","isPartOf":{"@id":"https:\/\/doncomos.com\/educar\/#website"},"datePublished":"2018-06-07T21:23:09+00:00","dateModified":"2019-01-09T08:57:56+00:00","author":{"@id":"https:\/\/doncomos.com\/educar\/#\/schema\/person\/cd69075ee37d261d08cf9ffc10b29dde"},"description":"Si eres curioso y te gusta enterarte de datos hist\u00f3ricos sobe aparatos de la vida diaria, o si es que tienes alguna idea de qui\u00e9n invent\u00f3 la televisi\u00f3n, pero no se te est\u00e1 muy clara que se diga; en este post aclararemos todas tus dudas al respecto.","breadcrumb":{"@id":"https:\/\/doncomos.com\/educar\/quien-invento-la-television#breadcrumb"},"inLanguage":"es","potentialAction":[{"@type":"ReadAction","target":["https:\/\/doncomos.com\/educar\/quien-invento-la-television"]}]},{"@type":"BreadcrumbList","@id":"https:\/\/doncomos.com\/educar\/quien-invento-la-television#breadcrumb","itemListElement":[{"@type":"ListItem","position":1,"name":"Home","item":"https:\/\/doncomos.com\/educar"},{"@type":"ListItem","position":2,"name":"Qui\u00e9n invent\u00f3 la televisi\u00f3n"}]},{"@type":"WebSite","@id":"https:\/\/doncomos.com\/educar\/#website","url":"https:\/\/doncomos.com\/educar\/","name":"Educar Doncomos.com: Aprende de forma F\u00e1cil y Amena","description":"Educar - Ense\u00f1amos todos los c\u00f3mos sobre educaci\u00f3n de la mano de profesores","potentialAction":[{"@type":"SearchAction","target":{"@type":"EntryPoint","urlTemplate":"https:\/\/doncomos.com\/educar\/?s={search_term_string}"},"query-input":"required name=search_term_string"}],"inLanguage":"es"},{"@type":"Person","@id":"https:\/\/doncomos.com\/educar\/#\/schema\/person\/cd69075ee37d261d08cf9ffc10b29dde","name":"G\u00e9nesis","image":{"@type":"ImageObject","inLanguage":"es","@id":"https:\/\/doncomos.com\/educar\/#\/schema\/person\/image\/","url":"https:\/\/secure.gravatar.com\/avatar\/46333e3e29b1f29bc7ce089606b3ea291627561f954bf6aee907bf309273cfed?s=96&d=mm&r=g","contentUrl":"https:\/\/secure.gravatar.com\/avatar\/46333e3e29b1f29bc7ce089606b3ea291627561f954bf6aee907bf309273cfed?s=96&d=mm&r=g","caption":"G\u00e9nesis"},"description":"Dedicada a la redacci\u00f3n de contenidos de calidad, correcci\u00f3n de estilo y actualizaci\u00f3n de la informaci\u00f3n; con experiencia en gesti\u00f3n de informaci\u00f3n veraz y estrategias de comprensi\u00f3n lectora.","sameAs":["https:\/\/pe.linkedin.com \u203a genesis-leon-s-","https:\/\/twitter.com\/twitter.com \u203a Gnesis83839134"],"url":"https:\/\/doncomos.com\/educar\/autor\/beatriz"}]}},"_links":{"self":[{"href":"https:\/\/doncomos.com\/educar\/wp-json\/wp\/v2\/posts\/10040","targetHints":{"allow":["GET"]}}],"collection":[{"href":"https:\/\/doncomos.com\/educar\/wp-json\/wp\/v2\/posts"}],"about":[{"href":"https:\/\/doncomos.com\/educar\/wp-json\/wp\/v2\/types\/post"}],"author":[{"embeddable":true,"href":"https:\/\/doncomos.com\/educar\/wp-json\/wp\/v2\/users\/62"}],"replies":[{"embeddable":true,"href":"https:\/\/doncomos.com\/educar\/wp-json\/wp\/v2\/comments?post=10040"}],"version-history":[{"count":1,"href":"https:\/\/doncomos.com\/educar\/wp-json\/wp\/v2\/posts\/10040\/revisions"}],"predecessor-version":[{"id":11245,"href":"https:\/\/doncomos.com\/educar\/wp-json\/wp\/v2\/posts\/10040\/revisions\/11245"}],"wp:featuredmedia":[{"embeddable":true,"href":"https:\/\/doncomos.com\/educar\/wp-json\/wp\/v2\/media\/10044"}],"wp:attachment":[{"href":"https:\/\/doncomos.com\/educar\/wp-json\/wp\/v2\/media?parent=10040"}],"wp:term":[{"taxonomy":"category","embeddable":true,"href":"https:\/\/doncomos.com\/educar\/wp-json\/wp\/v2\/categories?post=10040"},{"taxonomy":"post_tag","embeddable":true,"href":"https:\/\/doncomos.com\/educar\/wp-json\/wp\/v2\/tags?post=10040"}],"curies":[{"name":"wp","href":"https:\/\/api.w.org\/{rel}","templated":true}]}}