{"id":10437,"date":"2018-08-22T14:53:18","date_gmt":"2018-08-22T13:53:18","guid":{"rendered":"http:\/\/doncomos.com\/educar\/?p=10437"},"modified":"2018-07-16T20:54:41","modified_gmt":"2018-07-16T19:54:41","slug":"que-es-el-tiempo","status":"publish","type":"post","link":"https:\/\/doncomos.com\/educar\/que-es-el-tiempo","title":{"rendered":"Qu\u00e9 es El Tiempo"},"content":{"rendered":"<div id=\"toc_container\" class=\"no_bullets\"><p class=\"toc_title\">Contenido del Art&iacute;culo<\/p><ul class=\"toc_list\"><li><a href=\"#Instrucciones\">Instrucciones<\/a><\/li><li><a href=\"#Que_Necesitas\">Que Necesitas<\/a><\/li><li><a href=\"#_Importancia\">\u00a0\u00a0\u00a0 Importancia<\/a><\/li><li><a href=\"#_Acepciones\">\u00a0\u00a0 \u00a0Acepciones<\/a><\/li><li><a href=\"#Caracteristicas\">\u00a0Caracter\u00edsticas<\/a><ul><li><a href=\"#Relativo\">Relativo<\/a><\/li><li><a href=\"#Abstracto\">Abstracto<\/a><\/li><li><a href=\"#Necesario\">Necesario<\/a><\/li><li><a href=\"#Irremplazable\">Irremplazable<\/a><\/li><\/ul><\/li><li><a href=\"#Consejos\">Consejos<\/a><\/li><\/ul><\/div>\n<p><strong>Desde la antig\u00fcedad el hombre se ha valido del tiempo<\/strong>. Desde comienzos de la historia, el hombre se percat\u00f3 de que pod\u00eda manejar la periodicidad en la ocurrencia de diferentes fen\u00f3menos, para dise\u00f1ar y construir un sistema que midiera el tiempo.<\/p>\n<p>Mucho antes de la invenci\u00f3n de los relojes, el hombre se orientaba a trav\u00e9s de la <strong>observaci\u00f3n de la naturaleza <\/strong>para medirlo. Su primer recurso fueron los astros. De esta forma, la aparici\u00f3n del sol y la luna le serv\u00edan como indicadores para dormir o acostarse.<\/p>\n<p><strong>Los grandes obeliscos de la antig\u00fcedad egipcia<\/strong> ten\u00edan el objeto de medir el transcurrir del d\u00eda, estos ten\u00edan una funci\u00f3n p\u00fablica porque estaban a la vista de todos. Tambi\u00e9n utilizaban los relojes de agua en la noche cuando los relojes de sol ya no eran \u00fatiles. Estos consist\u00edan en una vasija que conten\u00eda agua, algunas marcas y un peque\u00f1o orificio que indicaba, en la medida que esta drenaba, cu\u00e1nto tiempo hab\u00eda transcurrido.<\/p>\n<p><strong>Las civilizaciones del mundo<\/strong> desde China hasta el Mediterr\u00e1neo, <strong>conocieron y manejaron el reloj de Sol.<\/strong> El m\u00e1s sencillo era una simple vara clavada en el suelo en forma paralela con el eje del globo terrestre. La sombra que proyectaba en el suelo, determinaba el momento del d\u00eda en el cual se encontraban.<\/p>\n<p><strong>Al evolucionar <a href=\"https:\/\/doncomos.com\/educar\/quien-invento-el-telescopio\">la astronom\u00eda<\/a><\/strong> como ciencia, <strong>comenzaron a dise\u00f1arse diferentes instrumentos para medir el tiempo<\/strong>. Podemos comenzar nombrando los relojes de arena, pasando por relojes mec\u00e1nicos, hasta llegar a los digitales y los cron\u00f3metros utilizados actualmente.<\/p>\n<p>Cada dise\u00f1o e invento, respond\u00eda a una alternativa \u00fanica para la \u00e9poca, la cual era medir el tiempo; sin embargo, cada uno presentaba ciertas limitaciones; por ejemplo, el reloj de arena era afectado por el fr\u00edo, ya que sol\u00eda congelarse.<\/p>\n<p>Con el transcurrir de la historia, el <strong>hombre contabiliza com\u00fanmente el tiempo con relojes<\/strong>, sin embargo, se vale de otro tipo de equipos dise\u00f1ados para una funci\u00f3n espec\u00edfica, pero a su vez marcan las horas; entre ellos, los m\u00f3viles, el radio-despertador, incluso, los gr\u00e1ficos de una computadora que te se\u00f1alan cu\u00e1nto falta para que se descargue alguna funci\u00f3n, aplicaci\u00f3n o programa.<\/p>\n<p><strong>Con el desarrollo de la ciencia y la t\u00e9cnica se va haciendo la medida temporal m\u00e1s absoluta que relativa<\/strong>; es decir, se empezaron a construir aparatos que registran el tiempo con mayor exactitud y precisi\u00f3n. As\u00ed tenemos la invenci\u00f3n del cron\u00f3metro, el cual, por su grado de exactitud, se pudo avanzar en la determinaci\u00f3n de las coordenadas en la navegaci\u00f3n.<\/p>\n<p><img loading=\"lazy\" decoding=\"async\" class=\"alignnone size-full wp-image-10440\" src=\"https:\/\/doncomos.com\/educar\/wp-content\/uploads\/sites\/7\/2018\/06\/El-Tiempo-389.jpg\" alt=\"El Tiempo\" width=\"640\" height=\"400\" srcset=\"https:\/\/doncomos.com\/educar\/wp-content\/uploads\/sites\/7\/2018\/06\/El-Tiempo-389.jpg 640w, https:\/\/doncomos.com\/educar\/wp-content\/uploads\/sites\/7\/2018\/06\/El-Tiempo-389-300x188.jpg 300w, https:\/\/doncomos.com\/educar\/wp-content\/uploads\/sites\/7\/2018\/06\/El-Tiempo-389-270x169.jpg 270w\" sizes=\"auto, (max-width: 640px) 100vw, 640px\" \/><\/p>\n<p>El avance de la historia con respecto al reloj, estuvo marcada con el reloj el\u00e9ctrico en 1841. No es sino hasta 1921 cuanto este aparato logra perfeccionarse, porque su p\u00e9ndulo lograba oscilar pr\u00e1cticamente libre, y no a trav\u00e9s de electro imanes.<\/p>\n<p>Lo \u00faltimo en invenci\u00f3n de reloj son los \u201csmartwatch\u201d o relojes inteligentes, los cuales est\u00e1n dise\u00f1ados como relojes pulseras, pero su funcionamiento lo determina una computadora, que ofrece diferentes funciones, por ejemplo: el estado del clima, <a href=\"https:\/\/doncomos.com\/educar\/quien-invento-el-internet\">conexi\u00f3n con Internet<\/a>, la hora del d\u00eda, etc.<\/p>\n<div align=\"center\"><!-- Doncomos Educar Enlaces Adaptable -->\n                                       <ins class=\"adsbygoogle\"\n                                            style=\"display:block; height:90px;\"\n                                            data-ad-client=\"ca-pub-7889333885495326\"\n                                            data-ad-slot=\"1590071393\"\n                                            data-ad-format=\"link\"><\/ins>\n                                       <script>\n                                       (adsbygoogle = window.adsbygoogle || []).push({});\n                                       <\/script><div id=\"div-video-intext\"><\/div><\/div><div class='single-functions-top-instrucciones'><h2 class='h2-title-single'><span id=\"Instrucciones\">Instrucciones<\/span><\/h2><blockquote-content><p><strong>Desde la antig\u00fcedad el hombre se ha valido del tiempo<\/strong>. Desde comienzos de la historia, el hombre se percat\u00f3 de que pod\u00eda manejar la periodicidad en la ocurrencia de diferentes fen\u00f3menos, para dise\u00f1ar y construir un sistema que midiera el tiempo.<\/p>\n<p>Mucho antes de la invenci\u00f3n de los relojes, el hombre se orientaba a trav\u00e9s de la <strong>observaci\u00f3n de la naturaleza <\/strong>para medirlo. Su primer recurso fueron los astros. De esta forma, la aparici\u00f3n del sol y la luna le serv\u00edan como indicadores para dormir o acostarse.<\/p>\n<p><strong>Los grandes obeliscos de la antig\u00fcedad egipcia<\/strong> ten\u00edan el objeto de medir el transcurrir del d\u00eda, estos ten\u00edan una funci\u00f3n p\u00fablica porque estaban a la vista de todos. Tambi\u00e9n utilizaban los relojes de agua en la noche cuando los relojes de sol ya no eran \u00fatiles. Estos consist\u00edan en una vasija que conten\u00eda agua, algunas marcas y un peque\u00f1o orificio que indicaba, en la medida que esta drenaba, cu\u00e1nto tiempo hab\u00eda transcurrido.<\/p>\n<p><strong>Las civilizaciones del mundo<\/strong> desde China hasta el Mediterr\u00e1neo, <strong>conocieron y manejaron el reloj de Sol.<\/strong> El m\u00e1s sencillo era una simple vara clavada en el suelo en forma paralela con el eje del globo terrestre. La sombra que proyectaba en el suelo, determinaba el momento del d\u00eda en el cual se encontraban.<\/p>\n<p><strong>Al evolucionar la astronom\u00eda<\/strong> como ciencia, <strong>comenzaron a dise\u00f1arse diferentes instrumentos para medir el tiempo<\/strong>. Podemos comenzar nombrando los relojes de arena, pasando por relojes mec\u00e1nicos, hasta llegar a los digitales y los cron\u00f3metros utilizados actualmente.<\/p>\n<p>Cada dise\u00f1o e invento, respond\u00eda a una alternativa \u00fanica para la \u00e9poca, la cual era medir el tiempo; sin embargo, cada uno presentaba ciertas limitaciones; por ejemplo, el reloj de arena era afectado por el fr\u00edo, ya que sol\u00eda congelarse.<\/p>\n<p>Con el transcurrir de la historia, el <strong>hombre contabiliza com\u00fanmente el tiempo con relojes<\/strong>, sin embargo, se vale de otro tipo de equipos dise\u00f1ados para una funci\u00f3n espec\u00edfica, pero a su vez marcan las horas; entre ellos, los m\u00f3viles, el radio-despertador, incluso, los gr\u00e1ficos de una computadora que te se\u00f1alan cu\u00e1nto falta para que se descargue alguna funci\u00f3n, aplicaci\u00f3n o programa.<\/p>\n<p><strong>Con el desarrollo de la ciencia y la t\u00e9cnica se va haciendo la medida temporal m\u00e1s absoluta que relativa<\/strong>; es decir, se empezaron a construir aparatos que registran el tiempo con mayor exactitud y precisi\u00f3n. As\u00ed tenemos la invenci\u00f3n del cron\u00f3metro, el cual, por su grado de exactitud, se pudo avanzar en la determinaci\u00f3n de las coordenadas en la navegaci\u00f3n.<\/p>\n<p>El avance de la historia con respecto al reloj, estuvo marcada con el reloj el\u00e9ctrico en 1841. No es sino hasta 1921 cuanto este aparato logra perfeccionarse, porque su p\u00e9ndulo lograba oscilar pr\u00e1cticamente libre, y no a trav\u00e9s de electro imanes.<\/p>\n<p>Lo \u00faltimo en invenci\u00f3n de reloj son los \u201csmartwatch\u201d o relojes inteligentes, los cuales est\u00e1n dise\u00f1ados como relojes pulseras, pero su funcionamiento lo determina una computadora, que ofrece diferentes funciones, por ejemplo: el estado del clima, conexi\u00f3n con Internet, la hora del d\u00eda, etc.<\/p>\n<\/blockquote-content><\/div>\n<div align=\"center\"><!-- Doncomos Educar 336 x 280 -->\n                                <ins class=\"adsbygoogle\"\n                                     style=\"display:inline-block;width:336px;height:280px\"\n                                     data-ad-client=\"ca-pub-7889333885495326\"\n                                     data-ad-slot=\"7649523894\"><\/ins>\n                                <script>\n                                (adsbygoogle = window.adsbygoogle || []).push({});\n                                <\/script><\/div><div class='single-functions-div-instrucciones2'><h2 class='h2-title-single'><span id=\"Que_Necesitas\">Que Necesitas<\/span><\/h2><blockquote-content><p><strong>La palabra tiempo procede del lat\u00edn \u201ctempus\u201d<\/strong>. Su significado es realmente amplio y suele aplicarse en diferentes \u00e1mbitos porque el tiempo es una convenci\u00f3n social. Pero el significado m\u00e1s amplio es el que est\u00e1 enmarcado desde el punto de vista f\u00edsico, cuando relaciona los sucesos en secuencias.<\/p>\n<h2><span id=\"_Importancia\">\u00a0\u00a0\u00a0 Importancia<\/span><\/h2>\n<p><img loading=\"lazy\" decoding=\"async\" class=\"alignnone size-full wp-image-10441\" src=\"https:\/\/doncomos.com\/educar\/wp-content\/uploads\/sites\/7\/2018\/06\/El-Tiempo-806.jpg\" alt=\"El Tiempo\" width=\"640\" height=\"482\" srcset=\"https:\/\/doncomos.com\/educar\/wp-content\/uploads\/sites\/7\/2018\/06\/El-Tiempo-806.jpg 640w, https:\/\/doncomos.com\/educar\/wp-content\/uploads\/sites\/7\/2018\/06\/El-Tiempo-806-300x226.jpg 300w, https:\/\/doncomos.com\/educar\/wp-content\/uploads\/sites\/7\/2018\/06\/El-Tiempo-806-266x200.jpg 266w\" sizes=\"auto, (max-width: 640px) 100vw, 640px\" \/><\/p>\n<p>Para que un ser humano lleve una vida organizada y simple, recurre al tiempo, la cual es una herramienta fundamental en su d\u00eda a d\u00eda. Este le permite al individuo medir el tiempo transcurrido en sus diversos asuntos o alg\u00fan momento de la vida. Sin embargo, el hombre en su af\u00e1n de controlar sus actividades le ha dado divisiones y clasificaciones a\u00fan m\u00e1s.<\/p>\n<h2><span id=\"_Acepciones\">\u00a0\u00a0 \u00a0Acepciones<\/span><\/h2>\n<ul>\n<li class='single-functions-li-instrucciones'><input class='single-functions-instrucciones' type='checkbox'> Medio Tiempo<\/li>\n<\/ul>\n<p>Esta forma de llamar al tiempo corresponde al campo deportivo, la cual establece un per\u00edodo de receso entre las dos mitades de un juego como el f\u00fatbol. Esto viene por extensi\u00f3n del ingl\u00e9s \u201chalf time\u201d, lo cual traduce medio tiempo.<\/p>\n<p>Si hablamos de la jornada de trabajo, se expresa de esta forma los contratos de jornadas de medio tiempo.<\/p>\n<ul>\n<li class='single-functions-li-instrucciones'><input class='single-functions-instrucciones' type='checkbox'> Tiempo libre<\/li>\n<\/ul>\n<p>Implica dedicar un espacio para realizar actividades que no son las regulares como trabajar, estudiar, o hacer las labores del hogar. La persona maneja el tiempo sin restricciones, o seg\u00fan su conveniencia.<\/p>\n<ul>\n<li class='single-functions-li-instrucciones'><input class='single-functions-instrucciones' type='checkbox'> Tiempo real<\/li>\n<\/ul>\n<p>Se aplica a la interacci\u00f3n, a trav\u00e9s de medios digitales, entre el tiempo interno que emite el sistema, y el tiempo del ambiente. Por esta raz\u00f3n, es posible observar un juego de futbol a trav\u00e9s de la se\u00f1al del sat\u00e9lite en el preciso momento en que este ocurre.<\/p>\n<ul>\n<li class='single-functions-li-instrucciones'><input class='single-functions-instrucciones' type='checkbox'> Tiempo cronol\u00f3gico<\/li>\n<\/ul>\n<p>Es aquel que se mide a trav\u00e9s de instrumentos convencionales como el reloj y los calendarios o almanaques, que sirven como referencia para regir nuestros asuntos habituales.<\/p>\n<ul>\n<li class='single-functions-li-instrucciones'><input class='single-functions-instrucciones' type='checkbox'> Tiempo psicol\u00f3gico<\/li>\n<\/ul>\n<p>Esta referido a la teor\u00eda de Einstein con respecto a la relatividad del tiempo.<\/p>\n<h2><span id=\"Caracteristicas\">\u00a0Caracter\u00edsticas<\/span><\/h2>\n<h3><span id=\"Relativo\">Relativo<\/span><\/h3>\n<ul>\n<li class='single-functions-li-instrucciones'><input class='single-functions-instrucciones' type='checkbox'> Einsten se\u00f1al\u00f3 que la medici\u00f3n del tiempo es <strong>relativa <\/strong>en 1905<strong>,<\/strong> y esa es su principal caracter\u00edstica. Su tesis plantea que todo depende del punto de referencia o perspectiva. Por ejemplo, para una relaci\u00f3n amorosa, 5 minutos de disfrute entre los amantes puede ser considerado que transcurre como la velocidad de la luz; sin embargo, para alguien que se encuentra atrapado en una cat\u00e1strofe natural, 5 minutos pueden ser considerados un <strong>buf<\/strong>, que es la mayor medida con la cual se puede determinar la magnitud del tiempo. Por eso espacio y tiempo van siempre de la mano.<\/li>\n<li class='single-functions-li-instrucciones'><input class='single-functions-instrucciones' type='checkbox'> La edad es otra noci\u00f3n de relatividad del tiempo. Quiz\u00e1s ya est\u00e1s muy entrado en la tercera edad, tienes ya 70 a\u00f1os, no obstante, consideras que solo hace poco eras joven y gal\u00e1n, con buen porte y codiciado por todas.<\/li>\n<\/ul>\n<h3><span id=\"Abstracto\">Abstracto<\/span><\/h3>\n<ul>\n<li class='single-functions-li-instrucciones'><input class='single-functions-instrucciones' type='checkbox'> <strong>El tiempo es un concepto abstracto,<\/strong> no tiene forma y es intangible, por esta raz\u00f3n, para los ni\u00f1os es dif\u00edcil comprender su secuencia. El tiempo nunca se detiene y no puedes conservarlo. Cada instante pasa y desaparece, por esta raz\u00f3n se habla de \u201caprovechar el tiempo\u201d utiliz\u00e1ndolo de forma diferente para diferentes objetivos.<\/li>\n<\/ul>\n<h3><span id=\"Necesario\">Necesario<\/span><\/h3>\n<ul>\n<li class='single-functions-li-instrucciones'><input class='single-functions-instrucciones' type='checkbox'> <strong>Toda actividad requiere organizaci\u00f3n y planificaci\u00f3n<\/strong>, la cual viene dada solamente por el tiempo. De esta forma la inversi\u00f3n en la actividad valdr\u00e1 la pena, porque ahorrar\u00e1s tiempo para poder dedicarte a otras actividades.<\/li>\n<li class='single-functions-li-instrucciones'><input class='single-functions-instrucciones' type='checkbox'> Interrumpir lo que estamos haciendo y luego reanudarlo, tiende a causar confusi\u00f3n y entorpece el desarrollo de la labor, todo por no manejar bien el tiempo. Todo requiere un plazo y un tiempo determinado para concretar cualquier actividad.<\/li>\n<\/ul>\n<h3><span id=\"Irremplazable\">Irremplazable<\/span><\/h3>\n<ul>\n<li class='single-functions-li-instrucciones'><input class='single-functions-instrucciones' type='checkbox'> Cuando<a href=\"https:\/\/doncomos.com\/educar\/como-optimizar-el-tiempo\"> <strong>aprovechas el tiempo<\/strong> <\/a>en cada una de las circunstancias de la vida, no habr\u00e1 cabida para arrepentimientos ni quejas. Por ejemplo, en el tiempo que dedicamos a nuestros seres queridos debe ser de calidad.<\/li>\n<li class='single-functions-li-instrucciones'><input class='single-functions-instrucciones' type='checkbox'> Evita los aplazamientos. No dejes las cosas \u201cpara despu\u00e9s\u201d, o \u201cpara el \u00faltimo d\u00eda\u201d. Define los plazos y planif\u00edcalos, porque te evitar\u00e1s grandes inconvenientes.<\/li>\n<li class='single-functions-li-instrucciones'><input class='single-functions-instrucciones' type='checkbox'> Establece prioridades en cuanto a las actividades que realizas. Puede ser que dediques mucho tiempo a algo que a simple vista no rendir\u00e1 buenos resultados.<\/li>\n<\/ul>\n<p>Debes recordar que el tiempo, no lo podemos controlar; aun cuando hayas priorizado surgir\u00e1n diferentes eventualidades que nos hacen dif\u00edcil cubrir lo establecido. Sin embargo, no permitas que ciertos asuntos te roben el tiempo y te jueguen una mala pasada: la desorganizaci\u00f3n, tu estilo de trabajo, revisi\u00f3n de correos electr\u00f3nicos, falta de inter\u00e9s, redes sociales.<\/p>\n<\/blockquote-content><\/div>\n<div align=\"center\"><!-- Doncomos Educar 336 x 280 -->\n                                <ins class=\"adsbygoogle\"\n                                     style=\"display:inline-block;width:336px;height:280px\"\n                                     data-ad-client=\"ca-pub-7889333885495326\"\n                                     data-ad-slot=\"7649523894\"><\/ins>\n                                <script>\n                                (adsbygoogle = window.adsbygoogle || []).push({});\n                                <\/script><\/div><div class='single-functions-consejos'><h2 class='h2-title-single'><span id=\"Consejos\">Consejos<\/span><\/h2><blockquote-content><\/blockquote-content><\/div>\n","protected":false},"excerpt":{"rendered":"<p>Desde la antig\u00fcedad el hombre se ha valido del tiempo. Desde comienzos de la historia, el hombre se percat\u00f3 de que pod\u00eda manejar la periodicidad en la ocurrencia de diferentes fen\u00f3menos, para dise\u00f1ar y construir un sistema que midiera el [&hellip;]<\/p>\n","protected":false},"author":62,"featured_media":10442,"comment_status":"open","ping_status":"closed","sticky":false,"template":"","format":"standard","meta":{"footnotes":""},"categories":[1515,1512],"tags":[],"class_list":["post-10437","post","type-post","status-publish","format-standard","has-post-thumbnail","hentry","category-ciencias","category-medio-ambiente"],"acf":[],"yoast_head":"<!-- This site is optimized with the Yoast SEO plugin v19.6 - https:\/\/yoast.com\/wordpress\/plugins\/seo\/ -->\n<title>Qu\u00e9 es El Tiempo - Educaci\u00f3n Don C\u00f3mos<\/title>\n<meta name=\"description\" content=\"Desde comienzos de la historia, el hombre se percat\u00f3 de que pod\u00eda manejar la periodicidad en la ocurrencia de diferentes fen\u00f3menos para medir el tiempo. En este art\u00edculo te contamos todo lo que necesitas saber sobrel El Tiempo.\" \/>\n<meta name=\"robots\" content=\"index, follow, max-snippet:-1, max-image-preview:large, max-video-preview:-1\" \/>\n<meta property=\"og:locale\" content=\"es_ES\" \/>\n<meta property=\"og:type\" content=\"article\" \/>\n<meta property=\"og:title\" content=\"Qu\u00e9 es El Tiempo - Educaci\u00f3n Don C\u00f3mos\" \/>\n<meta property=\"og:description\" content=\"Desde comienzos de la historia, el hombre se percat\u00f3 de que pod\u00eda manejar la periodicidad en la ocurrencia de diferentes fen\u00f3menos para medir el tiempo. En este art\u00edculo te contamos todo lo que necesitas saber sobrel El Tiempo.\" \/>\n<meta property=\"og:url\" content=\"https:\/\/doncomos.com\/educar\/que-es-el-tiempo\" \/>\n<meta property=\"og:site_name\" content=\"Educar Doncomos.com: Aprende de forma F\u00e1cil y Amena\" \/>\n<meta property=\"article:publisher\" content=\"https:\/\/www.facebook.com\/doncomos\" \/>\n<meta property=\"article:published_time\" content=\"2018-08-22T13:53:18+00:00\" \/>\n<meta property=\"article:modified_time\" content=\"2018-07-16T19:54:41+00:00\" \/>\n<meta property=\"og:image\" content=\"https:\/\/doncomos.com\/educar\/wp-content\/uploads\/sites\/7\/2018\/06\/El-Tiempo-547.jpg\" \/>\n\t<meta property=\"og:image:width\" content=\"640\" \/>\n\t<meta property=\"og:image:height\" content=\"426\" \/>\n\t<meta property=\"og:image:type\" content=\"image\/jpeg\" \/>\n<meta name=\"author\" content=\"G\u00e9nesis\" \/>\n<meta name=\"twitter:card\" content=\"summary\" \/>\n<meta name=\"twitter:creator\" content=\"@twitter.com \u203a Gnesis83839134\" \/>\n<meta name=\"twitter:site\" content=\"@doncomos\" \/>\n<meta name=\"twitter:label1\" content=\"Escrito por\" \/>\n\t<meta name=\"twitter:data1\" content=\"G\u00e9nesis\" \/>\n\t<meta name=\"twitter:label2\" content=\"Tiempo de lectura\" \/>\n\t<meta name=\"twitter:data2\" content=\"3 minutos\" \/>\n<script type=\"application\/ld+json\" class=\"yoast-schema-graph\">{\"@context\":\"https:\/\/schema.org\",\"@graph\":[{\"@type\":\"WebPage\",\"@id\":\"https:\/\/doncomos.com\/educar\/que-es-el-tiempo\",\"url\":\"https:\/\/doncomos.com\/educar\/que-es-el-tiempo\",\"name\":\"Qu\u00e9 es El Tiempo - Educaci\u00f3n Don C\u00f3mos\",\"isPartOf\":{\"@id\":\"https:\/\/doncomos.com\/educar\/#website\"},\"datePublished\":\"2018-08-22T13:53:18+00:00\",\"dateModified\":\"2018-07-16T19:54:41+00:00\",\"author\":{\"@id\":\"https:\/\/doncomos.com\/educar\/#\/schema\/person\/cd69075ee37d261d08cf9ffc10b29dde\"},\"description\":\"Desde comienzos de la historia, el hombre se percat\u00f3 de que pod\u00eda manejar la periodicidad en la ocurrencia de diferentes fen\u00f3menos para medir el tiempo. En este art\u00edculo te contamos todo lo que necesitas saber sobrel El Tiempo.\",\"breadcrumb\":{\"@id\":\"https:\/\/doncomos.com\/educar\/que-es-el-tiempo#breadcrumb\"},\"inLanguage\":\"es\",\"potentialAction\":[{\"@type\":\"ReadAction\",\"target\":[\"https:\/\/doncomos.com\/educar\/que-es-el-tiempo\"]}]},{\"@type\":\"BreadcrumbList\",\"@id\":\"https:\/\/doncomos.com\/educar\/que-es-el-tiempo#breadcrumb\",\"itemListElement\":[{\"@type\":\"ListItem\",\"position\":1,\"name\":\"Home\",\"item\":\"https:\/\/doncomos.com\/educar\"},{\"@type\":\"ListItem\",\"position\":2,\"name\":\"Qu\u00e9 es El Tiempo\"}]},{\"@type\":\"WebSite\",\"@id\":\"https:\/\/doncomos.com\/educar\/#website\",\"url\":\"https:\/\/doncomos.com\/educar\/\",\"name\":\"Educar Doncomos.com: Aprende de forma F\u00e1cil y Amena\",\"description\":\"Educar - Ense\u00f1amos todos los c\u00f3mos sobre educaci\u00f3n de la mano de profesores\",\"potentialAction\":[{\"@type\":\"SearchAction\",\"target\":{\"@type\":\"EntryPoint\",\"urlTemplate\":\"https:\/\/doncomos.com\/educar\/?s={search_term_string}\"},\"query-input\":\"required name=search_term_string\"}],\"inLanguage\":\"es\"},{\"@type\":\"Person\",\"@id\":\"https:\/\/doncomos.com\/educar\/#\/schema\/person\/cd69075ee37d261d08cf9ffc10b29dde\",\"name\":\"G\u00e9nesis\",\"image\":{\"@type\":\"ImageObject\",\"inLanguage\":\"es\",\"@id\":\"https:\/\/doncomos.com\/educar\/#\/schema\/person\/image\/\",\"url\":\"https:\/\/secure.gravatar.com\/avatar\/46333e3e29b1f29bc7ce089606b3ea291627561f954bf6aee907bf309273cfed?s=96&d=mm&r=g\",\"contentUrl\":\"https:\/\/secure.gravatar.com\/avatar\/46333e3e29b1f29bc7ce089606b3ea291627561f954bf6aee907bf309273cfed?s=96&d=mm&r=g\",\"caption\":\"G\u00e9nesis\"},\"description\":\"Dedicada a la redacci\u00f3n de contenidos de calidad, correcci\u00f3n de estilo y actualizaci\u00f3n de la informaci\u00f3n; con experiencia en gesti\u00f3n de informaci\u00f3n veraz y estrategias de comprensi\u00f3n lectora.\",\"sameAs\":[\"https:\/\/pe.linkedin.com \u203a genesis-leon-s-\",\"https:\/\/twitter.com\/twitter.com \u203a Gnesis83839134\"],\"url\":\"https:\/\/doncomos.com\/educar\/autor\/beatriz\"}]}<\/script>\n<!-- \/ Yoast SEO plugin. -->","yoast_head_json":{"title":"Qu\u00e9 es El Tiempo - Educaci\u00f3n Don C\u00f3mos","description":"Desde comienzos de la historia, el hombre se percat\u00f3 de que pod\u00eda manejar la periodicidad en la ocurrencia de diferentes fen\u00f3menos para medir el tiempo. En este art\u00edculo te contamos todo lo que necesitas saber sobrel El Tiempo.","robots":{"index":"index","follow":"follow","max-snippet":"max-snippet:-1","max-image-preview":"max-image-preview:large","max-video-preview":"max-video-preview:-1"},"og_locale":"es_ES","og_type":"article","og_title":"Qu\u00e9 es El Tiempo - Educaci\u00f3n Don C\u00f3mos","og_description":"Desde comienzos de la historia, el hombre se percat\u00f3 de que pod\u00eda manejar la periodicidad en la ocurrencia de diferentes fen\u00f3menos para medir el tiempo. En este art\u00edculo te contamos todo lo que necesitas saber sobrel El Tiempo.","og_url":"https:\/\/doncomos.com\/educar\/que-es-el-tiempo","og_site_name":"Educar Doncomos.com: Aprende de forma F\u00e1cil y Amena","article_publisher":"https:\/\/www.facebook.com\/doncomos","article_published_time":"2018-08-22T13:53:18+00:00","article_modified_time":"2018-07-16T19:54:41+00:00","og_image":[{"width":640,"height":426,"url":"https:\/\/doncomos.com\/educar\/wp-content\/uploads\/sites\/7\/2018\/06\/El-Tiempo-547.jpg","type":"image\/jpeg"}],"author":"G\u00e9nesis","twitter_card":"summary","twitter_creator":"@twitter.com \u203a Gnesis83839134","twitter_site":"@doncomos","twitter_misc":{"Escrito por":"G\u00e9nesis","Tiempo de lectura":"3 minutos"},"schema":{"@context":"https:\/\/schema.org","@graph":[{"@type":"WebPage","@id":"https:\/\/doncomos.com\/educar\/que-es-el-tiempo","url":"https:\/\/doncomos.com\/educar\/que-es-el-tiempo","name":"Qu\u00e9 es El Tiempo - Educaci\u00f3n Don C\u00f3mos","isPartOf":{"@id":"https:\/\/doncomos.com\/educar\/#website"},"datePublished":"2018-08-22T13:53:18+00:00","dateModified":"2018-07-16T19:54:41+00:00","author":{"@id":"https:\/\/doncomos.com\/educar\/#\/schema\/person\/cd69075ee37d261d08cf9ffc10b29dde"},"description":"Desde comienzos de la historia, el hombre se percat\u00f3 de que pod\u00eda manejar la periodicidad en la ocurrencia de diferentes fen\u00f3menos para medir el tiempo. En este art\u00edculo te contamos todo lo que necesitas saber sobrel El Tiempo.","breadcrumb":{"@id":"https:\/\/doncomos.com\/educar\/que-es-el-tiempo#breadcrumb"},"inLanguage":"es","potentialAction":[{"@type":"ReadAction","target":["https:\/\/doncomos.com\/educar\/que-es-el-tiempo"]}]},{"@type":"BreadcrumbList","@id":"https:\/\/doncomos.com\/educar\/que-es-el-tiempo#breadcrumb","itemListElement":[{"@type":"ListItem","position":1,"name":"Home","item":"https:\/\/doncomos.com\/educar"},{"@type":"ListItem","position":2,"name":"Qu\u00e9 es El Tiempo"}]},{"@type":"WebSite","@id":"https:\/\/doncomos.com\/educar\/#website","url":"https:\/\/doncomos.com\/educar\/","name":"Educar Doncomos.com: Aprende de forma F\u00e1cil y Amena","description":"Educar - Ense\u00f1amos todos los c\u00f3mos sobre educaci\u00f3n de la mano de profesores","potentialAction":[{"@type":"SearchAction","target":{"@type":"EntryPoint","urlTemplate":"https:\/\/doncomos.com\/educar\/?s={search_term_string}"},"query-input":"required name=search_term_string"}],"inLanguage":"es"},{"@type":"Person","@id":"https:\/\/doncomos.com\/educar\/#\/schema\/person\/cd69075ee37d261d08cf9ffc10b29dde","name":"G\u00e9nesis","image":{"@type":"ImageObject","inLanguage":"es","@id":"https:\/\/doncomos.com\/educar\/#\/schema\/person\/image\/","url":"https:\/\/secure.gravatar.com\/avatar\/46333e3e29b1f29bc7ce089606b3ea291627561f954bf6aee907bf309273cfed?s=96&d=mm&r=g","contentUrl":"https:\/\/secure.gravatar.com\/avatar\/46333e3e29b1f29bc7ce089606b3ea291627561f954bf6aee907bf309273cfed?s=96&d=mm&r=g","caption":"G\u00e9nesis"},"description":"Dedicada a la redacci\u00f3n de contenidos de calidad, correcci\u00f3n de estilo y actualizaci\u00f3n de la informaci\u00f3n; con experiencia en gesti\u00f3n de informaci\u00f3n veraz y estrategias de comprensi\u00f3n lectora.","sameAs":["https:\/\/pe.linkedin.com \u203a genesis-leon-s-","https:\/\/twitter.com\/twitter.com \u203a Gnesis83839134"],"url":"https:\/\/doncomos.com\/educar\/autor\/beatriz"}]}},"_links":{"self":[{"href":"https:\/\/doncomos.com\/educar\/wp-json\/wp\/v2\/posts\/10437","targetHints":{"allow":["GET"]}}],"collection":[{"href":"https:\/\/doncomos.com\/educar\/wp-json\/wp\/v2\/posts"}],"about":[{"href":"https:\/\/doncomos.com\/educar\/wp-json\/wp\/v2\/types\/post"}],"author":[{"embeddable":true,"href":"https:\/\/doncomos.com\/educar\/wp-json\/wp\/v2\/users\/62"}],"replies":[{"embeddable":true,"href":"https:\/\/doncomos.com\/educar\/wp-json\/wp\/v2\/comments?post=10437"}],"version-history":[{"count":2,"href":"https:\/\/doncomos.com\/educar\/wp-json\/wp\/v2\/posts\/10437\/revisions"}],"predecessor-version":[{"id":10515,"href":"https:\/\/doncomos.com\/educar\/wp-json\/wp\/v2\/posts\/10437\/revisions\/10515"}],"wp:featuredmedia":[{"embeddable":true,"href":"https:\/\/doncomos.com\/educar\/wp-json\/wp\/v2\/media\/10442"}],"wp:attachment":[{"href":"https:\/\/doncomos.com\/educar\/wp-json\/wp\/v2\/media?parent=10437"}],"wp:term":[{"taxonomy":"category","embeddable":true,"href":"https:\/\/doncomos.com\/educar\/wp-json\/wp\/v2\/categories?post=10437"},{"taxonomy":"post_tag","embeddable":true,"href":"https:\/\/doncomos.com\/educar\/wp-json\/wp\/v2\/tags?post=10437"}],"curies":[{"name":"wp","href":"https:\/\/api.w.org\/{rel}","templated":true}]}}