{"id":10447,"date":"2018-08-25T23:35:53","date_gmt":"2018-08-25T22:35:53","guid":{"rendered":"http:\/\/doncomos.com\/educar\/?p=10447"},"modified":"2018-07-16T20:55:02","modified_gmt":"2018-07-16T19:55:02","slug":"que-es-el-calentamiento-global","status":"publish","type":"post","link":"https:\/\/doncomos.com\/educar\/que-es-el-calentamiento-global","title":{"rendered":"Qu\u00e9 es el Calentamiento global"},"content":{"rendered":"<p>\u00bfComprendes el grave peligro que conlleva el fen\u00f3meno del calentamiento global? \u00bfSabes cu\u00e1les son sus efectos? \u00bfConoces la forma de aminorar e impedir este fen\u00f3meno?<\/p>\n<p><strong>El calentamiento global<\/strong> es en la actualidad un aumento progresivo de la temperatura de la atm\u00f3sfera y en los oc\u00e9anos como efecto de la acumulaci\u00f3n de gases que concentran el calor en la atm\u00f3sfera.\u00a0 Esto se conoce con el nombre de <a href=\"https:\/\/doncomos.com\/educar\/cuidar-medio-ambiente\"><strong>efecto invernadero.<\/strong><\/a><\/p>\n<p>Este proceso se origina en un primer momento cuando la luz del sol llega a la superficie terrestre, donde la absorbe y luego se devuelve a la atm\u00f3sfera en forma de calor.<\/p>\n<p>Investigaciones aseveran que este aumento de temperatura ocurre a partir \u00a0del siglo XIX como resultado de la industrializaci\u00f3n a nivel mundial; por otra parte, los diferentes usos inadecuados dados al suelo que han generado la emisi\u00f3n de CO<sub>2 <\/sub>y otros agentes t\u00f3xicos lo cual produce el efecto exponencial invernadero.<\/p>\n<p>Estos agentes altamente contaminantes se concentran en la atm\u00f3sfera y crean una capa lo suficientemente gruesa para atrapar el calor del sol, produci\u00e9ndose un calentamiento mayor y similar al de un invernadero. Es decir, a mayor concentraci\u00f3n de gases, mayor retenci\u00f3n de calor, lo cual incide de forma negativa produciendo el calentamiento global, dando como resultado los cambios clim\u00e1ticos.<\/p>\n<p>Sus efectos abarcan todos los \u00e1mbitos del planeta, desde el Polo Norte hasta el Polo Sur, como puede observarse en el derretimiento de los t\u00e9mpanos de hielo, la elevaci\u00f3n del nivel del mar y los cambios en los ciclos de la naturaleza, entre otros.<\/p>\n<p><strong>Rese\u00f1a Hist\u00f3rica\u00a0\u00a0\u00a0\u00a0\u00a0\u00a0\u00a0\u00a0\u00a0\u00a0\u00a0 <\/strong><\/p>\n<p>Se estima que el calentamiento global se da inicio a <strong>mediados del siglo XIX<\/strong> se da inicio con la Revoluci\u00f3n Industrial. Algunos cient\u00edficos hablan del efecto invernadero a partir del a\u00f1o 1824, entre ellos Joseph Fourier plante\u00f3 que sin la existencia de atm\u00f3sfera, la Tierra ser\u00eda m\u00e1s fr\u00eda.<\/p>\n<p>El efecto invernadero <strong>forma parte de un proceso natural de la Tierra<\/strong>, como por ejemplo, <strong>las erupciones volc\u00e1nicas<\/strong>, las cuales despiden part\u00edculas que enfr\u00edan por un per\u00edodo de pocos a\u00f1os la superficie del planeta;\u00a0 el fen\u00f3meno del Ni\u00f1o, que son fen\u00f3menos predecibles y breves, entre otros. \u00a0Factores de este tipo no inciden agresivamente en este proceso.<\/p>\n<p>Sin embargo, <strong>a partir de 1895<\/strong>, se a\u00f1ade a este argumento la idea del suizo Savante Arrehenius, la cual establece \u00a0que <strong>los humanos influ\u00edan en el aumento del efecto invernadero\u00a0 porque producen di\u00f3xido de carbono<\/strong>, que es un gas de invernadero. Esta tesis argumenta que la cantidad de di\u00f3xido de carbono que expulsan los humanos se ha multiplicado desde la Revoluci\u00f3n Industrial; por lo tanto, <strong>lo que antes eran un proceso de miles de a\u00f1os, ahora se reduce a d\u00e9cadas.<\/strong><\/p>\n<p>Esta investigaci\u00f3n brind\u00f3 un gran aporte para la comprensi\u00f3n de este fen\u00f3meno que aqueja a la humanidad.<\/p>\n<p>Al hacer diferentes an\u00e1lisis\u00a0 en el aumento de temperatura se determina que el <strong>siglo XX fue el m\u00e1s caluroso <\/strong>\u2013seg\u00fan la ONU-, ya que la temperatura mundial aument\u00f3 0,3\u00b0 y 0,6\u00b0C, cifra que no debe ser subestimada por peque\u00f1a que parezca, pues ha sido causa de la gran variaci\u00f3n en la condici\u00f3n de vida de un ecosistema.<\/p>\n<p>En este sentido, el crecimiento gradual de los gases de invernadero, <strong>est\u00e1 cambiando el clima tan r\u00e1pidamente<\/strong>, que algunos <strong>seres vivos no pueden adaptarse f\u00e1cilmente<\/strong> al riguroso cambio de los climas, convirti\u00e9ndose esto en un desaf\u00edo.<\/p>\n<p>A partir de <strong>los a\u00f1os 70<\/strong> se comienza a hablar formalmente del cambio clim\u00e1tico.\u00a0 En <strong>1975 <\/strong>\u00a0Wallace Broecker, geoqu\u00edmico suizo, utiliz\u00f3 por vez primera este t\u00e9rmino en su art\u00edculo \u201cCambio Clim\u00e1tico\u201d.<\/p>\n<p>Existe una asimilaci\u00f3n del t\u00e9rmino \u201ccambio clim\u00e1tico\u201d con \u201ccalentamiento global\u201d ya que la temperatura media del plantea se ha modificado; as\u00ed las corrientes oce\u00e1nicas y los vientos distribuyen el calor alrededor del planeta, calent\u00e1ndolo o enfri\u00e1ndolo, modificando a su vez el ciclo de la lluvia y nevadas.<\/p>\n<p><img loading=\"lazy\" decoding=\"async\" class=\"alignnone size-full wp-image-10450\" src=\"https:\/\/doncomos.com\/educar\/wp-content\/uploads\/sites\/7\/2018\/06\/Calentamiento-global-840.jpg\" alt=\"Calentamiento global\" width=\"640\" height=\"328\" srcset=\"https:\/\/doncomos.com\/educar\/wp-content\/uploads\/sites\/7\/2018\/06\/Calentamiento-global-840.jpg 640w, https:\/\/doncomos.com\/educar\/wp-content\/uploads\/sites\/7\/2018\/06\/Calentamiento-global-840-300x154.jpg 300w, https:\/\/doncomos.com\/educar\/wp-content\/uploads\/sites\/7\/2018\/06\/Calentamiento-global-840-270x138.jpg 270w\" sizes=\"auto, (max-width: 640px) 100vw, 640px\" \/><\/p>\n<p>El proceso hist\u00f3rico del estudio <strong>del clima de la Tierra siempre ha sido variado<\/strong>.\u00a0 Las temperaturas actuales tambi\u00e9n ocurr\u00edan en el pasado. Por ejemplo, las temperaturas elevadas produjeron la formaci\u00f3n de las grandes capas de hielo, que cubr\u00edan la mayor parte del Norte de Am\u00e9rica y Europa.<\/p>\n<p><strong>Actualmente<\/strong>, al aumentar la concentraci\u00f3n de gases de invernadero,<strong> ocurre el derretimiento de los casquetes,<\/strong> lo cual ha generado el aumento considerable del nivel del mar.<\/p>\n<p>En el a\u00f1o 1988 se confirma la teor\u00eda sobre la diferencia clim\u00e1tica con respecto a 1880.\u00a0 <a href=\"https:\/\/www.renovablesverdes.com\/la-teoria-del-efecto-invernadero\/\" class=\"external\" rel=\"nofollow\" target=\"_blank\">La teor\u00eda del efecto invernadero<\/a> es aceptada y se establece la organizaci\u00f3n medioambiental de estudio sobre los cambios clim\u00e1ticos IPCC.<\/p>\n<p><strong>Se observa con preocupaci\u00f3n<\/strong> que est\u00e1n ocurriendo <strong>cambios acelerados en el clima<\/strong> y temporalmente inesperados. De hecho ha sido establecido que los a\u00f1os <strong>m\u00e1s calurosos<\/strong> se produjeron entre los a\u00f1os <strong>1995 y 2006<\/strong>, determinando as\u00ed el a\u00f1o 2015 como el m\u00e1s caluroso de los \u00faltimos 136 a\u00f1os. Existen registros de estos cambios desde 1880, la NASA \u00a0y la NOAA se encargan de corroborarlos.<\/p>\n<p>Actualmente, ante este grave problema, no existen normas definitivas para aminorar o detener los efectos del calentamiento del planeta.\u00a0 <strong>El protocolo de Kyoto en 1997<\/strong> fue el \u00faltimo acuerdo entre 162 pa\u00edses, para reducir en un 5%\u00a0 las emisiones de pa\u00edses desarrollados con respecto a 1990; sin embargo, <strong>no existe mayor preocupaci\u00f3n por cumplir<\/strong> al respecto hasta el 2012, cuando caduca el plazo.<\/p>\n","protected":false},"excerpt":{"rendered":"<p>\u00bfComprendes el grave peligro que conlleva el fen\u00f3meno del calentamiento global? \u00bfSabes cu\u00e1les son sus efectos? \u00bfConoces la forma de aminorar e impedir este fen\u00f3meno? El calentamiento global es en la actualidad un aumento progresivo de la temperatura de la [&hellip;]<\/p>\n","protected":false},"author":62,"featured_media":10451,"comment_status":"open","ping_status":"closed","sticky":false,"template":"","format":"standard","meta":{"footnotes":""},"categories":[1515,1512],"tags":[2135],"class_list":["post-10447","post","type-post","status-publish","format-standard","has-post-thumbnail","hentry","category-ciencias","category-medio-ambiente","tag-contaminacion"],"acf":[],"yoast_head":"<!-- This site is optimized with the Yoast SEO plugin v19.6 - https:\/\/yoast.com\/wordpress\/plugins\/seo\/ -->\n<title>Qu\u00e9 es el Calentamiento global - Educaci\u00f3n Don C\u00f3mos<\/title>\n<meta name=\"description\" content=\"\u00bfComprendes el grave peligro que conlleva el fen\u00f3meno del calentamiento global? \u00bfSabes cu\u00e1les son sus efectos? conoce m\u00e1s aqu\u00ed.\" \/>\n<meta name=\"robots\" content=\"index, follow, max-snippet:-1, max-image-preview:large, max-video-preview:-1\" \/>\n<meta property=\"og:locale\" content=\"es_ES\" \/>\n<meta property=\"og:type\" content=\"article\" \/>\n<meta property=\"og:title\" content=\"Qu\u00e9 es el Calentamiento global - Educaci\u00f3n Don C\u00f3mos\" \/>\n<meta property=\"og:description\" content=\"\u00bfComprendes el grave peligro que conlleva el fen\u00f3meno del calentamiento global? \u00bfSabes cu\u00e1les son sus efectos? conoce m\u00e1s aqu\u00ed.\" \/>\n<meta property=\"og:url\" content=\"https:\/\/doncomos.com\/educar\/que-es-el-calentamiento-global\" \/>\n<meta property=\"og:site_name\" content=\"Educar Doncomos.com: Aprende de forma F\u00e1cil y Amena\" \/>\n<meta property=\"article:publisher\" content=\"https:\/\/www.facebook.com\/doncomos\" \/>\n<meta property=\"article:published_time\" content=\"2018-08-25T22:35:53+00:00\" \/>\n<meta property=\"article:modified_time\" content=\"2018-07-16T19:55:02+00:00\" \/>\n<meta property=\"og:image\" content=\"https:\/\/doncomos.com\/educar\/wp-content\/uploads\/sites\/7\/2018\/06\/Calentamiento-global-244.jpg\" \/>\n\t<meta property=\"og:image:width\" content=\"624\" \/>\n\t<meta property=\"og:image:height\" content=\"640\" \/>\n\t<meta property=\"og:image:type\" content=\"image\/jpeg\" \/>\n<meta name=\"author\" content=\"G\u00e9nesis\" \/>\n<meta name=\"twitter:card\" content=\"summary\" \/>\n<meta name=\"twitter:creator\" content=\"@twitter.com \u203a Gnesis83839134\" \/>\n<meta name=\"twitter:site\" content=\"@doncomos\" \/>\n<meta name=\"twitter:label1\" content=\"Escrito por\" \/>\n\t<meta name=\"twitter:data1\" content=\"G\u00e9nesis\" \/>\n\t<meta name=\"twitter:label2\" content=\"Tiempo de lectura\" \/>\n\t<meta name=\"twitter:data2\" content=\"5 minutos\" \/>\n<script type=\"application\/ld+json\" class=\"yoast-schema-graph\">{\"@context\":\"https:\/\/schema.org\",\"@graph\":[{\"@type\":\"WebPage\",\"@id\":\"https:\/\/doncomos.com\/educar\/que-es-el-calentamiento-global\",\"url\":\"https:\/\/doncomos.com\/educar\/que-es-el-calentamiento-global\",\"name\":\"Qu\u00e9 es el Calentamiento global - Educaci\u00f3n Don C\u00f3mos\",\"isPartOf\":{\"@id\":\"https:\/\/doncomos.com\/educar\/#website\"},\"datePublished\":\"2018-08-25T22:35:53+00:00\",\"dateModified\":\"2018-07-16T19:55:02+00:00\",\"author\":{\"@id\":\"https:\/\/doncomos.com\/educar\/#\/schema\/person\/cd69075ee37d261d08cf9ffc10b29dde\"},\"description\":\"\u00bfComprendes el grave peligro que conlleva el fen\u00f3meno del calentamiento global? \u00bfSabes cu\u00e1les son sus efectos? conoce m\u00e1s aqu\u00ed.\",\"breadcrumb\":{\"@id\":\"https:\/\/doncomos.com\/educar\/que-es-el-calentamiento-global#breadcrumb\"},\"inLanguage\":\"es\",\"potentialAction\":[{\"@type\":\"ReadAction\",\"target\":[\"https:\/\/doncomos.com\/educar\/que-es-el-calentamiento-global\"]}]},{\"@type\":\"BreadcrumbList\",\"@id\":\"https:\/\/doncomos.com\/educar\/que-es-el-calentamiento-global#breadcrumb\",\"itemListElement\":[{\"@type\":\"ListItem\",\"position\":1,\"name\":\"Home\",\"item\":\"https:\/\/doncomos.com\/educar\"},{\"@type\":\"ListItem\",\"position\":2,\"name\":\"Qu\u00e9 es el Calentamiento global\"}]},{\"@type\":\"WebSite\",\"@id\":\"https:\/\/doncomos.com\/educar\/#website\",\"url\":\"https:\/\/doncomos.com\/educar\/\",\"name\":\"Educar Doncomos.com: Aprende de forma F\u00e1cil y Amena\",\"description\":\"Educar - Ense\u00f1amos todos los c\u00f3mos sobre educaci\u00f3n de la mano de profesores\",\"potentialAction\":[{\"@type\":\"SearchAction\",\"target\":{\"@type\":\"EntryPoint\",\"urlTemplate\":\"https:\/\/doncomos.com\/educar\/?s={search_term_string}\"},\"query-input\":\"required name=search_term_string\"}],\"inLanguage\":\"es\"},{\"@type\":\"Person\",\"@id\":\"https:\/\/doncomos.com\/educar\/#\/schema\/person\/cd69075ee37d261d08cf9ffc10b29dde\",\"name\":\"G\u00e9nesis\",\"image\":{\"@type\":\"ImageObject\",\"inLanguage\":\"es\",\"@id\":\"https:\/\/doncomos.com\/educar\/#\/schema\/person\/image\/\",\"url\":\"https:\/\/secure.gravatar.com\/avatar\/46333e3e29b1f29bc7ce089606b3ea291627561f954bf6aee907bf309273cfed?s=96&d=mm&r=g\",\"contentUrl\":\"https:\/\/secure.gravatar.com\/avatar\/46333e3e29b1f29bc7ce089606b3ea291627561f954bf6aee907bf309273cfed?s=96&d=mm&r=g\",\"caption\":\"G\u00e9nesis\"},\"description\":\"Dedicada a la redacci\u00f3n de contenidos de calidad, correcci\u00f3n de estilo y actualizaci\u00f3n de la informaci\u00f3n; con experiencia en gesti\u00f3n de informaci\u00f3n veraz y estrategias de comprensi\u00f3n lectora.\",\"sameAs\":[\"https:\/\/pe.linkedin.com \u203a genesis-leon-s-\",\"https:\/\/twitter.com\/twitter.com \u203a Gnesis83839134\"],\"url\":\"https:\/\/doncomos.com\/educar\/autor\/beatriz\"}]}<\/script>\n<!-- \/ Yoast SEO plugin. -->","yoast_head_json":{"title":"Qu\u00e9 es el Calentamiento global - Educaci\u00f3n Don C\u00f3mos","description":"\u00bfComprendes el grave peligro que conlleva el fen\u00f3meno del calentamiento global? \u00bfSabes cu\u00e1les son sus efectos? conoce m\u00e1s aqu\u00ed.","robots":{"index":"index","follow":"follow","max-snippet":"max-snippet:-1","max-image-preview":"max-image-preview:large","max-video-preview":"max-video-preview:-1"},"og_locale":"es_ES","og_type":"article","og_title":"Qu\u00e9 es el Calentamiento global - Educaci\u00f3n Don C\u00f3mos","og_description":"\u00bfComprendes el grave peligro que conlleva el fen\u00f3meno del calentamiento global? \u00bfSabes cu\u00e1les son sus efectos? conoce m\u00e1s aqu\u00ed.","og_url":"https:\/\/doncomos.com\/educar\/que-es-el-calentamiento-global","og_site_name":"Educar Doncomos.com: Aprende de forma F\u00e1cil y Amena","article_publisher":"https:\/\/www.facebook.com\/doncomos","article_published_time":"2018-08-25T22:35:53+00:00","article_modified_time":"2018-07-16T19:55:02+00:00","og_image":[{"width":624,"height":640,"url":"https:\/\/doncomos.com\/educar\/wp-content\/uploads\/sites\/7\/2018\/06\/Calentamiento-global-244.jpg","type":"image\/jpeg"}],"author":"G\u00e9nesis","twitter_card":"summary","twitter_creator":"@twitter.com \u203a Gnesis83839134","twitter_site":"@doncomos","twitter_misc":{"Escrito por":"G\u00e9nesis","Tiempo de lectura":"5 minutos"},"schema":{"@context":"https:\/\/schema.org","@graph":[{"@type":"WebPage","@id":"https:\/\/doncomos.com\/educar\/que-es-el-calentamiento-global","url":"https:\/\/doncomos.com\/educar\/que-es-el-calentamiento-global","name":"Qu\u00e9 es el Calentamiento global - Educaci\u00f3n Don C\u00f3mos","isPartOf":{"@id":"https:\/\/doncomos.com\/educar\/#website"},"datePublished":"2018-08-25T22:35:53+00:00","dateModified":"2018-07-16T19:55:02+00:00","author":{"@id":"https:\/\/doncomos.com\/educar\/#\/schema\/person\/cd69075ee37d261d08cf9ffc10b29dde"},"description":"\u00bfComprendes el grave peligro que conlleva el fen\u00f3meno del calentamiento global? \u00bfSabes cu\u00e1les son sus efectos? conoce m\u00e1s aqu\u00ed.","breadcrumb":{"@id":"https:\/\/doncomos.com\/educar\/que-es-el-calentamiento-global#breadcrumb"},"inLanguage":"es","potentialAction":[{"@type":"ReadAction","target":["https:\/\/doncomos.com\/educar\/que-es-el-calentamiento-global"]}]},{"@type":"BreadcrumbList","@id":"https:\/\/doncomos.com\/educar\/que-es-el-calentamiento-global#breadcrumb","itemListElement":[{"@type":"ListItem","position":1,"name":"Home","item":"https:\/\/doncomos.com\/educar"},{"@type":"ListItem","position":2,"name":"Qu\u00e9 es el Calentamiento global"}]},{"@type":"WebSite","@id":"https:\/\/doncomos.com\/educar\/#website","url":"https:\/\/doncomos.com\/educar\/","name":"Educar Doncomos.com: Aprende de forma F\u00e1cil y Amena","description":"Educar - Ense\u00f1amos todos los c\u00f3mos sobre educaci\u00f3n de la mano de profesores","potentialAction":[{"@type":"SearchAction","target":{"@type":"EntryPoint","urlTemplate":"https:\/\/doncomos.com\/educar\/?s={search_term_string}"},"query-input":"required name=search_term_string"}],"inLanguage":"es"},{"@type":"Person","@id":"https:\/\/doncomos.com\/educar\/#\/schema\/person\/cd69075ee37d261d08cf9ffc10b29dde","name":"G\u00e9nesis","image":{"@type":"ImageObject","inLanguage":"es","@id":"https:\/\/doncomos.com\/educar\/#\/schema\/person\/image\/","url":"https:\/\/secure.gravatar.com\/avatar\/46333e3e29b1f29bc7ce089606b3ea291627561f954bf6aee907bf309273cfed?s=96&d=mm&r=g","contentUrl":"https:\/\/secure.gravatar.com\/avatar\/46333e3e29b1f29bc7ce089606b3ea291627561f954bf6aee907bf309273cfed?s=96&d=mm&r=g","caption":"G\u00e9nesis"},"description":"Dedicada a la redacci\u00f3n de contenidos de calidad, correcci\u00f3n de estilo y actualizaci\u00f3n de la informaci\u00f3n; con experiencia en gesti\u00f3n de informaci\u00f3n veraz y estrategias de comprensi\u00f3n lectora.","sameAs":["https:\/\/pe.linkedin.com \u203a genesis-leon-s-","https:\/\/twitter.com\/twitter.com \u203a Gnesis83839134"],"url":"https:\/\/doncomos.com\/educar\/autor\/beatriz"}]}},"_links":{"self":[{"href":"https:\/\/doncomos.com\/educar\/wp-json\/wp\/v2\/posts\/10447","targetHints":{"allow":["GET"]}}],"collection":[{"href":"https:\/\/doncomos.com\/educar\/wp-json\/wp\/v2\/posts"}],"about":[{"href":"https:\/\/doncomos.com\/educar\/wp-json\/wp\/v2\/types\/post"}],"author":[{"embeddable":true,"href":"https:\/\/doncomos.com\/educar\/wp-json\/wp\/v2\/users\/62"}],"replies":[{"embeddable":true,"href":"https:\/\/doncomos.com\/educar\/wp-json\/wp\/v2\/comments?post=10447"}],"version-history":[{"count":2,"href":"https:\/\/doncomos.com\/educar\/wp-json\/wp\/v2\/posts\/10447\/revisions"}],"predecessor-version":[{"id":10511,"href":"https:\/\/doncomos.com\/educar\/wp-json\/wp\/v2\/posts\/10447\/revisions\/10511"}],"wp:featuredmedia":[{"embeddable":true,"href":"https:\/\/doncomos.com\/educar\/wp-json\/wp\/v2\/media\/10451"}],"wp:attachment":[{"href":"https:\/\/doncomos.com\/educar\/wp-json\/wp\/v2\/media?parent=10447"}],"wp:term":[{"taxonomy":"category","embeddable":true,"href":"https:\/\/doncomos.com\/educar\/wp-json\/wp\/v2\/categories?post=10447"},{"taxonomy":"post_tag","embeddable":true,"href":"https:\/\/doncomos.com\/educar\/wp-json\/wp\/v2\/tags?post=10447"}],"curies":[{"name":"wp","href":"https:\/\/api.w.org\/{rel}","templated":true}]}}