{"id":10465,"date":"2018-08-01T20:50:56","date_gmt":"2018-08-01T19:50:56","guid":{"rendered":"http:\/\/doncomos.com\/educar\/?p=10465"},"modified":"2018-07-16T20:55:30","modified_gmt":"2018-07-16T19:55:30","slug":"como-se-escribe-canviar-o-cambiar","status":"publish","type":"post","link":"https:\/\/doncomos.com\/educar\/como-se-escribe-canviar-o-cambiar","title":{"rendered":"C\u00f3mo se escribe canviar o cambiar"},"content":{"rendered":"<div id=\"toc_container\" class=\"no_bullets\"><p class=\"toc_title\">Contenido del Art&iacute;culo<\/p><ul class=\"toc_list\"><li><a href=\"#Instrucciones_para_escribir_canviar_o_cambiar\">Instrucciones para escribir canviar o cambiar<\/a><\/li><li><a href=\"#Que_necesitas_para_escribir_canviar_o_cambiar\">\u00bfQue necesitas para escribir canviar o cambiar?<\/a><\/li><li><a href=\"#Consejos_para_escribir_canviar_o_cambiar\">Consejos para escribir canviar o cambiar<\/a><\/li><\/ul><\/div>\n<p>Aprender a escribir implica una cantidad de procesos mentales que pueden llegar a sorprenderte. <strong>Muchas de las faltas ortogr\u00e1ficas que los cahavales en el cole presentan, incluso ya adultos, son por causa de desconocimiento<\/strong>. Vale, que la norma no est\u00e1 solo para memorizarla sino para internalizarla. Por ello, en este post te explicaremos c\u00f3mo se escribe <em>cambiar<\/em> o <em>canviar<\/em>. Claro est\u00e1 que la lengua posee sus arbitrariedades por naturaleza, pero hay mucha tela que cortar de la cual algunos ni se imaginan.<\/p>\n<p>Es obvio que para cualquier espa\u00f1ol existe una clara diferencia entre la pronunciaci\u00f3n del fonema \/v\/ y \/b\/. Sin embargo, no pasa lo mismo con nuestros amigos latinoamericanos, quienes no cuentan con las variaciones alof\u00f3nicas suficientes como <strong>aprender desde la fon\u00e9tica la ortograf\u00eda<\/strong> de las palabras. Aunque se han encontrado evidencias de un intento de rescate del al\u00f3fono [v] en sociolectos en algunos pa\u00edses como Chile y Venezuela.<\/p>\n<p>Muchos post se toman la tarea de describirte la norma respecto al uso del grafema <em>B<\/em>. Recuerda tantas veces que tu profesor de lengua te repiti\u00f3 que antes de <em>P<\/em> y <em>B<\/em> va <em>M.<\/em> Vale, todos<a href=\"https:\/\/doncomos.com\/educar\/memorizar-trucos-consejos-memorizar\"> memorizamos<\/a> eso en alg\u00fan momento de nuestras vidas, <strong>pero \u00bfalguien te explic\u00f3 el porqu\u00e9?, nosotros lo haremos.<\/strong><\/p>\n<p><img loading=\"lazy\" decoding=\"async\" class=\"alignnone size-full wp-image-10467\" src=\"https:\/\/doncomos.com\/educar\/wp-content\/uploads\/sites\/7\/2018\/06\/C\u00f3mo-se-escribe-canviar-o-cambiar-437.jpg\" alt=\"\u00f3mo se escribe canviar o cambiar\" width=\"640\" height=\"427\" srcset=\"https:\/\/doncomos.com\/educar\/wp-content\/uploads\/sites\/7\/2018\/06\/C\u00f3mo-se-escribe-canviar-o-cambiar-437.jpg 640w, https:\/\/doncomos.com\/educar\/wp-content\/uploads\/sites\/7\/2018\/06\/C\u00f3mo-se-escribe-canviar-o-cambiar-437-300x200.jpg 300w, https:\/\/doncomos.com\/educar\/wp-content\/uploads\/sites\/7\/2018\/06\/C\u00f3mo-se-escribe-canviar-o-cambiar-437-270x180.jpg 270w\" sizes=\"auto, (max-width: 640px) 100vw, 640px\" \/><\/p>\n<p>Para que salgas de dudas y puedas comprender las razones por las cuales esta famosa reglilla de <a href=\"https:\/\/doncomos.com\/educar\/escribir-sin-faltas-ortografia\">ortograf\u00eda<\/a> pasa a quedar sin fruto en el entendimiento de algunos chavales, te explicaremos a continuaci\u00f3n ling\u00fc\u00edsticamente, y desde la funcionalidad del sistema de la lengua, la ortograf\u00eda de la palabra <em>cambiar.<\/em><\/p>\n<div align=\"center\"><!-- Doncomos Educar Enlaces Adaptable -->\n                                       <ins class=\"adsbygoogle\"\n                                            style=\"display:block; height:90px;\"\n                                            data-ad-client=\"ca-pub-7889333885495326\"\n                                            data-ad-slot=\"1590071393\"\n                                            data-ad-format=\"link\"><\/ins>\n                                       <script>\n                                       (adsbygoogle = window.adsbygoogle || []).push({});\n                                       <\/script><div id=\"div-video-intext\"><\/div><\/div><div class='single-functions-top-instrucciones'><h2 class='h2-title-single'><span id=\"Instrucciones_para_escribir_canviar_o_cambiar\">Instrucciones para escribir canviar o cambiar<\/span><\/h2><blockquote-content><ol>\n<li><strong>La primera raz\u00f3n por la cual la palabra<em> cambiar<\/em> se escribe con <em>B<\/em> y no con <em>V<\/em> es etimol\u00f3gica. <\/strong>Originalmente, provienen del lat\u00edn Sin embargo, los estudiosos afirman que el lat\u00edn tom\u00f3 la ra\u00edz del celta, espec\u00edficamente relacionado a la ra\u00edz <em>Kamb-,<\/em> que significa \u201cdoblar o encorvar algo\u201d. Lo que en lat\u00edn m\u00e1s tard\u00edo se convirti\u00f3 en<em> cambiare<\/em> y luego paso a <em>cambiar,<\/em> ya como espa\u00f1ol. Por lo tanto, ya desde la etimolog\u00eda podemos relacionar que toda palabra derivada de <em>cambiare<\/em> se escribe con la ra\u00edz <em>camb-; <\/em>como por ejemplo<em>, cambio, cambiable o cambalache.<\/em><\/li>\n<li><strong>La segunda raz\u00f3n por la cual se escribe siempre <em>m<\/em> antes de<em> P<\/em> o<em> B<\/em> es fon\u00e9tica.<\/strong> Un fonema no es m\u00e1s que la unidad m\u00ednima que en oposici\u00f3n a otras unidades abstractas. <strong>Las deferentes realizaciones de estos conceptos llamados fonemas son los conocidos como al\u00f3fonos<\/strong>, los cuales no tienen en su totalidad representaci\u00f3n gr\u00e1fica; he all\u00ed la dificultad para internalizar la ortograf\u00eda de las palabras en el espa\u00f1ol. Los fonemas no son el sonido en su forma f\u00edsica o ac\u00fasticas, estos son representaciones simb\u00f3licas; por lo tanto, los al\u00f3fonos si ser\u00edan las realizaciones ac\u00fasticas, por lo cual se ven afectados por el contexto fon\u00e9tico en el que se presenten.<\/li>\n<li>El punto de articulaci\u00f3n del fonema bilabial sonoro \/b\/ es el mismo del fonema bilabial nasal \/m\/. Se llaman bilabiales porque se articulan uniendo ambos labios y ambos son vibrantes, lo que los convierte en sonoros. Con la diferencia que uno es nasal y el otro no; es decir, en el \/m\/ el aire escapa por la nariz mientras que en el \/b\/ escapa oclusivamente por los labios. Esta coincidencia articulatoria lleva el nombre de \u201casimilaci\u00f3n\u201d.<\/li>\n<li><strong>Entonces, no fue que a la RAE le dio la gana de inventar la regla que antes de<em> P<\/em> o <em>B<\/em> va <\/strong>Resulta que esta famosa reglilla es resultado del an\u00e1lisis descriptivo del comportamiento natural de la ley del m\u00ednimo esfuerzo de la lengua. Es decir, la lengua economiza esfuerzo articulatorio y asimila fonemas; d\u00e1ndole paso a variantes alof\u00f3nicas que no son representadas en la graf\u00eda, pero que si tienen representaci\u00f3n fon\u00e9tica. Por ejemplo, la neutralizaci\u00f3n del fonema \/m\/ en la palabra <em>ca<u>mb<\/u>iar, <\/em>[ kam &#8216;bjar ].<\/li>\n<li>Para explicar mejor lo antes dicho,<strong> seg\u00fan Quilis (1993) el rasgo nasal que tiene el fonema \/m\/ al entrar en contacto con la oral oclusiva \/b\/ se equilibra o neutraliza <\/strong>a partir de la asimilaci\u00f3n del punto de articulaci\u00f3n.<\/li>\n<div align=\"center\"><!-- Doncomos Educar 336 x 280 -->\n                                <ins class=\"adsbygoogle\"\n                                     style=\"display:inline-block;width:336px;height:280px\"\n                                     data-ad-client=\"ca-pub-7889333885495326\"\n                                     data-ad-slot=\"7649523894\"><\/ins>\n                                <script>\n                                (adsbygoogle = window.adsbygoogle || []).push({});\n                                <\/script><\/div><li><strong>El fonema oral oclusivo bilabial sonoro \/b\/ suele variar respecto a su contexto fon\u00e9tico dentro de la s\u00edlaba.<\/strong> Esto quiere decir que se puede modificar uno de sus rasgos distintivos; es decir puede ser oclusiva o relajada.<\/li>\n<li>Por ejemplo, en el contexto sil\u00e1bico de la palabra [ kam &#8216;bjar ], <strong>el punto articulatorio bilabial deja de ser un rasgo distintivo;<\/strong> y seg\u00fan algunos estudiosos debe representarse fon\u00e9ticamente a partir del archifonema \/N\/ de la siguiente manera [kaN bjar]. Por lo tanto, debes estar consiente que eliminar la mayor cantidad de rasgos distintivos en la producci\u00f3n fon\u00e9tica es un mecanismo natural de la lengua para economizar esfuerzos, de all\u00ed surgen normas ortogr\u00e1ficas como la que estamos estudiando.<\/li>\n<li>Existen <a href=\"http:\/\/sadowsky.cl\/files\/Sadowsky_2010_v-labiodental_EFE.pdf\" class=\"external\" rel=\"nofollow\" target=\"_blank\">algunas investigaciones que afirman aparici\u00f3n de un al\u00f3fono labiodental sonoro [v] del fonema \/b\/ en pa\u00edses latinos como Chile<\/a> y Venezuela como parte de un sociolecto, a pesar de que existen estudios que afirmas que esta variante desapareci\u00f3 en la Edad Media. Fue a mediados del siglo XV que se introdujo en Am\u00e9rica por los andaluces la variante [v], pero r\u00e1pidamente fue remplazada por [B]. Pero ahora, <strong>algunas comunidades ling\u00fc\u00edsticas con el fin de no incurrir en la falta ortogr\u00e1fica est\u00e1n tratando de retomar la pronunciaci\u00f3n diferenciada.<\/strong><\/li>\n<\/ol>\n<\/blockquote-content><\/div>\n<div align=\"center\"><!-- Doncomos Educar 336 x 280 -->\n                                <ins class=\"adsbygoogle\"\n                                     style=\"display:inline-block;width:336px;height:280px\"\n                                     data-ad-client=\"ca-pub-7889333885495326\"\n                                     data-ad-slot=\"7649523894\"><\/ins>\n                                <script>\n                                (adsbygoogle = window.adsbygoogle || []).push({});\n                                <\/script><\/div><div class='single-functions-div-instrucciones2'><h2 class='h2-title-single'><span id=\"Que_necesitas_para_escribir_canviar_o_cambiar\">\u00bfQue necesitas para escribir canviar o cambiar?<\/span><\/h2><blockquote-content><ul>\n<li class='single-functions-li-instrucciones'><input class='single-functions-instrucciones' type='checkbox'> Para <a href=\"https:\/\/doncomos.com\/educar\/como-escribir-sin-errores-de-ortografia\">aprender ortograf\u00eda<\/a> no solo necesitas memorizar la estructura de las palabras desde el grafema como tal. <strong>Estudiar su segmentaci\u00f3n fon\u00e9tica es mucho m\u00e1s efectivo que aprender fotogr\u00e1ficamente su morfolog\u00eda.<\/strong><\/li>\n<li class='single-functions-li-instrucciones'><input class='single-functions-instrucciones' type='checkbox'> <strong>Muchas personas aprenden de memoria la manera correcta de escribir una palabra<\/strong> porque tienen una retentiva visual bastante buena. Sin embargo, otras no cuentan con ello. Por lo tanto, te recomendamos que adem\u00e1s de tener el h\u00e1bito de la lectura y de la consulta frecuente de diccionarios usuales, tambi\u00e9n consultes el diccionario etimol\u00f3gico cuando tengas dudas.<\/li>\n<li class='single-functions-li-instrucciones'><input class='single-functions-instrucciones' type='checkbox'> <strong>Recuerda que para aprender a escribir, debes practicar la escritura.<\/strong> Bien sea a mano o en la PC, transcribir textos o redactar siempre te ayudar\u00e1 a fijar en la memoria la ortograf\u00eda de las palabras.<\/li>\n<\/ul>\n<\/blockquote-content><\/div>\n<div class='single-functions-consejos'><h2 class='h2-title-single'><span id=\"Consejos_para_escribir_canviar_o_cambiar\">Consejos para escribir canviar o cambiar<\/span><\/h2><blockquote-content><ol>\n<li><strong>No te conformes con conocer la norma de manera descriptiva<\/strong>. Busca informaci\u00f3n sobre la funcionalidad de las normas. Lo que a veces parece mero capricho de la Real Academia Espa\u00f1ola no lo es. Recuerda que esta instituci\u00f3n analiza el sistema de la lengua y describe sus procesos para llegar a formalizar la norma. Esto no quiere decir que sean principios o est\u00e1ndares estrictos e inquebrantables, son simplemente descripciones de procesos que debemos internalizar para poder reflexionar y comprenderlos.<\/li>\n<li><strong>Tampoco te quedes con las vagas explicaciones donde te indican el uso correcto y el incorrecto sin explicarte un porqu\u00e9<\/strong>. Toda norma tiene una raz\u00f3n en el funcionamiento del sistema de la lengua, que la mayor\u00eda de las personas no se tomen el tiempo de indagar sobre el asunto no quiere decir que no existan. Por ello, te animamos a que hagas la diferencia y de ahora en adelanto no te conformes con verificar en el diccionario cuando tengas una duda, sino que vayas m\u00e1s all\u00e1.<\/li>\n<li><strong>Si realmente te ha gustado este post com\u00e9ntanos tu opini\u00f3n<\/strong>. Queremos saber si ya hab\u00edas le\u00eddo o escuchado todas estas razones respecto a la ortograf\u00eda de la palabra <em>cambiar<\/em>. Sobre todo para que si conoces m\u00e1s detalles profundicemos en el asunto y podamos enriquecer la informaci\u00f3n para todos los lectores.<\/li>\n<\/ol>\n<\/blockquote-content><\/div>\n","protected":false},"excerpt":{"rendered":"<p>Aprender a escribir implica una cantidad de procesos mentales que pueden llegar a sorprenderte. Muchas de las faltas ortogr\u00e1ficas que los cahavales en el cole presentan, incluso ya adultos, son por causa de desconocimiento. Vale, que la norma no est\u00e1 [&hellip;]<\/p>\n","protected":false},"author":62,"featured_media":10468,"comment_status":"open","ping_status":"closed","sticky":false,"template":"","format":"standard","meta":{"footnotes":""},"categories":[1093],"tags":[1098,1120],"class_list":["post-10465","post","type-post","status-publish","format-standard","has-post-thumbnail","hentry","category-ensenar-a-escribir","tag-escritura","tag-ortografia"],"acf":[],"yoast_head":"<!-- This site is optimized with the Yoast SEO plugin v19.6 - https:\/\/yoast.com\/wordpress\/plugins\/seo\/ -->\n<title>C\u00f3mo se escribe canviar o cambiar - Educaci\u00f3n Don C\u00f3mos<\/title>\n<meta name=\"description\" content=\"La norma no est\u00e1 solo para memorizarla sino para internalizarla. Por ello, en este post te explicaremos c\u00f3mo se escribe cambiar o canviar.\" \/>\n<meta name=\"robots\" content=\"index, follow, max-snippet:-1, max-image-preview:large, max-video-preview:-1\" \/>\n<meta property=\"og:locale\" content=\"es_ES\" \/>\n<meta property=\"og:type\" content=\"article\" \/>\n<meta property=\"og:title\" content=\"C\u00f3mo se escribe canviar o cambiar - Educaci\u00f3n Don C\u00f3mos\" \/>\n<meta property=\"og:description\" content=\"La norma no est\u00e1 solo para memorizarla sino para internalizarla. Por ello, en este post te explicaremos c\u00f3mo se escribe cambiar o canviar.\" \/>\n<meta property=\"og:url\" content=\"https:\/\/doncomos.com\/educar\/como-se-escribe-canviar-o-cambiar\" \/>\n<meta property=\"og:site_name\" content=\"Educar Doncomos.com: Aprende de forma F\u00e1cil y Amena\" \/>\n<meta property=\"article:publisher\" content=\"https:\/\/www.facebook.com\/doncomos\" \/>\n<meta property=\"article:published_time\" content=\"2018-08-01T19:50:56+00:00\" \/>\n<meta property=\"article:modified_time\" content=\"2018-07-16T19:55:30+00:00\" \/>\n<meta property=\"og:image\" content=\"https:\/\/doncomos.com\/educar\/wp-content\/uploads\/sites\/7\/2018\/06\/C\u00f3mo-se-escribe-canviar-o-cambiar-430.jpg\" \/>\n\t<meta property=\"og:image:width\" content=\"640\" \/>\n\t<meta property=\"og:image:height\" content=\"391\" \/>\n\t<meta property=\"og:image:type\" content=\"image\/jpeg\" \/>\n<meta name=\"author\" content=\"G\u00e9nesis\" \/>\n<meta name=\"twitter:card\" content=\"summary\" \/>\n<meta name=\"twitter:creator\" content=\"@twitter.com \u203a Gnesis83839134\" \/>\n<meta name=\"twitter:site\" content=\"@doncomos\" \/>\n<meta name=\"twitter:label1\" content=\"Escrito por\" \/>\n\t<meta name=\"twitter:data1\" content=\"G\u00e9nesis\" \/>\n\t<meta name=\"twitter:label2\" content=\"Tiempo de lectura\" \/>\n\t<meta name=\"twitter:data2\" content=\"1 minuto\" \/>\n<script type=\"application\/ld+json\" class=\"yoast-schema-graph\">{\"@context\":\"https:\/\/schema.org\",\"@graph\":[{\"@type\":\"WebPage\",\"@id\":\"https:\/\/doncomos.com\/educar\/como-se-escribe-canviar-o-cambiar\",\"url\":\"https:\/\/doncomos.com\/educar\/como-se-escribe-canviar-o-cambiar\",\"name\":\"C\u00f3mo se escribe canviar o cambiar - Educaci\u00f3n Don C\u00f3mos\",\"isPartOf\":{\"@id\":\"https:\/\/doncomos.com\/educar\/#website\"},\"datePublished\":\"2018-08-01T19:50:56+00:00\",\"dateModified\":\"2018-07-16T19:55:30+00:00\",\"author\":{\"@id\":\"https:\/\/doncomos.com\/educar\/#\/schema\/person\/cd69075ee37d261d08cf9ffc10b29dde\"},\"description\":\"La norma no est\u00e1 solo para memorizarla sino para internalizarla. Por ello, en este post te explicaremos c\u00f3mo se escribe cambiar o canviar.\",\"breadcrumb\":{\"@id\":\"https:\/\/doncomos.com\/educar\/como-se-escribe-canviar-o-cambiar#breadcrumb\"},\"inLanguage\":\"es\",\"potentialAction\":[{\"@type\":\"ReadAction\",\"target\":[\"https:\/\/doncomos.com\/educar\/como-se-escribe-canviar-o-cambiar\"]}]},{\"@type\":\"BreadcrumbList\",\"@id\":\"https:\/\/doncomos.com\/educar\/como-se-escribe-canviar-o-cambiar#breadcrumb\",\"itemListElement\":[{\"@type\":\"ListItem\",\"position\":1,\"name\":\"Home\",\"item\":\"https:\/\/doncomos.com\/educar\"},{\"@type\":\"ListItem\",\"position\":2,\"name\":\"C\u00f3mo se escribe canviar o cambiar\"}]},{\"@type\":\"WebSite\",\"@id\":\"https:\/\/doncomos.com\/educar\/#website\",\"url\":\"https:\/\/doncomos.com\/educar\/\",\"name\":\"Educar Doncomos.com: Aprende de forma F\u00e1cil y Amena\",\"description\":\"Educar - Ense\u00f1amos todos los c\u00f3mos sobre educaci\u00f3n de la mano de profesores\",\"potentialAction\":[{\"@type\":\"SearchAction\",\"target\":{\"@type\":\"EntryPoint\",\"urlTemplate\":\"https:\/\/doncomos.com\/educar\/?s={search_term_string}\"},\"query-input\":\"required name=search_term_string\"}],\"inLanguage\":\"es\"},{\"@type\":\"Person\",\"@id\":\"https:\/\/doncomos.com\/educar\/#\/schema\/person\/cd69075ee37d261d08cf9ffc10b29dde\",\"name\":\"G\u00e9nesis\",\"image\":{\"@type\":\"ImageObject\",\"inLanguage\":\"es\",\"@id\":\"https:\/\/doncomos.com\/educar\/#\/schema\/person\/image\/\",\"url\":\"https:\/\/secure.gravatar.com\/avatar\/46333e3e29b1f29bc7ce089606b3ea291627561f954bf6aee907bf309273cfed?s=96&d=mm&r=g\",\"contentUrl\":\"https:\/\/secure.gravatar.com\/avatar\/46333e3e29b1f29bc7ce089606b3ea291627561f954bf6aee907bf309273cfed?s=96&d=mm&r=g\",\"caption\":\"G\u00e9nesis\"},\"description\":\"Dedicada a la redacci\u00f3n de contenidos de calidad, correcci\u00f3n de estilo y actualizaci\u00f3n de la informaci\u00f3n; con experiencia en gesti\u00f3n de informaci\u00f3n veraz y estrategias de comprensi\u00f3n lectora.\",\"sameAs\":[\"https:\/\/pe.linkedin.com \u203a genesis-leon-s-\",\"https:\/\/twitter.com\/twitter.com \u203a Gnesis83839134\"],\"url\":\"https:\/\/doncomos.com\/educar\/autor\/beatriz\"}]}<\/script>\n<!-- \/ Yoast SEO plugin. -->","yoast_head_json":{"title":"C\u00f3mo se escribe canviar o cambiar - Educaci\u00f3n Don C\u00f3mos","description":"La norma no est\u00e1 solo para memorizarla sino para internalizarla. Por ello, en este post te explicaremos c\u00f3mo se escribe cambiar o canviar.","robots":{"index":"index","follow":"follow","max-snippet":"max-snippet:-1","max-image-preview":"max-image-preview:large","max-video-preview":"max-video-preview:-1"},"og_locale":"es_ES","og_type":"article","og_title":"C\u00f3mo se escribe canviar o cambiar - Educaci\u00f3n Don C\u00f3mos","og_description":"La norma no est\u00e1 solo para memorizarla sino para internalizarla. Por ello, en este post te explicaremos c\u00f3mo se escribe cambiar o canviar.","og_url":"https:\/\/doncomos.com\/educar\/como-se-escribe-canviar-o-cambiar","og_site_name":"Educar Doncomos.com: Aprende de forma F\u00e1cil y Amena","article_publisher":"https:\/\/www.facebook.com\/doncomos","article_published_time":"2018-08-01T19:50:56+00:00","article_modified_time":"2018-07-16T19:55:30+00:00","og_image":[{"width":640,"height":391,"url":"https:\/\/doncomos.com\/educar\/wp-content\/uploads\/sites\/7\/2018\/06\/C\u00f3mo-se-escribe-canviar-o-cambiar-430.jpg","type":"image\/jpeg"}],"author":"G\u00e9nesis","twitter_card":"summary","twitter_creator":"@twitter.com \u203a Gnesis83839134","twitter_site":"@doncomos","twitter_misc":{"Escrito por":"G\u00e9nesis","Tiempo de lectura":"1 minuto"},"schema":{"@context":"https:\/\/schema.org","@graph":[{"@type":"WebPage","@id":"https:\/\/doncomos.com\/educar\/como-se-escribe-canviar-o-cambiar","url":"https:\/\/doncomos.com\/educar\/como-se-escribe-canviar-o-cambiar","name":"C\u00f3mo se escribe canviar o cambiar - Educaci\u00f3n Don C\u00f3mos","isPartOf":{"@id":"https:\/\/doncomos.com\/educar\/#website"},"datePublished":"2018-08-01T19:50:56+00:00","dateModified":"2018-07-16T19:55:30+00:00","author":{"@id":"https:\/\/doncomos.com\/educar\/#\/schema\/person\/cd69075ee37d261d08cf9ffc10b29dde"},"description":"La norma no est\u00e1 solo para memorizarla sino para internalizarla. Por ello, en este post te explicaremos c\u00f3mo se escribe cambiar o canviar.","breadcrumb":{"@id":"https:\/\/doncomos.com\/educar\/como-se-escribe-canviar-o-cambiar#breadcrumb"},"inLanguage":"es","potentialAction":[{"@type":"ReadAction","target":["https:\/\/doncomos.com\/educar\/como-se-escribe-canviar-o-cambiar"]}]},{"@type":"BreadcrumbList","@id":"https:\/\/doncomos.com\/educar\/como-se-escribe-canviar-o-cambiar#breadcrumb","itemListElement":[{"@type":"ListItem","position":1,"name":"Home","item":"https:\/\/doncomos.com\/educar"},{"@type":"ListItem","position":2,"name":"C\u00f3mo se escribe canviar o cambiar"}]},{"@type":"WebSite","@id":"https:\/\/doncomos.com\/educar\/#website","url":"https:\/\/doncomos.com\/educar\/","name":"Educar Doncomos.com: Aprende de forma F\u00e1cil y Amena","description":"Educar - Ense\u00f1amos todos los c\u00f3mos sobre educaci\u00f3n de la mano de profesores","potentialAction":[{"@type":"SearchAction","target":{"@type":"EntryPoint","urlTemplate":"https:\/\/doncomos.com\/educar\/?s={search_term_string}"},"query-input":"required name=search_term_string"}],"inLanguage":"es"},{"@type":"Person","@id":"https:\/\/doncomos.com\/educar\/#\/schema\/person\/cd69075ee37d261d08cf9ffc10b29dde","name":"G\u00e9nesis","image":{"@type":"ImageObject","inLanguage":"es","@id":"https:\/\/doncomos.com\/educar\/#\/schema\/person\/image\/","url":"https:\/\/secure.gravatar.com\/avatar\/46333e3e29b1f29bc7ce089606b3ea291627561f954bf6aee907bf309273cfed?s=96&d=mm&r=g","contentUrl":"https:\/\/secure.gravatar.com\/avatar\/46333e3e29b1f29bc7ce089606b3ea291627561f954bf6aee907bf309273cfed?s=96&d=mm&r=g","caption":"G\u00e9nesis"},"description":"Dedicada a la redacci\u00f3n de contenidos de calidad, correcci\u00f3n de estilo y actualizaci\u00f3n de la informaci\u00f3n; con experiencia en gesti\u00f3n de informaci\u00f3n veraz y estrategias de comprensi\u00f3n lectora.","sameAs":["https:\/\/pe.linkedin.com \u203a genesis-leon-s-","https:\/\/twitter.com\/twitter.com \u203a Gnesis83839134"],"url":"https:\/\/doncomos.com\/educar\/autor\/beatriz"}]}},"_links":{"self":[{"href":"https:\/\/doncomos.com\/educar\/wp-json\/wp\/v2\/posts\/10465","targetHints":{"allow":["GET"]}}],"collection":[{"href":"https:\/\/doncomos.com\/educar\/wp-json\/wp\/v2\/posts"}],"about":[{"href":"https:\/\/doncomos.com\/educar\/wp-json\/wp\/v2\/types\/post"}],"author":[{"embeddable":true,"href":"https:\/\/doncomos.com\/educar\/wp-json\/wp\/v2\/users\/62"}],"replies":[{"embeddable":true,"href":"https:\/\/doncomos.com\/educar\/wp-json\/wp\/v2\/comments?post=10465"}],"version-history":[{"count":1,"href":"https:\/\/doncomos.com\/educar\/wp-json\/wp\/v2\/posts\/10465\/revisions"}],"predecessor-version":[{"id":10516,"href":"https:\/\/doncomos.com\/educar\/wp-json\/wp\/v2\/posts\/10465\/revisions\/10516"}],"wp:featuredmedia":[{"embeddable":true,"href":"https:\/\/doncomos.com\/educar\/wp-json\/wp\/v2\/media\/10468"}],"wp:attachment":[{"href":"https:\/\/doncomos.com\/educar\/wp-json\/wp\/v2\/media?parent=10465"}],"wp:term":[{"taxonomy":"category","embeddable":true,"href":"https:\/\/doncomos.com\/educar\/wp-json\/wp\/v2\/categories?post=10465"},{"taxonomy":"post_tag","embeddable":true,"href":"https:\/\/doncomos.com\/educar\/wp-json\/wp\/v2\/tags?post=10465"}],"curies":[{"name":"wp","href":"https:\/\/api.w.org\/{rel}","templated":true}]}}