{"id":12115,"date":"2020-08-05T11:13:44","date_gmt":"2020-08-05T10:13:44","guid":{"rendered":"http:\/\/doncomos.com\/educar\/?p=12115"},"modified":"2020-06-29T15:38:10","modified_gmt":"2020-06-29T14:38:10","slug":"que-verbos-definicion-significado-concepto","status":"publish","type":"post","link":"https:\/\/doncomos.com\/educar\/que-verbos-definicion-significado-concepto","title":{"rendered":"Qu\u00e9 son los verbos &#8211; Definici\u00f3n, Significado y Concepto"},"content":{"rendered":"<div id=\"toc_container\" class=\"no_bullets\"><p class=\"toc_title\">Contenido del Art&iacute;culo<\/p><ul class=\"toc_list\"><li><a href=\"#Persona_y_numero\">Persona y n\u00famero<\/a><\/li><li><a href=\"#Tiempo\">Tiempo<\/a><\/li><li><a href=\"#Modo\">Modo<\/a><\/li><li><a href=\"#Formas_verbales\">Formas verbales<\/a><\/li><li><a href=\"#Conjugacion_verbal\">Conjugaci\u00f3n verbal<\/a><\/li><li><a href=\"#Tipos_de_verbos\">Tipos de verbos<\/a><\/li><\/ul><\/div>\n<p>Se conoce como verbos aquellas palabras cuyos elementos, dentro de la oraci\u00f3n, tienen variaci\u00f3n de <strong>persona<\/strong>, <strong>n\u00famero<\/strong>, <strong>tiempo<\/strong>, <strong>modo<\/strong> y <strong>aspecto<\/strong>.<\/p>\n<p>El verbo indica el proceso de realizaci\u00f3n de una acci\u00f3n dentro de la oraci\u00f3n y su funci\u00f3n es la de n\u00facleo del predicado.<\/p>\n<p>La <a href=\"https:\/\/www.rae.es\/diccionario-panhispanico-de-dudas\/apendices\/modelos-de-conjugacion-verbal\" class=\"external\" rel=\"nofollow\" target=\"_blank\">anatom\u00eda del verbo<\/a> consiste en un <strong>lexema<\/strong>, en el que reside su significado, acompa\u00f1ado de <strong>morfemas<\/strong> de persona, n\u00famero, tiempo modo y aspecto.<\/p>\n<h2><span id=\"Persona_y_numero\">Persona y n\u00famero<\/span><\/h2>\n<p>La persona en los verbos indica qui\u00e9n ha realizado o realiza la acci\u00f3n del verbo. Las personas verbales son <a href=\"https:\/\/doncomos.com\/educar\/que-es-el-sustantivo\">pronombres personales<\/a> en masculino o femenino, en singular o en plural (<strong>g\u00e9nero y n\u00famero<\/strong>). A cada persona verbal le corresponde una forma.<\/p>\n<p><strong>-Primera persona: <\/strong>La persona que habla es la que realiza la acci\u00f3n y se indican con los pronombres <strong>yo<\/strong> (singular) y <strong>nosotros\/as<\/strong> (plural).<\/p>\n<p>Ejemplo: \u00abYo paseo cada tarde por mi barrio\u00bb.<\/p>\n<p><strong>-Segunda persona:\u00a0<\/strong>La persona que habla no es la que ha realizado la acci\u00f3n del verbo, si no que es la que escucha y se expresa con los pronombres <strong>t\u00fa<\/strong> ( singular), <strong>vosotros\/as<\/strong> y <strong>ustedes<\/strong> (plural).<\/p>\n<p>Ejemplo: \u00abVosotras sois las encargadas de hacer los pasteles\u00bb.<\/p>\n<p><strong>&#8211; Tercera persona: <\/strong>\u00a0En este caso, la persona que habla no es la encargada de hacer la acci\u00f3n ni tampoco la escucha. Los pronombres que indican tercera persona son: <strong>\u00e9l\/ella<\/strong> (singular) y <strong>ellos\/ellas<\/strong> (plural)<\/p>\n<p>Ejemplo: \u00abEllos han sido los que destrozaron el espejo retrovisor del coche\u00bb.<\/p>\n<p>Como se ve en los anteriores ejemplos, la persona gramatical indica tambi\u00e9n el <strong>n\u00famero<\/strong> (singular o plural) del verbo, es decir, cu\u00e1ntas personas realizan la acci\u00f3n que indica el verbo. Si la acci\u00f3n la realiza una sola persona, el sujeto y el verbo estar\u00e1n en singular. En cambio, si la realizan dos o varias personas, entonces el sujeto y el verbo estar\u00e1n en plural.<\/p>\n<p><img loading=\"lazy\" decoding=\"async\" class=\"aligncenter wp-image-12336 size-full\" src=\"https:\/\/doncomos.com\/educar\/wp-content\/uploads\/sites\/7\/2019\/12\/Qu\u00e9-es-que-son-los-verbos-8211-Definici\u00f3n-Significado-y-Concepto-476.jpg\" alt=\"\" width=\"620\" height=\"310\" srcset=\"https:\/\/doncomos.com\/educar\/wp-content\/uploads\/sites\/7\/2019\/12\/Qu\u00e9-es-que-son-los-verbos-8211-Definici\u00f3n-Significado-y-Concepto-476.jpg 620w, https:\/\/doncomos.com\/educar\/wp-content\/uploads\/sites\/7\/2019\/12\/Qu\u00e9-es-que-son-los-verbos-8211-Definici\u00f3n-Significado-y-Concepto-476-300x150.jpg 300w, https:\/\/doncomos.com\/educar\/wp-content\/uploads\/sites\/7\/2019\/12\/Qu\u00e9-es-que-son-los-verbos-8211-Definici\u00f3n-Significado-y-Concepto-476-270x135.jpg 270w\" sizes=\"auto, (max-width: 620px) 100vw, 620px\" \/><\/p>\n<h2><span id=\"Tiempo\">Tiempo<\/span><\/h2>\n<p>Las formas del verbo tambi\u00e9n indican cu\u00e1ndo se realizar\u00e1 la acci\u00f3n. Para ello, la gram\u00e1tica establece tres formas que hacen referencia al tiempo: presente, pasado y futuro.<\/p>\n<p><strong>&#8211; Presente: <\/strong>en este caso, el verbo expresa acciones que se est\u00e1n realizado en este mismo momento seg\u00fan la expresi\u00f3n del hablante. Aunque puede ser que no se est\u00e9n dando en el mismo instante. En muchas ocasiones, las formas en presente pueden estar expresando acciones de tiempo futuro o pasado.<\/p>\n<p>Ejemplo: \u00abEstoy comiendo\u00bb (Forma de presente simple) \/ \u00abEl estreno de la pel\u00edcula es ma\u00f1ana a las siete de la tarde\u00bb (Forma del presente que expresa una acci\u00f3n futura).<\/p>\n<p><strong>-Pasado:\u00a0<\/strong>El verbo expresa acciones que ya han sucedido. Aunque hay diferentes formas de pasado, dependiendo si la acci\u00f3n ha sido m\u00e1s reciente o no.<\/p>\n<p>Ejemplo: \u00abAyer com\u00ed lentejas\u00bb \/ \u00abHoy he ido al m\u00e9dico\u00bb.<\/p>\n<p><strong>-Futuro:\u00a0<\/strong>El verbo expresa acciones que a\u00fan no han pasado.<\/p>\n<p>Ejemplo: \u00abComeremos pasta con tomate este mediod\u00eda\u00bb \/ \u00abMa\u00f1ana saldr\u00e1n los resultados de los ex\u00e1menes\u00bb.<\/p>\n<p>Tal vez te interese: <a href=\"https:\/\/doncomos.com\/educar\/ejercicios-problemas-ortografia\">Ejercicios Y Problemas De Ortograf\u00eda<\/a><\/p>\n<h2><span id=\"Modo\">Modo<\/span><\/h2>\n<p>Los modos verbales son las distintas formas en las que la acci\u00f3n verbal puede expresarse. El modo del verbo manifiesta la actitud del hablante ante lo que dice. Clasifica, en este caso, la acci\u00f3n, el proceso o estado del verbo desde el punto de vista del emisor, seg\u00fan la vea como real, de un modo subjetivo o apelativo.<\/p>\n<p>Seg\u00fan la gram\u00e1tica espa\u00f1ola, existen tres modos verbales: indicativo, subjuntivo e imperativo.<\/p>\n<p><strong>-Indicativo: <\/strong>en\u00a0este modo el hablante expresa acciones reales o concretas.<\/p>\n<p>En este modo, puede haber acciones simples que se expresan a trav\u00e9s del presente, pret\u00e9rito perfecto (pasado), futuro y condicional.<\/p>\n<p>Ejemplo: \u00abYo como\u00bb (presente) \/ \u00abYo com\u00ed\u00bb (pret\u00e9rito perfecto) \/ \u00abYo comer\u00e9\u00bb (futuro) \/ \u00abYo comer\u00eda\u00bb (condicional).<\/p>\n<p>Tambi\u00e9n se contemplan acciones compuestas a trav\u00e9s del pret\u00e9rito perfecto compuesto (\u00abYo he cantado\u00bb), el pret\u00e9rito pluscuamperfecto (\u00abhab\u00eda cantado\u00bb) , el pret\u00e9rito anterior (\u00abYo hube cantado\u00bb), futuro compuesto (\u00abYo habr\u00e9 cantado\u00bb) y condicional perfecto (\u00abYo habr\u00eda comido\u00bb).<\/p>\n<p><strong>-Subjuntivo: <\/strong>expresa una posibilidad, una acci\u00f3n hipot\u00e9tica, deseos, dudas o temores. En general, estos verbos suelen estar subordinados, en la oraci\u00f3n, a otro que pertenece al modo indicativo.<\/p>\n<p>Igual que en el modo indicativo, el subjuntivo posee acciones simples, que se expresan a trav\u00e9s del presente ( \u00abYo ame\u00bb), pret\u00e9rito perfecto\/pasado (\u00abYo amara o amase\u00bb), futuro (\u00abYo amare\u00bb).<\/p>\n<p>Pero tambi\u00e9n presenta tiempos compuestos: pret\u00e9rito perfecto (\u00abYo haya amado\u00bb), pret\u00e9rito pluscuamperfecto (\u00abYo hubiera o hubiese amado\u00bb) y futuro (\u00abYo hubiere amado\u00bb).<\/p>\n<p><strong>-Imperativo:<\/strong> modo que indica una orden o petici\u00f3n del emisor hacia el receptor. Tambi\u00e9n se emplea para emitir advertencias o amenazas. Por su propia naturaleza, este modo es defectivo. Esto quiere decir que no tiene formas para todas las personas y n\u00fameros.<\/p>\n<p>Ejemplo: \u00ab\u00a1Ve a tu cuarto a recoger lo que has tirado!\u00bb<\/p>\n<h2><span id=\"Formas_verbales\">Formas verbales<\/span><\/h2>\n<p>Hay formas verbales compuestas con verbos distintos a \u00abhaber\u00bb y per\u00edfrasis verbales que pueden indicar distintos tiempos verbales. Hay muchos tipos de estas formas y analizarlas todas ser\u00eda disertar un tema muy complejo y extenso. Pero existen tres que son imprescindibles en las per\u00edfrasis. Las conocidas como \u00abformas no personales\u00bb.<\/p>\n<p><strong>-Infinitivo:\u00a0<\/strong>Se puede utilizar solo en per\u00edfrasis verbales. Indica el concepto de la acci\u00f3n, que se extiende en el tiempo, sea para pasado, presente o futuro. Esta forma es la que se usa, tambi\u00e9n, en la entrada de los diccionarios para el significado, y es la forma que se emplea, tambi\u00e9n, para nombrar su conjugaci\u00f3n. Al mismo tiempo, el infinitivo puede actuar tanto de verbo como sustantivo.<\/p>\n<p><strong>-Gerundio:\u00a0<\/strong>Se puede utilizar en formas simples y compuestas con algunos verbos auxiliares. Ejemplo: \u00abestoy leyendo\u00bb. Indica acciones que no se han acabado, que siguen realiz\u00e1ndose, ya sea en pasado, presente y futuro.<\/p>\n<p><strong>-Participio:\u00a0<\/strong>Se utiliza en formas verbales compuestas de indicativo y subjuntivo. Determina indicaciones terminadas en el pasado, en el presente y tambi\u00e9n el futuro. En la oraci\u00f3n puede asumir funciones de adjetivo.<\/p>\n<p>Ejemplos:\u00a0\u00abEl coche est\u00e1 averiado\u00bb.<\/p>\n<h2><span id=\"Conjugacion_verbal\">Conjugaci\u00f3n verbal<\/span><\/h2>\n<p>Las conjugaciones verbales son las distintas terminaciones que tiene un verbo en infinitivo. En espa\u00f1ol existen tres conjugaciones.<\/p>\n<p><strong>-Primera conjugaci\u00f3n:\u00a0<\/strong>Todos los verbos cuyo infinitivo termina en \u00ab-ar\u00bb.<\/p>\n<p><strong>-Segunda conjugaci\u00f3n:\u00a0<\/strong>Todos los verbos cuyo infinitivo termina en \u00ab-er\u00bb.<\/p>\n<p><strong>-Tercera conjugaci\u00f3n:\u00a0<\/strong>Todos los verbos cuyo infinitivo termina en \u00ab-ir\u00bb.<\/p>\n<h2><span id=\"Tipos_de_verbos\">Tipos de verbos<\/span><\/h2>\n<p>Desde el punto de vista de la morfolog\u00eda que adopta el verbo en su conjugaci\u00f3n. Estos se dividen en los siguientes campos:<\/p>\n<p><strong>-Regulares e irregulares:\u00a0<\/strong>Los verbos <strong>regulares<\/strong> no presentan variaci\u00f3n en su ra\u00edz a la hora de conjugarlos: vivir, comer, romper&#8230; Entre tanto, los irregulares presentan variaciones en su ra\u00edz: dar (doy, dimos, diere), querer (quiero, quisimos&#8230;), ser (soy, eres, seamos&#8230;).<\/p>\n<p><strong>-Transitivo e intransitivo:\u00a0<\/strong><\/p>\n<p>Los verbos transitivos son los que su acci\u00f3n pasa por una persona o cosa diferente al sujeto que la hace. Precisan siempre de un complemento directo para completar su acci\u00f3n.<\/p>\n<p>Ejemplo: \u00abLuis corta una tarta\u00bb.<\/p>\n<p>Los verbos intransitivos, por su parte, su acci\u00f3n no pasa por una persona o cosa distinta del sujeto que la ejecuta. No precisan de un complemento directo, tienen un significado pleno.<\/p>\n<p>Ejemplo: \u00abVengo de mi pueblo\u00bb.<\/p>\n<p>&nbsp;<\/p>\n<p>&nbsp;<\/p>\n<p>&nbsp;<\/p>\n<p>&nbsp;<\/p>\n<p>&nbsp;<\/p>\n<p>&nbsp;<\/p>\n<p>&nbsp;<\/p>\n<p>&nbsp;<\/p>\n","protected":false},"excerpt":{"rendered":"<p>Contenido del Art&iacute;culoPersona y n\u00fameroTiempoModoFormas verbalesConjugaci\u00f3n verbalTipos de verbos Se conoce como verbos aquellas palabras cuyos elementos, dentro de la oraci\u00f3n, tienen variaci\u00f3n de persona, n\u00famero, tiempo, modo y aspecto. El verbo indica el proceso de realizaci\u00f3n de una acci\u00f3n [&hellip;]<\/p>\n","protected":false},"author":99,"featured_media":12338,"comment_status":"open","ping_status":"closed","sticky":false,"template":"","format":"standard","meta":{"footnotes":""},"categories":[2517,1093,770,1146],"tags":[1305],"class_list":["post-12115","post","type-post","status-publish","format-standard","has-post-thumbnail","hentry","category-definiciones","category-ensenar-a-escribir","category-formacion","category-idiomas","tag-gramatica"],"acf":[],"yoast_head":"<!-- This site is optimized with the Yoast SEO plugin v19.6 - https:\/\/yoast.com\/wordpress\/plugins\/seo\/ -->\n<title>Qu\u00e9 son los verbos - Definici\u00f3n, Significado y Concepto<\/title>\n<meta name=\"description\" content=\"Los verbos son aquellas palabras cuyos elementos, dentro de la oraci\u00f3n, tienen variaci\u00f3n de persona, n\u00famero, tiempo, modo y aspecto.\" \/>\n<meta name=\"robots\" content=\"index, follow, max-snippet:-1, max-image-preview:large, max-video-preview:-1\" \/>\n<meta property=\"og:locale\" content=\"es_ES\" \/>\n<meta property=\"og:type\" content=\"article\" \/>\n<meta property=\"og:title\" content=\"Qu\u00e9 son los verbos - Definici\u00f3n, Significado y Concepto\" \/>\n<meta property=\"og:description\" content=\"Los verbos son aquellas palabras cuyos elementos, dentro de la oraci\u00f3n, tienen variaci\u00f3n de persona, n\u00famero, tiempo, modo y aspecto.\" \/>\n<meta property=\"og:url\" content=\"https:\/\/doncomos.com\/educar\/que-verbos-definicion-significado-concepto\" \/>\n<meta property=\"og:site_name\" content=\"Educar Doncomos.com: Aprende de forma F\u00e1cil y Amena\" \/>\n<meta property=\"article:publisher\" content=\"https:\/\/www.facebook.com\/doncomos\" \/>\n<meta property=\"article:published_time\" content=\"2020-08-05T10:13:44+00:00\" \/>\n<meta property=\"article:modified_time\" content=\"2020-06-29T14:38:10+00:00\" \/>\n<meta property=\"og:image\" content=\"https:\/\/doncomos.com\/educar\/wp-content\/uploads\/sites\/7\/2019\/12\/Qu\u00e9-es-que-son-los-verbos-8211-Definici\u00f3n-Significado-y-Concepto-413.jpg\" \/>\n\t<meta property=\"og:image:width\" content=\"640\" \/>\n\t<meta property=\"og:image:height\" content=\"450\" \/>\n\t<meta property=\"og:image:type\" content=\"image\/jpeg\" \/>\n<meta name=\"author\" content=\"carlosa\" \/>\n<meta name=\"twitter:card\" content=\"summary\" \/>\n<meta name=\"twitter:creator\" content=\"@doncomos\" \/>\n<meta name=\"twitter:site\" content=\"@doncomos\" \/>\n<meta name=\"twitter:label1\" content=\"Escrito por\" \/>\n\t<meta name=\"twitter:data1\" content=\"carlosa\" \/>\n\t<meta name=\"twitter:label2\" content=\"Tiempo de lectura\" \/>\n\t<meta name=\"twitter:data2\" content=\"6 minutos\" \/>\n<script type=\"application\/ld+json\" class=\"yoast-schema-graph\">{\"@context\":\"https:\/\/schema.org\",\"@graph\":[{\"@type\":\"WebPage\",\"@id\":\"https:\/\/doncomos.com\/educar\/que-verbos-definicion-significado-concepto\",\"url\":\"https:\/\/doncomos.com\/educar\/que-verbos-definicion-significado-concepto\",\"name\":\"Qu\u00e9 son los verbos - Definici\u00f3n, Significado y Concepto\",\"isPartOf\":{\"@id\":\"https:\/\/doncomos.com\/educar\/#website\"},\"datePublished\":\"2020-08-05T10:13:44+00:00\",\"dateModified\":\"2020-06-29T14:38:10+00:00\",\"author\":{\"@id\":\"https:\/\/doncomos.com\/educar\/#\/schema\/person\/32e14a826aa2b7a3d56a35a9631def13\"},\"description\":\"Los verbos son aquellas palabras cuyos elementos, dentro de la oraci\u00f3n, tienen variaci\u00f3n de persona, n\u00famero, tiempo, modo y aspecto.\",\"breadcrumb\":{\"@id\":\"https:\/\/doncomos.com\/educar\/que-verbos-definicion-significado-concepto#breadcrumb\"},\"inLanguage\":\"es\",\"potentialAction\":[{\"@type\":\"ReadAction\",\"target\":[\"https:\/\/doncomos.com\/educar\/que-verbos-definicion-significado-concepto\"]}]},{\"@type\":\"BreadcrumbList\",\"@id\":\"https:\/\/doncomos.com\/educar\/que-verbos-definicion-significado-concepto#breadcrumb\",\"itemListElement\":[{\"@type\":\"ListItem\",\"position\":1,\"name\":\"Home\",\"item\":\"https:\/\/doncomos.com\/educar\"},{\"@type\":\"ListItem\",\"position\":2,\"name\":\"Qu\u00e9 son los verbos &#8211; Definici\u00f3n, Significado y Concepto\"}]},{\"@type\":\"WebSite\",\"@id\":\"https:\/\/doncomos.com\/educar\/#website\",\"url\":\"https:\/\/doncomos.com\/educar\/\",\"name\":\"Educar Doncomos.com: Aprende de forma F\u00e1cil y Amena\",\"description\":\"Educar - Ense\u00f1amos todos los c\u00f3mos sobre educaci\u00f3n de la mano de profesores\",\"potentialAction\":[{\"@type\":\"SearchAction\",\"target\":{\"@type\":\"EntryPoint\",\"urlTemplate\":\"https:\/\/doncomos.com\/educar\/?s={search_term_string}\"},\"query-input\":\"required name=search_term_string\"}],\"inLanguage\":\"es\"},{\"@type\":\"Person\",\"@id\":\"https:\/\/doncomos.com\/educar\/#\/schema\/person\/32e14a826aa2b7a3d56a35a9631def13\",\"name\":\"carlosa\",\"image\":{\"@type\":\"ImageObject\",\"inLanguage\":\"es\",\"@id\":\"https:\/\/doncomos.com\/educar\/#\/schema\/person\/image\/\",\"url\":\"https:\/\/secure.gravatar.com\/avatar\/3d6ceda593fb24ca27a61c1f79cbdd8f8dc1b8f05faea472f10ea78a20a2bf4e?s=96&d=mm&r=g\",\"contentUrl\":\"https:\/\/secure.gravatar.com\/avatar\/3d6ceda593fb24ca27a61c1f79cbdd8f8dc1b8f05faea472f10ea78a20a2bf4e?s=96&d=mm&r=g\",\"caption\":\"carlosa\"},\"url\":\"https:\/\/doncomos.com\/educar\/autor\/carlosa\"}]}<\/script>\n<!-- \/ Yoast SEO plugin. -->","yoast_head_json":{"title":"Qu\u00e9 son los verbos - Definici\u00f3n, Significado y Concepto","description":"Los verbos son aquellas palabras cuyos elementos, dentro de la oraci\u00f3n, tienen variaci\u00f3n de persona, n\u00famero, tiempo, modo y aspecto.","robots":{"index":"index","follow":"follow","max-snippet":"max-snippet:-1","max-image-preview":"max-image-preview:large","max-video-preview":"max-video-preview:-1"},"og_locale":"es_ES","og_type":"article","og_title":"Qu\u00e9 son los verbos - Definici\u00f3n, Significado y Concepto","og_description":"Los verbos son aquellas palabras cuyos elementos, dentro de la oraci\u00f3n, tienen variaci\u00f3n de persona, n\u00famero, tiempo, modo y aspecto.","og_url":"https:\/\/doncomos.com\/educar\/que-verbos-definicion-significado-concepto","og_site_name":"Educar Doncomos.com: Aprende de forma F\u00e1cil y Amena","article_publisher":"https:\/\/www.facebook.com\/doncomos","article_published_time":"2020-08-05T10:13:44+00:00","article_modified_time":"2020-06-29T14:38:10+00:00","og_image":[{"width":640,"height":450,"url":"https:\/\/doncomos.com\/educar\/wp-content\/uploads\/sites\/7\/2019\/12\/Qu\u00e9-es-que-son-los-verbos-8211-Definici\u00f3n-Significado-y-Concepto-413.jpg","type":"image\/jpeg"}],"author":"carlosa","twitter_card":"summary","twitter_creator":"@doncomos","twitter_site":"@doncomos","twitter_misc":{"Escrito por":"carlosa","Tiempo de lectura":"6 minutos"},"schema":{"@context":"https:\/\/schema.org","@graph":[{"@type":"WebPage","@id":"https:\/\/doncomos.com\/educar\/que-verbos-definicion-significado-concepto","url":"https:\/\/doncomos.com\/educar\/que-verbos-definicion-significado-concepto","name":"Qu\u00e9 son los verbos - Definici\u00f3n, Significado y Concepto","isPartOf":{"@id":"https:\/\/doncomos.com\/educar\/#website"},"datePublished":"2020-08-05T10:13:44+00:00","dateModified":"2020-06-29T14:38:10+00:00","author":{"@id":"https:\/\/doncomos.com\/educar\/#\/schema\/person\/32e14a826aa2b7a3d56a35a9631def13"},"description":"Los verbos son aquellas palabras cuyos elementos, dentro de la oraci\u00f3n, tienen variaci\u00f3n de persona, n\u00famero, tiempo, modo y aspecto.","breadcrumb":{"@id":"https:\/\/doncomos.com\/educar\/que-verbos-definicion-significado-concepto#breadcrumb"},"inLanguage":"es","potentialAction":[{"@type":"ReadAction","target":["https:\/\/doncomos.com\/educar\/que-verbos-definicion-significado-concepto"]}]},{"@type":"BreadcrumbList","@id":"https:\/\/doncomos.com\/educar\/que-verbos-definicion-significado-concepto#breadcrumb","itemListElement":[{"@type":"ListItem","position":1,"name":"Home","item":"https:\/\/doncomos.com\/educar"},{"@type":"ListItem","position":2,"name":"Qu\u00e9 son los verbos &#8211; Definici\u00f3n, Significado y Concepto"}]},{"@type":"WebSite","@id":"https:\/\/doncomos.com\/educar\/#website","url":"https:\/\/doncomos.com\/educar\/","name":"Educar Doncomos.com: Aprende de forma F\u00e1cil y Amena","description":"Educar - Ense\u00f1amos todos los c\u00f3mos sobre educaci\u00f3n de la mano de profesores","potentialAction":[{"@type":"SearchAction","target":{"@type":"EntryPoint","urlTemplate":"https:\/\/doncomos.com\/educar\/?s={search_term_string}"},"query-input":"required name=search_term_string"}],"inLanguage":"es"},{"@type":"Person","@id":"https:\/\/doncomos.com\/educar\/#\/schema\/person\/32e14a826aa2b7a3d56a35a9631def13","name":"carlosa","image":{"@type":"ImageObject","inLanguage":"es","@id":"https:\/\/doncomos.com\/educar\/#\/schema\/person\/image\/","url":"https:\/\/secure.gravatar.com\/avatar\/3d6ceda593fb24ca27a61c1f79cbdd8f8dc1b8f05faea472f10ea78a20a2bf4e?s=96&d=mm&r=g","contentUrl":"https:\/\/secure.gravatar.com\/avatar\/3d6ceda593fb24ca27a61c1f79cbdd8f8dc1b8f05faea472f10ea78a20a2bf4e?s=96&d=mm&r=g","caption":"carlosa"},"url":"https:\/\/doncomos.com\/educar\/autor\/carlosa"}]}},"_links":{"self":[{"href":"https:\/\/doncomos.com\/educar\/wp-json\/wp\/v2\/posts\/12115","targetHints":{"allow":["GET"]}}],"collection":[{"href":"https:\/\/doncomos.com\/educar\/wp-json\/wp\/v2\/posts"}],"about":[{"href":"https:\/\/doncomos.com\/educar\/wp-json\/wp\/v2\/types\/post"}],"author":[{"embeddable":true,"href":"https:\/\/doncomos.com\/educar\/wp-json\/wp\/v2\/users\/99"}],"replies":[{"embeddable":true,"href":"https:\/\/doncomos.com\/educar\/wp-json\/wp\/v2\/comments?post=12115"}],"version-history":[{"count":2,"href":"https:\/\/doncomos.com\/educar\/wp-json\/wp\/v2\/posts\/12115\/revisions"}],"predecessor-version":[{"id":12714,"href":"https:\/\/doncomos.com\/educar\/wp-json\/wp\/v2\/posts\/12115\/revisions\/12714"}],"wp:featuredmedia":[{"embeddable":true,"href":"https:\/\/doncomos.com\/educar\/wp-json\/wp\/v2\/media\/12338"}],"wp:attachment":[{"href":"https:\/\/doncomos.com\/educar\/wp-json\/wp\/v2\/media?parent=12115"}],"wp:term":[{"taxonomy":"category","embeddable":true,"href":"https:\/\/doncomos.com\/educar\/wp-json\/wp\/v2\/categories?post=12115"},{"taxonomy":"post_tag","embeddable":true,"href":"https:\/\/doncomos.com\/educar\/wp-json\/wp\/v2\/tags?post=12115"}],"curies":[{"name":"wp","href":"https:\/\/api.w.org\/{rel}","templated":true}]}}