{"id":14032,"date":"2021-02-21T10:45:56","date_gmt":"2021-02-21T09:45:56","guid":{"rendered":"http:\/\/doncomos.com\/educar\/?p=14032"},"modified":"2021-01-18T10:28:24","modified_gmt":"2021-01-18T09:28:24","slug":"puede-justificar-robar-ser-pobre","status":"publish","type":"post","link":"https:\/\/doncomos.com\/educar\/puede-justificar-robar-ser-pobre","title":{"rendered":"\u00bfSe puede justificar el robar por ser pobre?"},"content":{"rendered":"<p>D\u00eda y en cada pa\u00eds existe la pobreza como una plaga m\u00e1s que destruye con el tiempos a una sociedad. Y si los gobernantes se descuidan, \u00a0su propagaci\u00f3n es m\u00e1s latente, por eso es que tenemos que estar vigilantes de nuestras autoridades. Para que el pa\u00eds obtenga un buen desarrollo en todas las \u00e1reas\u00a0 productivas y sociales.\u00a0 Por eso todos los ciudadanos que conformamos una naci\u00f3n en vez de quejarnos y estar de brazos cruzados o mendigando limosnas. Debemos\u00a0 aportar ideas que sean productivas\u00a0 y exigir con total propiedad que se acabe la opresi\u00f3n y la miseria. Toda persona que trabaje y sea productivo merece un salario honorable y muy razonable para que no busque robar.<\/p>\n<p>La idea del robo en tiempos atr\u00e1s, del conocido arquero que robaba a los ricos para darles a los m\u00e1s pobres y necesitados. El cual lo consideraba un h\u00e9roe, el robo era justificado y aceptable ya que el llamado Rob\u00edn Hood, seg\u00fan en tiempos atr\u00e1s buscaba la igualdad social.<\/p>\n<p>En la actualidad, ya no se justifica que una persona con carencias ya sea de hambre, salud o la situaci\u00f3n pa\u00eds tenga la necesidad de robar. Porque si vemos el otro lado de la moneda, \u00a0algunos de los ricos y adinerados\u00a0 se han llenado de fortuna por actos il\u00edcitos. Y la mayor\u00eda pasan desapercibidos sin pagar el castigo por su error.<\/p>\n<p>Por eso es necesario y con urgencia hacer un cambio dr\u00e1stico en nuestra manera de pensar y actuar. Activando valores positivos humanos para evitar las carencias y fomentar una buena educaci\u00f3n familiar, es decir\u00a0 ir al fondo de la ra\u00edz. Porque seg\u00fan lo que siembras en tu hogar es lo que cosechas para la sociedad. As\u00ed que dej\u00e9monos de echarnos la culpa unos con otros y activemos nuestra naci\u00f3n para que ya no existan m\u00e1s hurtos. Porque la pobreza no justifica que una persona robe para cubrir alguna necesidad.<\/p>\n<p><img loading=\"lazy\" decoding=\"async\" class=\"alignnone wp-image-14034 size-full\" src=\"https:\/\/doncomos.com\/educar\/wp-content\/uploads\/sites\/7\/2020\/11\/\u00bfSe-puede-justificar-el-robar-por-ser-pobre-888.jpg\" alt=\"robar\" width=\"640\" height=\"356\" srcset=\"https:\/\/doncomos.com\/educar\/wp-content\/uploads\/sites\/7\/2020\/11\/\u00bfSe-puede-justificar-el-robar-por-ser-pobre-888.jpg 640w, https:\/\/doncomos.com\/educar\/wp-content\/uploads\/sites\/7\/2020\/11\/\u00bfSe-puede-justificar-el-robar-por-ser-pobre-888-300x167.jpg 300w, https:\/\/doncomos.com\/educar\/wp-content\/uploads\/sites\/7\/2020\/11\/\u00bfSe-puede-justificar-el-robar-por-ser-pobre-888-270x150.jpg 270w\" sizes=\"auto, (max-width: 640px) 100vw, 640px\" \/><\/p>\n<p>Robar e smalo, por eos todo lo debriamos evitar y demandar, la siguiente entrada puede ayudarte \u00ab<a href=\"https:\/\/doncomos.com\/vehiculos\/renovar-permiso-conducir-robo\">C\u00f3mo renovar el permiso de conducir por robo<\/a>\u00ab.<\/p>\n<h2>Tipos de pobrezas m\u00e1s comunes.<\/h2>\n<p>Esta var\u00eda seg\u00fan el estatus o escala social, la econom\u00eda, el g\u00e9nero, la pol\u00edtica entre otros. Aunque desde los tiempos coloniales ha existido la desigualdad. Los seres humanos le ha tocado enfrentar una realidad quiz\u00e1s abrumadora para poder mantenerse en la sociedad. Ya que lamentablemente la maldad humana ha existido para apoderarse de los m\u00e1s d\u00e9biles. Cosa que debemos erradicar para fortalecer de ahora en adelante a las personas para que se emprendan en cambiar. Todo esto lo podemos lograr partiendo de la base principal que es el amor al pr\u00f3jimo o sus semejantes. Es decir volver a nuestras ra\u00edces para empezar de nuevo. Entre los tipos de pobreza que tenemos son:<\/p>\n<ul>\n<li>Pobreza cr\u00edtica: es la que una persona o grupos de individuos se enfrentan a solucionar por lo menos lo m\u00e1s b\u00e1sico como es el de alimentarse y quiz\u00e1s no con todos los nutrientes que corresponden en su dieta alimentaria b\u00e1sica, sin tomar en cuenta los gastos que generan los servicios p\u00fablicos as\u00ed como vivienda, entre otros, es decir que su capital monetario ganado no alcanza para mantenerse estable y poder ahorrar para mejorar su calidad de vida.<\/li>\n<li>Pobreza extrema: Hay ciertos pa\u00edses en extrema pobreza que no han podido erradicarla, as\u00ed como el continente Africano o sin ir tan lejos los indigentes que deambulan por nuestras calles, que no tienen capital para consumir alimentos de la dieta b\u00e1sica. Perdiendo por completo la digna calidad de vida.<\/li>\n<\/ul>\n<p>Hay dos categor\u00edas de ser pobres seg\u00fan el nivel social y la econom\u00eda existente. Entre ellos tenemos:<\/p>\n<ul>\n<li>Pobreza absoluta: aqu\u00ed se mide la cantidad neta de la poblaci\u00f3n, para luego saber cu\u00e1l es el m\u00ednimo de consumo de alimentos que ingestan de la canasta b\u00e1sica.<\/li>\n<li>Pobreza relativa, aqu\u00ed sucede todo lo contrario, porque miden seg\u00fan el conglomerado humano ya sea de\u00a0 un estado, ciudad, pa\u00eds o continente. Basado en su cultura y estatus socio-econ\u00f3mico, dependiendo de la relaci\u00f3n que halla entre los individuos que conforman una sociedad.<\/li>\n<\/ul>\n<p><img loading=\"lazy\" decoding=\"async\" class=\"alignnone wp-image-14035 size-full\" src=\"https:\/\/doncomos.com\/educar\/wp-content\/uploads\/sites\/7\/2020\/11\/\u00bfSe-puede-justificar-el-robar-por-ser-pobre-662.jpg\" alt=\"robar\" width=\"640\" height=\"480\" srcset=\"https:\/\/doncomos.com\/educar\/wp-content\/uploads\/sites\/7\/2020\/11\/\u00bfSe-puede-justificar-el-robar-por-ser-pobre-662.jpg 640w, https:\/\/doncomos.com\/educar\/wp-content\/uploads\/sites\/7\/2020\/11\/\u00bfSe-puede-justificar-el-robar-por-ser-pobre-662-300x225.jpg 300w, https:\/\/doncomos.com\/educar\/wp-content\/uploads\/sites\/7\/2020\/11\/\u00bfSe-puede-justificar-el-robar-por-ser-pobre-662-267x200.jpg 267w, https:\/\/doncomos.com\/educar\/wp-content\/uploads\/sites\/7\/2020\/11\/\u00bfSe-puede-justificar-el-robar-por-ser-pobre-662-86x64.jpg 86w\" sizes=\"auto, (max-width: 640px) 100vw, 640px\" \/><\/p>\n<h2>Causas comunes del porque hay pobreza en las naciones e indices altos para robar.<\/h2>\n<p>Estas causas quiz\u00e1s no son determinantes pero se manifiestan como factores causantes del escases. Entre ellas nombramos las siguientes:<\/p>\n<ul>\n<li>El alto porcentaje de desemple\u00f3, pocas empresas emprendedoras y personas mal preparadas o son pocas proactivas.<\/li>\n<li>Los trabajos realizados por personas ya sean preparadas o no, son remunerados con sueldos muy bajos que no les permiten ahorrar, solo cubren lo necesario para sobrevivir.<\/li>\n<li>Existe mucha exclusi\u00f3n de g\u00e9nero y raza, as\u00ed como de beneficios que pueden ser individuales o sociales.<\/li>\n<li>Gran cantidad de seres humanos que se sienten incapaces de prepararse, educarse o simplemente asumir un trabajo que les puede generar conocimientos b\u00e1sicos para poder emprenderse, es decir miedo a seguir adelante y se desmotivan r\u00e1pidamente.<\/li>\n<li>La inevitable corrupci\u00f3n, los conflictos y las guerras innecesarias de territorios ya sea entre pa\u00edses o entre regiones, que trae e devastaci\u00f3n, muerte, hambruna, entre otros obligando a ciertas personas, quiz\u00e1s las m\u00e1s perjudicadas a empezar de cero.<\/li>\n<\/ul>\n<p>Si te gusto este art\u00edculo sobre la justificaci\u00f3n de robar, puede que el siguiente tambien sea de tu agrado \u00ab<a href=\"https:\/\/doncomos.com\/vehiculos\/evitar-robo-moto\">C\u00f3mo evitar el Robo de una Moto<\/a>\u00ab.<\/p>\n","protected":false},"excerpt":{"rendered":"<p>D\u00eda y en cada pa\u00eds existe la pobreza como una plaga m\u00e1s que destruye con el tiempos a una sociedad. Y si los gobernantes se descuidan, \u00a0su propagaci\u00f3n es m\u00e1s latente, por eso es que tenemos que estar vigilantes de [&hellip;]<\/p>\n","protected":false},"author":95,"featured_media":14033,"comment_status":"open","ping_status":"closed","sticky":false,"template":"","format":"standard","meta":{"footnotes":""},"categories":[1052,768,1197,1092],"tags":[],"class_list":["post-14032","post","type-post","status-publish","format-standard","has-post-thumbnail","hentry","category-cultura-y-sociedad","category-ensenar-ninos","category-filosofia","category-habilidades-sociales"],"acf":[],"yoast_head":"<!-- This site is optimized with the Yoast SEO plugin v19.6 - https:\/\/yoast.com\/wordpress\/plugins\/seo\/ -->\n<title>\u00bfSe puede justificar el robar por ser pobre? - Educaci\u00f3n Don C\u00f3mos<\/title>\n<meta name=\"description\" content=\"Este es un tema a debatir, \u00bfSe justifica robar por ser una persona de bajos recursos o pobre? Encuentra la respuesta en esta entrada.\" \/>\n<meta name=\"robots\" content=\"index, follow, max-snippet:-1, max-image-preview:large, max-video-preview:-1\" \/>\n<meta property=\"og:locale\" content=\"es_ES\" \/>\n<meta property=\"og:type\" content=\"article\" \/>\n<meta property=\"og:title\" content=\"\u00bfSe puede justificar el robar por ser pobre? - Educaci\u00f3n Don C\u00f3mos\" \/>\n<meta property=\"og:description\" content=\"Este es un tema a debatir, \u00bfSe justifica robar por ser una persona de bajos recursos o pobre? Encuentra la respuesta en esta entrada.\" \/>\n<meta property=\"og:url\" content=\"https:\/\/doncomos.com\/educar\/puede-justificar-robar-ser-pobre\" \/>\n<meta property=\"og:site_name\" content=\"Educar Doncomos.com: Aprende de forma F\u00e1cil y Amena\" \/>\n<meta property=\"article:publisher\" content=\"https:\/\/www.facebook.com\/doncomos\" \/>\n<meta property=\"article:published_time\" content=\"2021-02-21T09:45:56+00:00\" \/>\n<meta property=\"article:modified_time\" content=\"2021-01-18T09:28:24+00:00\" \/>\n<meta property=\"og:image\" content=\"https:\/\/doncomos.com\/educar\/wp-content\/uploads\/sites\/7\/2020\/11\/\u00bfSe-puede-justificar-el-robar-por-ser-pobre-431.jpg\" \/>\n\t<meta property=\"og:image:width\" content=\"640\" \/>\n\t<meta property=\"og:image:height\" content=\"427\" \/>\n\t<meta property=\"og:image:type\" content=\"image\/jpeg\" \/>\n<meta name=\"author\" content=\"Antonio\" \/>\n<meta name=\"twitter:card\" content=\"summary\" \/>\n<meta name=\"twitter:creator\" content=\"@doncomos\" \/>\n<meta name=\"twitter:site\" content=\"@doncomos\" \/>\n<meta name=\"twitter:label1\" content=\"Escrito por\" \/>\n\t<meta name=\"twitter:data1\" content=\"Antonio\" \/>\n\t<meta name=\"twitter:label2\" content=\"Tiempo de lectura\" \/>\n\t<meta name=\"twitter:data2\" content=\"5 minutos\" \/>\n<script type=\"application\/ld+json\" class=\"yoast-schema-graph\">{\"@context\":\"https:\/\/schema.org\",\"@graph\":[{\"@type\":\"WebPage\",\"@id\":\"https:\/\/doncomos.com\/educar\/puede-justificar-robar-ser-pobre\",\"url\":\"https:\/\/doncomos.com\/educar\/puede-justificar-robar-ser-pobre\",\"name\":\"\u00bfSe puede justificar el robar por ser pobre? - Educaci\u00f3n Don C\u00f3mos\",\"isPartOf\":{\"@id\":\"https:\/\/doncomos.com\/educar\/#website\"},\"datePublished\":\"2021-02-21T09:45:56+00:00\",\"dateModified\":\"2021-01-18T09:28:24+00:00\",\"author\":{\"@id\":\"https:\/\/doncomos.com\/educar\/#\/schema\/person\/49ea11523ad68afcaca8b468b1c5bdb2\"},\"description\":\"Este es un tema a debatir, \u00bfSe justifica robar por ser una persona de bajos recursos o pobre? Encuentra la respuesta en esta entrada.\",\"breadcrumb\":{\"@id\":\"https:\/\/doncomos.com\/educar\/puede-justificar-robar-ser-pobre#breadcrumb\"},\"inLanguage\":\"es\",\"potentialAction\":[{\"@type\":\"ReadAction\",\"target\":[\"https:\/\/doncomos.com\/educar\/puede-justificar-robar-ser-pobre\"]}]},{\"@type\":\"BreadcrumbList\",\"@id\":\"https:\/\/doncomos.com\/educar\/puede-justificar-robar-ser-pobre#breadcrumb\",\"itemListElement\":[{\"@type\":\"ListItem\",\"position\":1,\"name\":\"Home\",\"item\":\"https:\/\/doncomos.com\/educar\"},{\"@type\":\"ListItem\",\"position\":2,\"name\":\"\u00bfSe puede justificar el robar por ser pobre?\"}]},{\"@type\":\"WebSite\",\"@id\":\"https:\/\/doncomos.com\/educar\/#website\",\"url\":\"https:\/\/doncomos.com\/educar\/\",\"name\":\"Educar Doncomos.com: Aprende de forma F\u00e1cil y Amena\",\"description\":\"Educar - Ense\u00f1amos todos los c\u00f3mos sobre educaci\u00f3n de la mano de profesores\",\"potentialAction\":[{\"@type\":\"SearchAction\",\"target\":{\"@type\":\"EntryPoint\",\"urlTemplate\":\"https:\/\/doncomos.com\/educar\/?s={search_term_string}\"},\"query-input\":\"required name=search_term_string\"}],\"inLanguage\":\"es\"},{\"@type\":\"Person\",\"@id\":\"https:\/\/doncomos.com\/educar\/#\/schema\/person\/49ea11523ad68afcaca8b468b1c5bdb2\",\"name\":\"Antonio\",\"image\":{\"@type\":\"ImageObject\",\"inLanguage\":\"es\",\"@id\":\"https:\/\/doncomos.com\/educar\/#\/schema\/person\/image\/\",\"url\":\"https:\/\/secure.gravatar.com\/avatar\/16ba1a8ca829891b463bf7018740da9bee6d58d7f229ca748bfff2596bcf2b0b?s=96&d=mm&r=g\",\"contentUrl\":\"https:\/\/secure.gravatar.com\/avatar\/16ba1a8ca829891b463bf7018740da9bee6d58d7f229ca748bfff2596bcf2b0b?s=96&d=mm&r=g\",\"caption\":\"Antonio\"},\"url\":\"https:\/\/doncomos.com\/educar\/autor\/antonion\"}]}<\/script>\n<!-- \/ Yoast SEO plugin. -->","yoast_head_json":{"title":"\u00bfSe puede justificar el robar por ser pobre? - Educaci\u00f3n Don C\u00f3mos","description":"Este es un tema a debatir, \u00bfSe justifica robar por ser una persona de bajos recursos o pobre? Encuentra la respuesta en esta entrada.","robots":{"index":"index","follow":"follow","max-snippet":"max-snippet:-1","max-image-preview":"max-image-preview:large","max-video-preview":"max-video-preview:-1"},"og_locale":"es_ES","og_type":"article","og_title":"\u00bfSe puede justificar el robar por ser pobre? - Educaci\u00f3n Don C\u00f3mos","og_description":"Este es un tema a debatir, \u00bfSe justifica robar por ser una persona de bajos recursos o pobre? Encuentra la respuesta en esta entrada.","og_url":"https:\/\/doncomos.com\/educar\/puede-justificar-robar-ser-pobre","og_site_name":"Educar Doncomos.com: Aprende de forma F\u00e1cil y Amena","article_publisher":"https:\/\/www.facebook.com\/doncomos","article_published_time":"2021-02-21T09:45:56+00:00","article_modified_time":"2021-01-18T09:28:24+00:00","og_image":[{"width":640,"height":427,"url":"https:\/\/doncomos.com\/educar\/wp-content\/uploads\/sites\/7\/2020\/11\/\u00bfSe-puede-justificar-el-robar-por-ser-pobre-431.jpg","type":"image\/jpeg"}],"author":"Antonio","twitter_card":"summary","twitter_creator":"@doncomos","twitter_site":"@doncomos","twitter_misc":{"Escrito por":"Antonio","Tiempo de lectura":"5 minutos"},"schema":{"@context":"https:\/\/schema.org","@graph":[{"@type":"WebPage","@id":"https:\/\/doncomos.com\/educar\/puede-justificar-robar-ser-pobre","url":"https:\/\/doncomos.com\/educar\/puede-justificar-robar-ser-pobre","name":"\u00bfSe puede justificar el robar por ser pobre? - Educaci\u00f3n Don C\u00f3mos","isPartOf":{"@id":"https:\/\/doncomos.com\/educar\/#website"},"datePublished":"2021-02-21T09:45:56+00:00","dateModified":"2021-01-18T09:28:24+00:00","author":{"@id":"https:\/\/doncomos.com\/educar\/#\/schema\/person\/49ea11523ad68afcaca8b468b1c5bdb2"},"description":"Este es un tema a debatir, \u00bfSe justifica robar por ser una persona de bajos recursos o pobre? Encuentra la respuesta en esta entrada.","breadcrumb":{"@id":"https:\/\/doncomos.com\/educar\/puede-justificar-robar-ser-pobre#breadcrumb"},"inLanguage":"es","potentialAction":[{"@type":"ReadAction","target":["https:\/\/doncomos.com\/educar\/puede-justificar-robar-ser-pobre"]}]},{"@type":"BreadcrumbList","@id":"https:\/\/doncomos.com\/educar\/puede-justificar-robar-ser-pobre#breadcrumb","itemListElement":[{"@type":"ListItem","position":1,"name":"Home","item":"https:\/\/doncomos.com\/educar"},{"@type":"ListItem","position":2,"name":"\u00bfSe puede justificar el robar por ser pobre?"}]},{"@type":"WebSite","@id":"https:\/\/doncomos.com\/educar\/#website","url":"https:\/\/doncomos.com\/educar\/","name":"Educar Doncomos.com: Aprende de forma F\u00e1cil y Amena","description":"Educar - Ense\u00f1amos todos los c\u00f3mos sobre educaci\u00f3n de la mano de profesores","potentialAction":[{"@type":"SearchAction","target":{"@type":"EntryPoint","urlTemplate":"https:\/\/doncomos.com\/educar\/?s={search_term_string}"},"query-input":"required name=search_term_string"}],"inLanguage":"es"},{"@type":"Person","@id":"https:\/\/doncomos.com\/educar\/#\/schema\/person\/49ea11523ad68afcaca8b468b1c5bdb2","name":"Antonio","image":{"@type":"ImageObject","inLanguage":"es","@id":"https:\/\/doncomos.com\/educar\/#\/schema\/person\/image\/","url":"https:\/\/secure.gravatar.com\/avatar\/16ba1a8ca829891b463bf7018740da9bee6d58d7f229ca748bfff2596bcf2b0b?s=96&d=mm&r=g","contentUrl":"https:\/\/secure.gravatar.com\/avatar\/16ba1a8ca829891b463bf7018740da9bee6d58d7f229ca748bfff2596bcf2b0b?s=96&d=mm&r=g","caption":"Antonio"},"url":"https:\/\/doncomos.com\/educar\/autor\/antonion"}]}},"_links":{"self":[{"href":"https:\/\/doncomos.com\/educar\/wp-json\/wp\/v2\/posts\/14032","targetHints":{"allow":["GET"]}}],"collection":[{"href":"https:\/\/doncomos.com\/educar\/wp-json\/wp\/v2\/posts"}],"about":[{"href":"https:\/\/doncomos.com\/educar\/wp-json\/wp\/v2\/types\/post"}],"author":[{"embeddable":true,"href":"https:\/\/doncomos.com\/educar\/wp-json\/wp\/v2\/users\/95"}],"replies":[{"embeddable":true,"href":"https:\/\/doncomos.com\/educar\/wp-json\/wp\/v2\/comments?post=14032"}],"version-history":[{"count":1,"href":"https:\/\/doncomos.com\/educar\/wp-json\/wp\/v2\/posts\/14032\/revisions"}],"predecessor-version":[{"id":14156,"href":"https:\/\/doncomos.com\/educar\/wp-json\/wp\/v2\/posts\/14032\/revisions\/14156"}],"wp:featuredmedia":[{"embeddable":true,"href":"https:\/\/doncomos.com\/educar\/wp-json\/wp\/v2\/media\/14033"}],"wp:attachment":[{"href":"https:\/\/doncomos.com\/educar\/wp-json\/wp\/v2\/media?parent=14032"}],"wp:term":[{"taxonomy":"category","embeddable":true,"href":"https:\/\/doncomos.com\/educar\/wp-json\/wp\/v2\/categories?post=14032"},{"taxonomy":"post_tag","embeddable":true,"href":"https:\/\/doncomos.com\/educar\/wp-json\/wp\/v2\/tags?post=14032"}],"curies":[{"name":"wp","href":"https:\/\/api.w.org\/{rel}","templated":true}]}}