{"id":5197,"date":"2015-03-31T19:51:46","date_gmt":"2015-03-31T17:51:46","guid":{"rendered":"\/\/doncomos.com\/educar\/?p=5197"},"modified":"2015-03-30T19:52:19","modified_gmt":"2015-03-30T17:52:19","slug":"cuando-usa-ver-haber","status":"publish","type":"post","link":"https:\/\/doncomos.com\/educar\/cuando-usa-ver-haber","title":{"rendered":"Cu\u00e1ndo se usa a ver y haber"},"content":{"rendered":"<div id=\"toc_container\" class=\"no_bullets\"><p class=\"toc_title\">Contenido del Art&iacute;culo<\/p><ul class=\"toc_list\"><li><a href=\"#Que_Necesitas\">Que Necesitas<\/a><\/li><li><a href=\"#Instrucciones\">Instrucciones<\/a><\/li><li><a href=\"#Consejos\">Consejos<\/a><\/li><\/ul><\/div>\n<p>Otra\u00a0 confusi\u00f3n producida por <strong>sonidos similares<\/strong> y <strong>significados totalmente distintos<\/strong> es\u00a0 cuando decimos <strong>\u201ca ver\u201d y \u201chaber\u201d.<\/strong> \u00a0Ambas palabras \u00a0son verbos pero no son de uso indistinto.\u00a0 La diferencia en el uso es muy grande y debes aprender a usarla correctamente para que tu gram\u00e1tica mejore al igual que tu ortograf\u00eda. Por otro lado la palabra \u201chaber\u201c es un <strong>sustantivo <\/strong>muy utilizado en la econom\u00eda cuando hablamos de \u201c<strong>el debe y el haber\u201d<\/strong>.<\/p>\n<p>Recuerda que cuando buscas trabajo, adem\u00e1s de la solicitud por Internet, cuando te llaman para hacerte una entrevista personal suelen pedirte una \u00a0<strong>carta de presentaci\u00f3n<\/strong> <strong>manuscrita<\/strong>, con esto pueden analizar tu personalidad, y entre estas cuestiones puede surgir\u00a0 que si ven que confundes expresiones gramaticales\u00a0 o cometes faltas de ortograf\u00eda puedan descartarte\u00a0para determinados puestos de trabajo.<\/p>\n<p>En Doncomos.com queremos que distingas claramente <strong>cu\u00e1ndo se usa a ver y haber<\/strong> para que no cometas errores en la escritura y esto mejore tu comunicaci\u00f3n escrita cada vez que lo necesites.<\/p>\n<div align=\"center\"><!-- Doncomos Educar Enlaces Adaptable -->\n                                       <ins class=\"adsbygoogle\"\n                                            style=\"display:block; height:90px;\"\n                                            data-ad-client=\"ca-pub-7889333885495326\"\n                                            data-ad-slot=\"1590071393\"\n                                            data-ad-format=\"link\"><\/ins>\n                                       <script>\n                                       (adsbygoogle = window.adsbygoogle || []).push({});\n                                       <\/script><div id=\"div-video-intext\"><\/div><\/div><div class='single-functions-div-instrucciones2'><h2 class='h2-title-single'><span id=\"Que_Necesitas\">Que Necesitas<\/span><\/h2><blockquote-content><ul>\n<li class='single-functions-li-instrucciones'><input class='single-functions-instrucciones' type='checkbox'> Papel, l\u00e1piz<\/li>\n<li class='single-functions-li-instrucciones'><input class='single-functions-instrucciones' type='checkbox'> Ordenador con conexi\u00f3n a Internet.<\/li>\n<li class='single-functions-li-instrucciones'><input class='single-functions-instrucciones' type='checkbox'> Libros, revistas, peri\u00f3dicos para leer siempre que puedas.<\/li>\n<\/ul>\n<\/blockquote-content><\/div>\n<div align=\"center\"><!-- Doncomos Educar 336 x 280 -->\n                                <ins class=\"adsbygoogle\"\n                                     style=\"display:inline-block;width:336px;height:280px\"\n                                     data-ad-client=\"ca-pub-7889333885495326\"\n                                     data-ad-slot=\"7649523894\"><\/ins>\n                                <script>\n                                (adsbygoogle = window.adsbygoogle || []).push({});\n                                <\/script><\/div><div class='single-functions-top-instrucciones'><h2 class='h2-title-single'><span id=\"Instrucciones\">Instrucciones<\/span><\/h2><blockquote-content><ol>\n<li>Cuando decimos y usamos la expresi\u00f3n \u201c<strong>a ver<\/strong>\u201d nos referimos a la preposici\u00f3n \u201ca\u201d y el verbo \u201cver\u201d en infinitivo.<\/li>\n<li>Se puede utilizar de distintas formas\u00a0 como, por ejemplo refiri\u00e9ndonos a un futuro pr\u00f3ximo, a algo que haremos o podemos hacer:<\/li>\n<\/ol>\n<ul>\n<li>Iremos <strong>a ver<\/strong> la pel\u00edcula la semana pr\u00f3xima.<\/li>\n<li>Voy <strong>a ver <\/strong>qu\u00e9 ocurri\u00f3 en la esquina porque escuch\u00e9 un ruido muy fuerte.<\/li>\n<\/ul>\n<ol>\n<li>Vamos <strong>a ver<\/strong> qu\u00e9 notas traes de la escuela, luego decidiremos si compramos el juguete o no.<\/li>\n<div align=\"center\"><!-- Doncomos Educar 336 x 280 -->\n                                <ins class=\"adsbygoogle\"\n                                     style=\"display:inline-block;width:336px;height:280px\"\n                                     data-ad-client=\"ca-pub-7889333885495326\"\n                                     data-ad-slot=\"7649523894\"><\/ins>\n                                <script>\n                                (adsbygoogle = window.adsbygoogle || []).push({});\n                                <\/script><\/div><li>Tambi\u00e9n puede utilizarse para llamar la atenci\u00f3n de nuestro interlocutor antes de decirle, preguntarle u ordenarle algo, como por ejemplo:<\/li>\n<\/ol>\n<ul>\n<li><strong>A ver<\/strong>! Me vas a escuchar o no? Estoy cansada de repetirte siempre lo mismo.<img loading=\"lazy\" decoding=\"async\" class=\"alignnone size-medium wp-image-5203\" src=\"\/\/doncomos.com\/educar\/wp-content\/uploads\/sites\/7\/2015\/03\/madre-hijo-300x200.jpg\" alt=\"madre hijo\" width=\"300\" height=\"200\" srcset=\"https:\/\/doncomos.com\/educar\/wp-content\/uploads\/sites\/7\/2015\/03\/madre-hijo-300x200.jpg 300w, https:\/\/doncomos.com\/educar\/wp-content\/uploads\/sites\/7\/2015\/03\/madre-hijo-270x180.jpg 270w, https:\/\/doncomos.com\/educar\/wp-content\/uploads\/sites\/7\/2015\/03\/madre-hijo.jpg 560w\" sizes=\"auto, (max-width: 300px) 100vw, 300px\" \/><\/li>\n<li><strong>A ver<\/strong> si te comportas bien esta semana y mantienes ordenado tu cuarto!<\/li>\n<li><strong>A ver <\/strong>cuanto dinero has podido ahorrar este mes.<\/li>\n<\/ul>\n<ol>\n<li>Otro uso es para referirnos propiamente al verbo ver, expresando curiosidad por algo, por ejemplo:<\/li>\n<\/ol>\n<ul>\n<li>Fuiste de compras al shopping. <strong>A ver<\/strong>?<img loading=\"lazy\" decoding=\"async\" class=\"alignnone size-medium wp-image-5204\" src=\"\/\/doncomos.com\/educar\/wp-content\/uploads\/sites\/7\/2015\/03\/shopping-Epa-Patrick-Seeger-300x183.jpg\" alt=\"shopping-Epa-Patrick-Seeger\" width=\"300\" height=\"183\" srcset=\"https:\/\/doncomos.com\/educar\/wp-content\/uploads\/sites\/7\/2015\/03\/shopping-Epa-Patrick-Seeger-300x183.jpg 300w, https:\/\/doncomos.com\/educar\/wp-content\/uploads\/sites\/7\/2015\/03\/shopping-Epa-Patrick-Seeger-270x165.jpg 270w, https:\/\/doncomos.com\/educar\/wp-content\/uploads\/sites\/7\/2015\/03\/shopping-Epa-Patrick-Seeger.jpg 600w\" sizes=\"auto, (max-width: 300px) 100vw, 300px\" \/><\/li>\n<li>Te ca\u00edste de la bicicleta y te raspaste la rodilla. <strong>A ver<\/strong>? D\u00e9jame curarte.<\/li>\n<\/ul>\n<ol>\n<li>En muchos casos la expresi\u00f3n \u201ca ver \u201cpuede ser reemplazada por \u201cveamos\u201d. Observa que ambas \u00a0utilizan el verbo ver y significan lo mismo, por ejemplo:<\/li>\n<li><strong>A ver<\/strong> con qu\u00e9 excusa aparece hoy que nuevamente llega tarde a trabajar.<\/li>\n<li><strong>Veamos<\/strong> con qu\u00e9 excusa aparece hoy que nuevamente llega tarde a trabajar.<\/li>\n<li>Si bien en ambas oraciones no es posible \u201cver\u201d en el estricto sentido de la palabra se usa como expresi\u00f3n de \u201cestar atento a\u201d.<\/li>\n<li>Veremos ahora el significado y usos de la palabra <strong>\u201chaber\u201d<\/strong>. Como dijimos antes tiene dos significados diferentes: uno es el <strong>verbo haber<\/strong>, como verbo que indica <strong>la presencia o la existencia <\/strong>del sustantivo que acompa\u00f1a, por ejemplo:<\/li>\n<\/ol>\n<ul>\n<li>En esta habitaci\u00f3n tiene que <strong>haber<\/strong> alguna rata.<img loading=\"lazy\" decoding=\"async\" class=\"alignnone size-medium wp-image-5200\" src=\"\/\/doncomos.com\/educar\/wp-content\/uploads\/sites\/7\/2015\/03\/cuarto-300x200.jpg\" alt=\"cuarto\" width=\"300\" height=\"200\" srcset=\"https:\/\/doncomos.com\/educar\/wp-content\/uploads\/sites\/7\/2015\/03\/cuarto-300x200.jpg 300w, https:\/\/doncomos.com\/educar\/wp-content\/uploads\/sites\/7\/2015\/03\/cuarto-270x180.jpg 270w, https:\/\/doncomos.com\/educar\/wp-content\/uploads\/sites\/7\/2015\/03\/cuarto.jpg 385w\" sizes=\"auto, (max-width: 300px) 100vw, 300px\" \/><\/li>\n<li>En el texto que escribiste <strong>hab\u00eda<\/strong> muchos errores ortogr\u00e1ficos.<\/li>\n<li>Sabes si en el ba\u00f1o del cine <strong>habr\u00e1 <\/strong>papel tis\u00fa para secarme las manos?<\/li>\n<\/ul>\n<ol>\n<li>Tambi\u00e9n el verbo haber se usa como auxiliar de otros verbos para formar los tiempos compuestos, estos se forman con el auxiliar y el participio pasado del verbo en cuesti\u00f3n, por ejemplo:<\/li>\n<\/ol>\n<ul>\n<li>Yo <strong>he<\/strong> comido frutas tropicales y no las cambio por ninguna.<img loading=\"lazy\" decoding=\"async\" class=\"alignnone size-medium wp-image-5201\" src=\"\/\/doncomos.com\/educar\/wp-content\/uploads\/sites\/7\/2015\/03\/fruta_tropical-300x163.png\" alt=\"fruta_tropical\" width=\"300\" height=\"163\" srcset=\"https:\/\/doncomos.com\/educar\/wp-content\/uploads\/sites\/7\/2015\/03\/fruta_tropical-300x163.png 300w, https:\/\/doncomos.com\/educar\/wp-content\/uploads\/sites\/7\/2015\/03\/fruta_tropical-270x147.png 270w, https:\/\/doncomos.com\/educar\/wp-content\/uploads\/sites\/7\/2015\/03\/fruta_tropical.png 530w\" sizes=\"auto, (max-width: 300px) 100vw, 300px\" \/><\/li>\n<li>Si tienes buena memoria podr\u00e1s recordar que ya <strong>hab\u00edas<\/strong> estado en ese lugar.<\/li>\n<li>Cuando viajamos al sur nos dimos cuenta que nos <strong>hab\u00edamos <\/strong>olvidado los pasaportes en el hotel.<\/li>\n<\/ul>\n<ol>\n<li>Por \u00faltimo podemos darle un significado diferente a la palabra haber, un <strong>sustantivo <\/strong>muy utilizado en econom\u00eda que significa el <strong>saldo positivo<\/strong> que una persona o empresa tiene, es decir el dinero que tiene a su favor o los bienes que posee, lo contrario a las deudas.<img loading=\"lazy\" decoding=\"async\" class=\"alignnone size-medium wp-image-5202\" src=\"\/\/doncomos.com\/educar\/wp-content\/uploads\/sites\/7\/2015\/03\/libro-300x258.gif\" alt=\"libro\" width=\"300\" height=\"258\" srcset=\"https:\/\/doncomos.com\/educar\/wp-content\/uploads\/sites\/7\/2015\/03\/libro-300x258.gif 300w, https:\/\/doncomos.com\/educar\/wp-content\/uploads\/sites\/7\/2015\/03\/libro-232x200.gif 232w\" sizes=\"auto, (max-width: 300px) 100vw, 300px\" \/><\/li>\n<\/ol>\n<ul>\n<li>El hombre ten\u00eda un <strong>haber<\/strong> bastante grande lo que le permiti\u00f3 acceder a invertir en nuevas compa\u00f1\u00edas.<\/li>\n<li>Si tu<strong> haber<\/strong> es escaso mejor no lo hagas, espera mejores tiempos para comprar.<\/li>\n<li>El contador llevaba muy claro el debe y el <strong>haber<\/strong> del negocio, era de su entera confianza.<\/li>\n<\/ul>\n<\/blockquote-content><\/div>\n<div class='single-functions-consejos'><h2 class='h2-title-single'><span id=\"Consejos\">Consejos<\/span><\/h2><blockquote-content><ul>\n<li>Recuerda que la lectura desde peque\u00f1os es la mejor forma de mejorar la \u00a0ortograf\u00eda y la gram\u00e1tica.<\/li>\n<li>No te apoyes en la escritura con corrector autom\u00e1tico de tu ordenador, escribe correctamente evitando los errores que se cometen por comodidad. Por ejemplo las tildes que autom\u00e1ticamente aparecer\u00e1n porque cuando escribas en forma manuscrita el mal h\u00e1bito te har\u00e1 una mala jugada.<\/li>\n<\/ul>\n<\/blockquote-content><\/div>\n","protected":false},"excerpt":{"rendered":"<p>Otra\u00a0 confusi\u00f3n producida por sonidos similares y significados totalmente distintos es\u00a0 cuando decimos \u201ca ver\u201d y \u201chaber\u201d. \u00a0Ambas palabras \u00a0son verbos pero no son de uso indistinto.\u00a0 La diferencia en el uso es muy grande y debes aprender a usarla [&hellip;]<\/p>\n","protected":false},"author":7,"featured_media":5199,"comment_status":"open","ping_status":"open","sticky":false,"template":"","format":"standard","meta":{"footnotes":""},"categories":[1093],"tags":[],"class_list":["post-5197","post","type-post","status-publish","format-standard","has-post-thumbnail","hentry","category-ensenar-a-escribir"],"acf":[],"yoast_head":"<!-- This site is optimized with the Yoast SEO plugin v19.6 - https:\/\/yoast.com\/wordpress\/plugins\/seo\/ -->\n<title>Cu\u00e1ndo se usa a ver y haber - Educaci\u00f3n Don C\u00f3mos<\/title>\n<meta name=\"description\" content=\"Aqu\u00ed te ense\u00f1aremos a que distingas claramente cu\u00e1ndo se usa a ver y haber para que no cometas errores en la escritura y esto mejore tu comunicaci\u00f3n escrita.\" \/>\n<meta name=\"robots\" content=\"index, follow, max-snippet:-1, max-image-preview:large, max-video-preview:-1\" \/>\n<meta property=\"og:locale\" content=\"es_ES\" \/>\n<meta property=\"og:type\" content=\"article\" \/>\n<meta property=\"og:title\" content=\"Cu\u00e1ndo se usa a ver y haber - Educaci\u00f3n Don C\u00f3mos\" \/>\n<meta property=\"og:description\" content=\"Aqu\u00ed te ense\u00f1aremos a que distingas claramente cu\u00e1ndo se usa a ver y haber para que no cometas errores en la escritura y esto mejore tu comunicaci\u00f3n escrita.\" \/>\n<meta property=\"og:url\" content=\"https:\/\/doncomos.com\/educar\/cuando-usa-ver-haber\" \/>\n<meta property=\"og:site_name\" content=\"Educar Doncomos.com: Aprende de forma F\u00e1cil y Amena\" \/>\n<meta property=\"article:publisher\" content=\"https:\/\/www.facebook.com\/doncomos\" \/>\n<meta property=\"article:published_time\" content=\"2015-03-31T17:51:46+00:00\" \/>\n<meta property=\"article:modified_time\" content=\"2015-03-30T17:52:19+00:00\" \/>\n<meta property=\"og:image\" content=\"https:\/\/doncomos.com\/educar\/wp-content\/uploads\/sites\/7\/2015\/03\/haber.png\" \/>\n\t<meta property=\"og:image:width\" content=\"838\" \/>\n\t<meta property=\"og:image:height\" content=\"449\" \/>\n\t<meta property=\"og:image:type\" content=\"image\/png\" \/>\n<meta name=\"author\" content=\"Graciela\" \/>\n<meta name=\"twitter:card\" content=\"summary\" \/>\n<meta name=\"twitter:creator\" content=\"@doncomos\" \/>\n<meta name=\"twitter:site\" content=\"@doncomos\" \/>\n<meta name=\"twitter:label1\" content=\"Escrito por\" \/>\n\t<meta name=\"twitter:data1\" content=\"Graciela\" \/>\n\t<meta name=\"twitter:label2\" content=\"Tiempo de lectura\" \/>\n\t<meta name=\"twitter:data2\" content=\"1 minuto\" \/>\n<script type=\"application\/ld+json\" class=\"yoast-schema-graph\">{\"@context\":\"https:\/\/schema.org\",\"@graph\":[{\"@type\":\"WebPage\",\"@id\":\"https:\/\/doncomos.com\/educar\/cuando-usa-ver-haber\",\"url\":\"https:\/\/doncomos.com\/educar\/cuando-usa-ver-haber\",\"name\":\"Cu\u00e1ndo se usa a ver y haber - Educaci\u00f3n Don C\u00f3mos\",\"isPartOf\":{\"@id\":\"https:\/\/doncomos.com\/educar\/#website\"},\"datePublished\":\"2015-03-31T17:51:46+00:00\",\"dateModified\":\"2015-03-30T17:52:19+00:00\",\"author\":{\"@id\":\"https:\/\/doncomos.com\/educar\/#\/schema\/person\/1aa604bc46e88be1b3d6c28a916f0447\"},\"description\":\"Aqu\u00ed te ense\u00f1aremos a que distingas claramente cu\u00e1ndo se usa a ver y haber para que no cometas errores en la escritura y esto mejore tu comunicaci\u00f3n escrita.\",\"breadcrumb\":{\"@id\":\"https:\/\/doncomos.com\/educar\/cuando-usa-ver-haber#breadcrumb\"},\"inLanguage\":\"es\",\"potentialAction\":[{\"@type\":\"ReadAction\",\"target\":[\"https:\/\/doncomos.com\/educar\/cuando-usa-ver-haber\"]}]},{\"@type\":\"BreadcrumbList\",\"@id\":\"https:\/\/doncomos.com\/educar\/cuando-usa-ver-haber#breadcrumb\",\"itemListElement\":[{\"@type\":\"ListItem\",\"position\":1,\"name\":\"Home\",\"item\":\"https:\/\/doncomos.com\/educar\"},{\"@type\":\"ListItem\",\"position\":2,\"name\":\"Cu\u00e1ndo se usa a ver y haber\"}]},{\"@type\":\"WebSite\",\"@id\":\"https:\/\/doncomos.com\/educar\/#website\",\"url\":\"https:\/\/doncomos.com\/educar\/\",\"name\":\"Educar Doncomos.com: Aprende de forma F\u00e1cil y Amena\",\"description\":\"Educar - Ense\u00f1amos todos los c\u00f3mos sobre educaci\u00f3n de la mano de profesores\",\"potentialAction\":[{\"@type\":\"SearchAction\",\"target\":{\"@type\":\"EntryPoint\",\"urlTemplate\":\"https:\/\/doncomos.com\/educar\/?s={search_term_string}\"},\"query-input\":\"required name=search_term_string\"}],\"inLanguage\":\"es\"},{\"@type\":\"Person\",\"@id\":\"https:\/\/doncomos.com\/educar\/#\/schema\/person\/1aa604bc46e88be1b3d6c28a916f0447\",\"name\":\"Graciela\",\"image\":{\"@type\":\"ImageObject\",\"inLanguage\":\"es\",\"@id\":\"https:\/\/doncomos.com\/educar\/#\/schema\/person\/image\/\",\"url\":\"https:\/\/secure.gravatar.com\/avatar\/7bfb6e5096980edb42bdaedc1afacc35180a09c7cabd9c879e3d1379a05ea34a?s=96&d=mm&r=g\",\"contentUrl\":\"https:\/\/secure.gravatar.com\/avatar\/7bfb6e5096980edb42bdaedc1afacc35180a09c7cabd9c879e3d1379a05ea34a?s=96&d=mm&r=g\",\"caption\":\"Graciela\"},\"description\":\"Mi nombre es Graciela Orofino, tengo 54 a\u00f1os. Mi familia (esposo, hijos y nieto) y mis amigos son mi fuente de vida e inspiraci\u00f3n. Soy docente pr\u00f3xima a retirarme, profesora de Matem\u00e1tica y F\u00edsica. He disfrutado mucho de mi profesi\u00f3n a la que le he agregado todas las cosas que me entretienen como leer, coser, cocinar, tejer, proyectar todo tipo de cosas, escuchar m\u00fasica, y hacer caminatas. En Doncomos.com he descubierto otra pasi\u00f3n. Me encanta escribir y transmitir todo lo que se, investigar, escribir, aprender de todo y compartir. Soy perfeccionista y trato de hacer cada cosa lo mejor posible, superarme d\u00eda a d\u00eda.\",\"url\":\"https:\/\/doncomos.com\/educar\/autor\/graciela\"}]}<\/script>\n<!-- \/ Yoast SEO plugin. -->","yoast_head_json":{"title":"Cu\u00e1ndo se usa a ver y haber - Educaci\u00f3n Don C\u00f3mos","description":"Aqu\u00ed te ense\u00f1aremos a que distingas claramente cu\u00e1ndo se usa a ver y haber para que no cometas errores en la escritura y esto mejore tu comunicaci\u00f3n escrita.","robots":{"index":"index","follow":"follow","max-snippet":"max-snippet:-1","max-image-preview":"max-image-preview:large","max-video-preview":"max-video-preview:-1"},"og_locale":"es_ES","og_type":"article","og_title":"Cu\u00e1ndo se usa a ver y haber - Educaci\u00f3n Don C\u00f3mos","og_description":"Aqu\u00ed te ense\u00f1aremos a que distingas claramente cu\u00e1ndo se usa a ver y haber para que no cometas errores en la escritura y esto mejore tu comunicaci\u00f3n escrita.","og_url":"https:\/\/doncomos.com\/educar\/cuando-usa-ver-haber","og_site_name":"Educar Doncomos.com: Aprende de forma F\u00e1cil y Amena","article_publisher":"https:\/\/www.facebook.com\/doncomos","article_published_time":"2015-03-31T17:51:46+00:00","article_modified_time":"2015-03-30T17:52:19+00:00","og_image":[{"width":838,"height":449,"url":"https:\/\/doncomos.com\/educar\/wp-content\/uploads\/sites\/7\/2015\/03\/haber.png","type":"image\/png"}],"author":"Graciela","twitter_card":"summary","twitter_creator":"@doncomos","twitter_site":"@doncomos","twitter_misc":{"Escrito por":"Graciela","Tiempo de lectura":"1 minuto"},"schema":{"@context":"https:\/\/schema.org","@graph":[{"@type":"WebPage","@id":"https:\/\/doncomos.com\/educar\/cuando-usa-ver-haber","url":"https:\/\/doncomos.com\/educar\/cuando-usa-ver-haber","name":"Cu\u00e1ndo se usa a ver y haber - Educaci\u00f3n Don C\u00f3mos","isPartOf":{"@id":"https:\/\/doncomos.com\/educar\/#website"},"datePublished":"2015-03-31T17:51:46+00:00","dateModified":"2015-03-30T17:52:19+00:00","author":{"@id":"https:\/\/doncomos.com\/educar\/#\/schema\/person\/1aa604bc46e88be1b3d6c28a916f0447"},"description":"Aqu\u00ed te ense\u00f1aremos a que distingas claramente cu\u00e1ndo se usa a ver y haber para que no cometas errores en la escritura y esto mejore tu comunicaci\u00f3n escrita.","breadcrumb":{"@id":"https:\/\/doncomos.com\/educar\/cuando-usa-ver-haber#breadcrumb"},"inLanguage":"es","potentialAction":[{"@type":"ReadAction","target":["https:\/\/doncomos.com\/educar\/cuando-usa-ver-haber"]}]},{"@type":"BreadcrumbList","@id":"https:\/\/doncomos.com\/educar\/cuando-usa-ver-haber#breadcrumb","itemListElement":[{"@type":"ListItem","position":1,"name":"Home","item":"https:\/\/doncomos.com\/educar"},{"@type":"ListItem","position":2,"name":"Cu\u00e1ndo se usa a ver y haber"}]},{"@type":"WebSite","@id":"https:\/\/doncomos.com\/educar\/#website","url":"https:\/\/doncomos.com\/educar\/","name":"Educar Doncomos.com: Aprende de forma F\u00e1cil y Amena","description":"Educar - Ense\u00f1amos todos los c\u00f3mos sobre educaci\u00f3n de la mano de profesores","potentialAction":[{"@type":"SearchAction","target":{"@type":"EntryPoint","urlTemplate":"https:\/\/doncomos.com\/educar\/?s={search_term_string}"},"query-input":"required name=search_term_string"}],"inLanguage":"es"},{"@type":"Person","@id":"https:\/\/doncomos.com\/educar\/#\/schema\/person\/1aa604bc46e88be1b3d6c28a916f0447","name":"Graciela","image":{"@type":"ImageObject","inLanguage":"es","@id":"https:\/\/doncomos.com\/educar\/#\/schema\/person\/image\/","url":"https:\/\/secure.gravatar.com\/avatar\/7bfb6e5096980edb42bdaedc1afacc35180a09c7cabd9c879e3d1379a05ea34a?s=96&d=mm&r=g","contentUrl":"https:\/\/secure.gravatar.com\/avatar\/7bfb6e5096980edb42bdaedc1afacc35180a09c7cabd9c879e3d1379a05ea34a?s=96&d=mm&r=g","caption":"Graciela"},"description":"Mi nombre es Graciela Orofino, tengo 54 a\u00f1os. Mi familia (esposo, hijos y nieto) y mis amigos son mi fuente de vida e inspiraci\u00f3n. Soy docente pr\u00f3xima a retirarme, profesora de Matem\u00e1tica y F\u00edsica. He disfrutado mucho de mi profesi\u00f3n a la que le he agregado todas las cosas que me entretienen como leer, coser, cocinar, tejer, proyectar todo tipo de cosas, escuchar m\u00fasica, y hacer caminatas. En Doncomos.com he descubierto otra pasi\u00f3n. Me encanta escribir y transmitir todo lo que se, investigar, escribir, aprender de todo y compartir. Soy perfeccionista y trato de hacer cada cosa lo mejor posible, superarme d\u00eda a d\u00eda.","url":"https:\/\/doncomos.com\/educar\/autor\/graciela"}]}},"_links":{"self":[{"href":"https:\/\/doncomos.com\/educar\/wp-json\/wp\/v2\/posts\/5197","targetHints":{"allow":["GET"]}}],"collection":[{"href":"https:\/\/doncomos.com\/educar\/wp-json\/wp\/v2\/posts"}],"about":[{"href":"https:\/\/doncomos.com\/educar\/wp-json\/wp\/v2\/types\/post"}],"author":[{"embeddable":true,"href":"https:\/\/doncomos.com\/educar\/wp-json\/wp\/v2\/users\/7"}],"replies":[{"embeddable":true,"href":"https:\/\/doncomos.com\/educar\/wp-json\/wp\/v2\/comments?post=5197"}],"version-history":[{"count":0,"href":"https:\/\/doncomos.com\/educar\/wp-json\/wp\/v2\/posts\/5197\/revisions"}],"wp:featuredmedia":[{"embeddable":true,"href":"https:\/\/doncomos.com\/educar\/wp-json\/wp\/v2\/media\/5199"}],"wp:attachment":[{"href":"https:\/\/doncomos.com\/educar\/wp-json\/wp\/v2\/media?parent=5197"}],"wp:term":[{"taxonomy":"category","embeddable":true,"href":"https:\/\/doncomos.com\/educar\/wp-json\/wp\/v2\/categories?post=5197"},{"taxonomy":"post_tag","embeddable":true,"href":"https:\/\/doncomos.com\/educar\/wp-json\/wp\/v2\/tags?post=5197"}],"curies":[{"name":"wp","href":"https:\/\/api.w.org\/{rel}","templated":true}]}}