{"id":5534,"date":"2015-07-21T17:37:40","date_gmt":"2015-07-21T15:37:40","guid":{"rendered":"\/\/doncomos.com\/educar\/?p=5534"},"modified":"2015-07-15T17:47:17","modified_gmt":"2015-07-15T15:47:17","slug":"dice-mar-mar","status":"publish","type":"post","link":"https:\/\/doncomos.com\/educar\/dice-mar-mar","title":{"rendered":"C\u00f3mo se dice el mar o la mar"},"content":{"rendered":"<div id=\"toc_container\" class=\"no_bullets\"><p class=\"toc_title\">Contenido del Art&iacute;culo<\/p><ul class=\"toc_list\"><li><a href=\"#Que_necesitas_para_se_dice_el_mar_o_la_mar\">\u00bfQue necesitas para  se dice el mar o la mar?<\/a><\/li><li><a href=\"#Instrucciones_para_se_dice_el_mar_o_la_mar\">Instrucciones para  se dice el mar o la mar<\/a><\/li><li><a href=\"#Consejos_para_se_dice_el_mar_o_la_mar\">Consejos para  se dice el mar o la mar<\/a><\/li><\/ul><\/div>\n<p>Hay palabras que tienen g\u00e9nero ambiguo, esto es que puede considerarse <strong>masculino o femenino <\/strong>por lo tanto pueden llevar adelante el art\u00edculo \u201cel\u201d o \u201cla\u201d. Por este motivo te habr\u00e1s preguntado alguna vez: <strong>c\u00f3mo se dice el mar o la mar? <\/strong>Por suerte esta vez la respuesta es: las dos formas son correctas.<\/p>\n<p>Tal vez es m\u00e1s com\u00fan decir \u201cel mar\u201d cuando leemos en un libro de\u00a0 Geograf\u00eda y \u201cla mar\u201d cuando lo leemos en una poes\u00eda. Si bien las dos formas son correctas decimos: <strong><em>el Mar<\/em><\/strong><em> Mediterr\u00e1neo o <strong>el Mar<\/strong> Caspio<\/em>, nunca se nos ocurrir\u00eda decir: <strong><em>la Mar<\/em><\/strong><em> Mediterr\u00e1neo o <strong>la Mar<\/strong> Caspio. <\/em><\/p>\n<p>Sin embargo en un poema es muy com\u00fan leer: <em>Ella<\/em> <em>corri\u00f3 hacia <strong>la mar<\/strong><\/em> o <em>Sobre <strong>la mar<\/strong> brillaba el sol.<\/em><\/p>\n<p>La Real Academia Espa\u00f1ola acepta tanto el <strong>femenino<\/strong> como el masculino aunque por el uso se asigna el femenino a todas aquellas expresiones que se relacionen con <strong>personas ligadas al mar<\/strong>, como es el caso de los marineros, pescadores, nadadores, etc.<\/p>\n<p>Veremos varios ejemplos del uso del masculino y femenino para que no te queden dudas sobre <strong>c\u00f3mo se dice el mar o la mar<\/strong>.<\/p>\n<div align=\"center\"><!-- Doncomos Educar Enlaces Adaptable -->\n                                       <ins class=\"adsbygoogle\"\n                                            style=\"display:block; height:90px;\"\n                                            data-ad-client=\"ca-pub-7889333885495326\"\n                                            data-ad-slot=\"1590071393\"\n                                            data-ad-format=\"link\"><\/ins>\n                                       <script>\n                                       (adsbygoogle = window.adsbygoogle || []).push({});\n                                       <\/script><div id=\"div-video-intext\"><\/div><\/div><div class='single-functions-div-instrucciones2'><h2 class='h2-title-single'><span id=\"Que_necesitas_para_se_dice_el_mar_o_la_mar\">\u00bfQue necesitas para  se dice el mar o la mar?<\/span><\/h2><blockquote-content><ul>\n<li class='single-functions-li-instrucciones'><input class='single-functions-instrucciones' type='checkbox'> Mucha lectura de libros, revistas, peri\u00f3dicos<\/li>\n<li class='single-functions-li-instrucciones'><input class='single-functions-instrucciones' type='checkbox'> L\u00e1piz y papel<\/li>\n<\/ul>\n<\/blockquote-content><\/div>\n<div align=\"center\"><!-- Doncomos Educar 336 x 280 -->\n                                <ins class=\"adsbygoogle\"\n                                     style=\"display:inline-block;width:336px;height:280px\"\n                                     data-ad-client=\"ca-pub-7889333885495326\"\n                                     data-ad-slot=\"7649523894\"><\/ins>\n                                <script>\n                                (adsbygoogle = window.adsbygoogle || []).push({});\n                                <\/script><\/div><div class='single-functions-top-instrucciones'><h2 class='h2-title-single'><span id=\"Instrucciones_para_se_dice_el_mar_o_la_mar\">Instrucciones para  se dice el mar o la mar<\/span><\/h2><blockquote-content><ol>\n<li><strong>El mar y la mar<\/strong>, ambas expresiones son correctas y aceptadas por la Real Academia Espa\u00f1ola. Pero no se usan indistintamente sino que en algunos casos se usa el masculino y en otros el femenino.<img loading=\"lazy\" decoding=\"async\" class=\"alignnone size-medium wp-image-5537\" src=\"\/\/doncomos.com\/educar\/wp-content\/uploads\/sites\/7\/2015\/06\/C\u00f3mo-se-dice-el-mar-o-la-mar-827-300x225.jpg\" alt=\"C\u00f3mo se dice el mar o la mara\" width=\"300\" height=\"225\" srcset=\"https:\/\/doncomos.com\/educar\/wp-content\/uploads\/sites\/7\/2015\/06\/C\u00f3mo-se-dice-el-mar-o-la-mar-827-300x225.jpg 300w, https:\/\/doncomos.com\/educar\/wp-content\/uploads\/sites\/7\/2015\/06\/C\u00f3mo-se-dice-el-mar-o-la-mar-827-267x200.jpg 267w, https:\/\/doncomos.com\/educar\/wp-content\/uploads\/sites\/7\/2015\/06\/C\u00f3mo-se-dice-el-mar-o-la-mar-827.jpg 800w\" sizes=\"auto, (max-width: 300px) 100vw, 300px\" \/><\/li>\n<li>Si solamente nos referimos al <strong>sustantivo com\u00fan \u201cmar\u201d <\/strong>podemos decir \u201cel mar\u201c o \u201cla mar\u201d pero si le agregamos un adjetivo, o la palabra est\u00e1 <strong>dentro de un contexto<\/strong> determinado debemos optar por el masculino o femenino.<\/li>\n<li>Cuando agregamos un <strong>adjetivo calificativo<\/strong> ya le estamos asignando un g\u00e9nero, por ejemplo:<\/li>\n<li>Ese d\u00eda el barco se hallaba en <strong>alta mar<\/strong>.<img loading=\"lazy\" decoding=\"async\" class=\"alignnone size-medium wp-image-5538\" src=\"\/\/doncomos.com\/educar\/wp-content\/uploads\/sites\/7\/2015\/06\/C\u00f3mo-se-dice-el-mar-o-la-mar-232-300x151.jpg\" alt=\"C\u00f3mo se dice el mar o la mara\" width=\"300\" height=\"151\" srcset=\"https:\/\/doncomos.com\/educar\/wp-content\/uploads\/sites\/7\/2015\/06\/C\u00f3mo-se-dice-el-mar-o-la-mar-232-300x151.jpg 300w, https:\/\/doncomos.com\/educar\/wp-content\/uploads\/sites\/7\/2015\/06\/C\u00f3mo-se-dice-el-mar-o-la-mar-232-270x135.jpg 270w, https:\/\/doncomos.com\/educar\/wp-content\/uploads\/sites\/7\/2015\/06\/C\u00f3mo-se-dice-el-mar-o-la-mar-232.jpg 600w\" sizes=\"auto, (max-width: 300px) 100vw, 300px\" \/>\u00a0En este caso es femenino, el adjetivo \u201c<strong>alta\u201d<\/strong> lo denota claramente.<\/li>\n<li>Los marineros se hicieron a <strong>la mar<\/strong> en la madrugada.<\/li>\n<div align=\"center\"><!-- Doncomos Educar 336 x 280 -->\n                                <ins class=\"adsbygoogle\"\n                                     style=\"display:inline-block;width:336px;height:280px\"\n                                     data-ad-client=\"ca-pub-7889333885495326\"\n                                     data-ad-slot=\"7649523894\"><\/ins>\n                                <script>\n                                (adsbygoogle = window.adsbygoogle || []).push({});\n                                <\/script><\/div><li>Los nadadores nunca tuvieron miedo por eso se internaron en <strong>la mar<\/strong> a pesar de estar tendida.<\/li>\n<li>Mar inquieta, mar calma\u2026.la belleza de <strong>la mar <\/strong>no tiene l\u00edmites.<img loading=\"lazy\" decoding=\"async\" class=\"alignnone size-medium wp-image-5536\" src=\"\/\/doncomos.com\/educar\/wp-content\/uploads\/sites\/7\/2015\/06\/C\u00f3mo-se-dice-el-mar-o-la-mar-100-300x225.jpg\" alt=\"C\u00f3mo se dice el mar o la mara\" width=\"300\" height=\"225\" srcset=\"https:\/\/doncomos.com\/educar\/wp-content\/uploads\/sites\/7\/2015\/06\/C\u00f3mo-se-dice-el-mar-o-la-mar-100-300x225.jpg 300w, https:\/\/doncomos.com\/educar\/wp-content\/uploads\/sites\/7\/2015\/06\/C\u00f3mo-se-dice-el-mar-o-la-mar-100-267x200.jpg 267w, https:\/\/doncomos.com\/educar\/wp-content\/uploads\/sites\/7\/2015\/06\/C\u00f3mo-se-dice-el-mar-o-la-mar-100.jpg 800w\" sizes=\"auto, (max-width: 300px) 100vw, 300px\" \/><\/li>\n<li>El sol inunda de luz el espejo de <strong>la mar<\/strong> mientras las aves rompen la quietud del cielo al amanecer.<\/li>\n<li>El hombre buscaba en la inmensidad de <strong>la mar<\/strong> las respuestas que no encontraba en la tierra.<\/li>\n<li>Podemos considerar <strong>masculino<\/strong> al mar cuando decimos:<\/li>\n<li>Busqu\u00e9 en el libro de geograf\u00eda y no pude hallar <strong>ese mar<\/strong> de nombre extra\u00f1o.<\/li>\n<li><strong>El Mar<\/strong> Mediterr\u00e1neo es uno de los mares ubicados en el Oc\u00e9ano Atl\u00e1ntico.<img loading=\"lazy\" decoding=\"async\" class=\"alignnone size-medium wp-image-5539\" src=\"\/\/doncomos.com\/educar\/wp-content\/uploads\/sites\/7\/2015\/06\/C\u00f3mo-se-dice-el-mar-o-la-mar-777-300x137.jpg\" alt=\"C\u00f3mo se dice el mar o la mara\" width=\"300\" height=\"137\" srcset=\"https:\/\/doncomos.com\/educar\/wp-content\/uploads\/sites\/7\/2015\/06\/C\u00f3mo-se-dice-el-mar-o-la-mar-777-300x137.jpg 300w, https:\/\/doncomos.com\/educar\/wp-content\/uploads\/sites\/7\/2015\/06\/C\u00f3mo-se-dice-el-mar-o-la-mar-777-270x123.jpg 270w, https:\/\/doncomos.com\/educar\/wp-content\/uploads\/sites\/7\/2015\/06\/C\u00f3mo-se-dice-el-mar-o-la-mar-777.jpg 720w\" sizes=\"auto, (max-width: 300px) 100vw, 300px\" \/><\/li>\n<li>Cada vez que voy <strong>al mar<\/strong> me deleito con los mejores platos de mi restor\u00e1n favorito.<\/li>\n<li>El viento azotaba las velas de mi bote mientras las olas <strong>del mar<\/strong> nos atacaban fuertemente.<\/li>\n<li><strong>El mar<\/strong> est\u00e1 bravo, no es el mejor momento para salir a navegar.<\/li>\n<\/ol>\n<\/blockquote-content><\/div>\n<div class='single-functions-consejos'><h2 class='h2-title-single'><span id=\"Consejos_para_se_dice_el_mar_o_la_mar\">Consejos para  se dice el mar o la mar<\/span><\/h2><blockquote-content><ul>\n<li><strong>Lee mucho<\/strong> para ver las diferencias en la utilizaci\u00f3n de la palabra mar con art\u00edculos y adjetivos femeninos o masculinos.<\/li>\n<li>Impulsa la lectura en los ni\u00f1os y adolescentes para que las dudas sobre ortograf\u00eda se reduzcan al m\u00ednimo.<\/li>\n<\/ul>\n<\/blockquote-content><\/div>\n","protected":false},"excerpt":{"rendered":"<p>Hay palabras que tienen g\u00e9nero ambiguo, esto es que puede considerarse masculino o femenino por lo tanto pueden llevar adelante el art\u00edculo \u201cel\u201d o \u201cla\u201d. Por este motivo te habr\u00e1s preguntado alguna vez: c\u00f3mo se dice el mar o la [&hellip;]<\/p>\n","protected":false},"author":7,"featured_media":5513,"comment_status":"open","ping_status":"open","sticky":false,"template":"","format":"standard","meta":{"footnotes":""},"categories":[1093],"tags":[],"class_list":["post-5534","post","type-post","status-publish","format-standard","has-post-thumbnail","hentry","category-ensenar-a-escribir"],"acf":[],"yoast_head":"<!-- This site is optimized with the Yoast SEO plugin v19.6 - https:\/\/yoast.com\/wordpress\/plugins\/seo\/ -->\n<title>C\u00f3mo se dice el mar o la mar - Educaci\u00f3n Don C\u00f3mos<\/title>\n<meta name=\"description\" content=\"Veremos varios ejemplos del uso del masculino y femenino para que no te queden dudas sobre c\u00f3mo se dice el mar o la mar,duda tan com\u00fan del idioma castellano\" \/>\n<meta name=\"robots\" content=\"index, follow, max-snippet:-1, max-image-preview:large, max-video-preview:-1\" \/>\n<meta property=\"og:locale\" content=\"es_ES\" \/>\n<meta property=\"og:type\" content=\"article\" \/>\n<meta property=\"og:title\" content=\"C\u00f3mo se dice el mar o la mar - Educaci\u00f3n Don C\u00f3mos\" \/>\n<meta property=\"og:description\" content=\"Veremos varios ejemplos del uso del masculino y femenino para que no te queden dudas sobre c\u00f3mo se dice el mar o la mar,duda tan com\u00fan del idioma castellano\" \/>\n<meta property=\"og:url\" content=\"https:\/\/doncomos.com\/educar\/dice-mar-mar\" \/>\n<meta property=\"og:site_name\" content=\"Educar Doncomos.com: Aprende de forma F\u00e1cil y Amena\" \/>\n<meta property=\"article:publisher\" content=\"https:\/\/www.facebook.com\/doncomos\" \/>\n<meta property=\"article:published_time\" content=\"2015-07-21T15:37:40+00:00\" \/>\n<meta property=\"article:modified_time\" content=\"2015-07-15T15:47:17+00:00\" \/>\n<meta property=\"og:image\" content=\"https:\/\/doncomos.com\/educar\/wp-content\/uploads\/sites\/7\/2015\/06\/C\u00f3mo-se-escribe-tal-vez-o-talvez-376.png\" \/>\n\t<meta property=\"og:image:width\" content=\"802\" \/>\n\t<meta property=\"og:image:height\" content=\"414\" \/>\n\t<meta property=\"og:image:type\" content=\"image\/png\" \/>\n<meta name=\"author\" content=\"Graciela\" \/>\n<meta name=\"twitter:card\" content=\"summary\" \/>\n<meta name=\"twitter:creator\" content=\"@doncomos\" \/>\n<meta name=\"twitter:site\" content=\"@doncomos\" \/>\n<meta name=\"twitter:label1\" content=\"Escrito por\" \/>\n\t<meta name=\"twitter:data1\" content=\"Graciela\" \/>\n\t<meta name=\"twitter:label2\" content=\"Tiempo de lectura\" \/>\n\t<meta name=\"twitter:data2\" content=\"1 minuto\" \/>\n<script type=\"application\/ld+json\" class=\"yoast-schema-graph\">{\"@context\":\"https:\/\/schema.org\",\"@graph\":[{\"@type\":\"WebPage\",\"@id\":\"https:\/\/doncomos.com\/educar\/dice-mar-mar\",\"url\":\"https:\/\/doncomos.com\/educar\/dice-mar-mar\",\"name\":\"C\u00f3mo se dice el mar o la mar - Educaci\u00f3n Don C\u00f3mos\",\"isPartOf\":{\"@id\":\"https:\/\/doncomos.com\/educar\/#website\"},\"datePublished\":\"2015-07-21T15:37:40+00:00\",\"dateModified\":\"2015-07-15T15:47:17+00:00\",\"author\":{\"@id\":\"https:\/\/doncomos.com\/educar\/#\/schema\/person\/1aa604bc46e88be1b3d6c28a916f0447\"},\"description\":\"Veremos varios ejemplos del uso del masculino y femenino para que no te queden dudas sobre c\u00f3mo se dice el mar o la mar,duda tan com\u00fan del idioma castellano\",\"breadcrumb\":{\"@id\":\"https:\/\/doncomos.com\/educar\/dice-mar-mar#breadcrumb\"},\"inLanguage\":\"es\",\"potentialAction\":[{\"@type\":\"ReadAction\",\"target\":[\"https:\/\/doncomos.com\/educar\/dice-mar-mar\"]}]},{\"@type\":\"BreadcrumbList\",\"@id\":\"https:\/\/doncomos.com\/educar\/dice-mar-mar#breadcrumb\",\"itemListElement\":[{\"@type\":\"ListItem\",\"position\":1,\"name\":\"Home\",\"item\":\"https:\/\/doncomos.com\/educar\"},{\"@type\":\"ListItem\",\"position\":2,\"name\":\"C\u00f3mo se dice el mar o la mar\"}]},{\"@type\":\"WebSite\",\"@id\":\"https:\/\/doncomos.com\/educar\/#website\",\"url\":\"https:\/\/doncomos.com\/educar\/\",\"name\":\"Educar Doncomos.com: Aprende de forma F\u00e1cil y Amena\",\"description\":\"Educar - Ense\u00f1amos todos los c\u00f3mos sobre educaci\u00f3n de la mano de profesores\",\"potentialAction\":[{\"@type\":\"SearchAction\",\"target\":{\"@type\":\"EntryPoint\",\"urlTemplate\":\"https:\/\/doncomos.com\/educar\/?s={search_term_string}\"},\"query-input\":\"required name=search_term_string\"}],\"inLanguage\":\"es\"},{\"@type\":\"Person\",\"@id\":\"https:\/\/doncomos.com\/educar\/#\/schema\/person\/1aa604bc46e88be1b3d6c28a916f0447\",\"name\":\"Graciela\",\"image\":{\"@type\":\"ImageObject\",\"inLanguage\":\"es\",\"@id\":\"https:\/\/doncomos.com\/educar\/#\/schema\/person\/image\/\",\"url\":\"https:\/\/secure.gravatar.com\/avatar\/7bfb6e5096980edb42bdaedc1afacc35180a09c7cabd9c879e3d1379a05ea34a?s=96&d=mm&r=g\",\"contentUrl\":\"https:\/\/secure.gravatar.com\/avatar\/7bfb6e5096980edb42bdaedc1afacc35180a09c7cabd9c879e3d1379a05ea34a?s=96&d=mm&r=g\",\"caption\":\"Graciela\"},\"description\":\"Mi nombre es Graciela Orofino, tengo 54 a\u00f1os. Mi familia (esposo, hijos y nieto) y mis amigos son mi fuente de vida e inspiraci\u00f3n. Soy docente pr\u00f3xima a retirarme, profesora de Matem\u00e1tica y F\u00edsica. He disfrutado mucho de mi profesi\u00f3n a la que le he agregado todas las cosas que me entretienen como leer, coser, cocinar, tejer, proyectar todo tipo de cosas, escuchar m\u00fasica, y hacer caminatas. En Doncomos.com he descubierto otra pasi\u00f3n. Me encanta escribir y transmitir todo lo que se, investigar, escribir, aprender de todo y compartir. Soy perfeccionista y trato de hacer cada cosa lo mejor posible, superarme d\u00eda a d\u00eda.\",\"url\":\"https:\/\/doncomos.com\/educar\/autor\/graciela\"}]}<\/script>\n<!-- \/ Yoast SEO plugin. -->","yoast_head_json":{"title":"C\u00f3mo se dice el mar o la mar - Educaci\u00f3n Don C\u00f3mos","description":"Veremos varios ejemplos del uso del masculino y femenino para que no te queden dudas sobre c\u00f3mo se dice el mar o la mar,duda tan com\u00fan del idioma castellano","robots":{"index":"index","follow":"follow","max-snippet":"max-snippet:-1","max-image-preview":"max-image-preview:large","max-video-preview":"max-video-preview:-1"},"og_locale":"es_ES","og_type":"article","og_title":"C\u00f3mo se dice el mar o la mar - Educaci\u00f3n Don C\u00f3mos","og_description":"Veremos varios ejemplos del uso del masculino y femenino para que no te queden dudas sobre c\u00f3mo se dice el mar o la mar,duda tan com\u00fan del idioma castellano","og_url":"https:\/\/doncomos.com\/educar\/dice-mar-mar","og_site_name":"Educar Doncomos.com: Aprende de forma F\u00e1cil y Amena","article_publisher":"https:\/\/www.facebook.com\/doncomos","article_published_time":"2015-07-21T15:37:40+00:00","article_modified_time":"2015-07-15T15:47:17+00:00","og_image":[{"width":802,"height":414,"url":"https:\/\/doncomos.com\/educar\/wp-content\/uploads\/sites\/7\/2015\/06\/C\u00f3mo-se-escribe-tal-vez-o-talvez-376.png","type":"image\/png"}],"author":"Graciela","twitter_card":"summary","twitter_creator":"@doncomos","twitter_site":"@doncomos","twitter_misc":{"Escrito por":"Graciela","Tiempo de lectura":"1 minuto"},"schema":{"@context":"https:\/\/schema.org","@graph":[{"@type":"WebPage","@id":"https:\/\/doncomos.com\/educar\/dice-mar-mar","url":"https:\/\/doncomos.com\/educar\/dice-mar-mar","name":"C\u00f3mo se dice el mar o la mar - Educaci\u00f3n Don C\u00f3mos","isPartOf":{"@id":"https:\/\/doncomos.com\/educar\/#website"},"datePublished":"2015-07-21T15:37:40+00:00","dateModified":"2015-07-15T15:47:17+00:00","author":{"@id":"https:\/\/doncomos.com\/educar\/#\/schema\/person\/1aa604bc46e88be1b3d6c28a916f0447"},"description":"Veremos varios ejemplos del uso del masculino y femenino para que no te queden dudas sobre c\u00f3mo se dice el mar o la mar,duda tan com\u00fan del idioma castellano","breadcrumb":{"@id":"https:\/\/doncomos.com\/educar\/dice-mar-mar#breadcrumb"},"inLanguage":"es","potentialAction":[{"@type":"ReadAction","target":["https:\/\/doncomos.com\/educar\/dice-mar-mar"]}]},{"@type":"BreadcrumbList","@id":"https:\/\/doncomos.com\/educar\/dice-mar-mar#breadcrumb","itemListElement":[{"@type":"ListItem","position":1,"name":"Home","item":"https:\/\/doncomos.com\/educar"},{"@type":"ListItem","position":2,"name":"C\u00f3mo se dice el mar o la mar"}]},{"@type":"WebSite","@id":"https:\/\/doncomos.com\/educar\/#website","url":"https:\/\/doncomos.com\/educar\/","name":"Educar Doncomos.com: Aprende de forma F\u00e1cil y Amena","description":"Educar - Ense\u00f1amos todos los c\u00f3mos sobre educaci\u00f3n de la mano de profesores","potentialAction":[{"@type":"SearchAction","target":{"@type":"EntryPoint","urlTemplate":"https:\/\/doncomos.com\/educar\/?s={search_term_string}"},"query-input":"required name=search_term_string"}],"inLanguage":"es"},{"@type":"Person","@id":"https:\/\/doncomos.com\/educar\/#\/schema\/person\/1aa604bc46e88be1b3d6c28a916f0447","name":"Graciela","image":{"@type":"ImageObject","inLanguage":"es","@id":"https:\/\/doncomos.com\/educar\/#\/schema\/person\/image\/","url":"https:\/\/secure.gravatar.com\/avatar\/7bfb6e5096980edb42bdaedc1afacc35180a09c7cabd9c879e3d1379a05ea34a?s=96&d=mm&r=g","contentUrl":"https:\/\/secure.gravatar.com\/avatar\/7bfb6e5096980edb42bdaedc1afacc35180a09c7cabd9c879e3d1379a05ea34a?s=96&d=mm&r=g","caption":"Graciela"},"description":"Mi nombre es Graciela Orofino, tengo 54 a\u00f1os. Mi familia (esposo, hijos y nieto) y mis amigos son mi fuente de vida e inspiraci\u00f3n. Soy docente pr\u00f3xima a retirarme, profesora de Matem\u00e1tica y F\u00edsica. He disfrutado mucho de mi profesi\u00f3n a la que le he agregado todas las cosas que me entretienen como leer, coser, cocinar, tejer, proyectar todo tipo de cosas, escuchar m\u00fasica, y hacer caminatas. En Doncomos.com he descubierto otra pasi\u00f3n. Me encanta escribir y transmitir todo lo que se, investigar, escribir, aprender de todo y compartir. Soy perfeccionista y trato de hacer cada cosa lo mejor posible, superarme d\u00eda a d\u00eda.","url":"https:\/\/doncomos.com\/educar\/autor\/graciela"}]}},"_links":{"self":[{"href":"https:\/\/doncomos.com\/educar\/wp-json\/wp\/v2\/posts\/5534","targetHints":{"allow":["GET"]}}],"collection":[{"href":"https:\/\/doncomos.com\/educar\/wp-json\/wp\/v2\/posts"}],"about":[{"href":"https:\/\/doncomos.com\/educar\/wp-json\/wp\/v2\/types\/post"}],"author":[{"embeddable":true,"href":"https:\/\/doncomos.com\/educar\/wp-json\/wp\/v2\/users\/7"}],"replies":[{"embeddable":true,"href":"https:\/\/doncomos.com\/educar\/wp-json\/wp\/v2\/comments?post=5534"}],"version-history":[{"count":0,"href":"https:\/\/doncomos.com\/educar\/wp-json\/wp\/v2\/posts\/5534\/revisions"}],"wp:featuredmedia":[{"embeddable":true,"href":"https:\/\/doncomos.com\/educar\/wp-json\/wp\/v2\/media\/5513"}],"wp:attachment":[{"href":"https:\/\/doncomos.com\/educar\/wp-json\/wp\/v2\/media?parent=5534"}],"wp:term":[{"taxonomy":"category","embeddable":true,"href":"https:\/\/doncomos.com\/educar\/wp-json\/wp\/v2\/categories?post=5534"},{"taxonomy":"post_tag","embeddable":true,"href":"https:\/\/doncomos.com\/educar\/wp-json\/wp\/v2\/tags?post=5534"}],"curies":[{"name":"wp","href":"https:\/\/api.w.org\/{rel}","templated":true}]}}