{"id":6163,"date":"2015-12-01T15:20:06","date_gmt":"2015-12-01T14:20:06","guid":{"rendered":"\/\/doncomos.com\/educar\/?p=6163"},"modified":"2015-11-27T15:21:57","modified_gmt":"2015-11-27T14:21:57","slug":"cuales-las-oraciones-impersonales","status":"publish","type":"post","link":"https:\/\/doncomos.com\/educar\/cuales-las-oraciones-impersonales","title":{"rendered":"Cu\u00e1les son las oraciones impersonales"},"content":{"rendered":"<div id=\"toc_container\" class=\"no_bullets\"><p class=\"toc_title\">Contenido del Art&iacute;culo<\/p><ul class=\"toc_list\"><li><a href=\"#Que_Necesitas\">Que Necesitas<\/a><\/li><li><a href=\"#Instrucciones\">Instrucciones<\/a><\/li><li><a href=\"#Consejos\">Consejos<\/a><\/li><\/ul><\/div>\n<p>Una oraci\u00f3n o frase se entiende como un conjunto de palabras que tienden a expresar una idea; para tener una l\u00f3gica, tienen una <strong>construcci\u00f3n gramatical<\/strong> y seg\u00fan el tipo de oraci\u00f3n recibir\u00e1 un nombre.<\/p>\n<p>Las oraciones impersonales o tambi\u00e9n llamadas <strong>unimembres<\/strong> son aquellas donde no encontramos el sujeto expl\u00edcito, y tampoco puede ser sobreentendido; es decir, que \u00a0no contienen un sujeto omitido, ya sea de car\u00e1cter elidido, impl\u00edcito o el\u00edptico.\u00a0 En otras palabras m\u00e1s sencillas, las oraciones impersonales son aquellas que no tienen sujeto.<\/p>\n<p>Son llamadas unimembres porque no corresponden a la estructura cl\u00e1sica del sujeto que tiene un n\u00facleo nominal; en estas oraciones solo hay un verbo que describe una circunstancia.<\/p>\n<p>Existen varios tipos o categor\u00edas de las <strong>frases impersonales<\/strong>, las m\u00e1s comunes son: <strong>fen\u00f3menos meteorol\u00f3gicos<\/strong>, las cuales se pueden construir en pasado, futuro, o presente, no se le puede atribuir a un sujeto estos hechos. Ejemplo: llover\u00e1 ma\u00f1ana. Otra estructura es la que constituye una obligaci\u00f3n que generalmente se expresa con el verbo haber. Ejemplo: hay que llamar los bomberos. Otra clase de oraci\u00f3n impersonal es la sem\u00e1ntica, que es la que nos indica que efectivamente alguien est\u00e1 realizando una\u00a0 acci\u00f3n, pero no podemos saber qui\u00e9n es. La cuarta categor\u00eda, bastante utilizada, es la que se expresa mediante \u201cse\u201d. Ejemplo: <strong>\u201cse vive mejor ac\u00e1<\/strong>\u201d. Las oraciones impersonales con la forma \u201cse\u201d no deben confundirse con oraciones pasivas que se construyen con el verbo ser.<\/p>\n<p>&nbsp;<\/p>\n<p>Las oraciones impersonales pueden ser construidas de la siguiente manera<\/p>\n<p>Ser- adjetivo<\/p>\n<p>Ser-nombre<\/p>\n<p>Estar-adverbio- infinitivo<\/p>\n<div align=\"center\"><!-- Doncomos Educar Enlaces Adaptable -->\n                                       <ins class=\"adsbygoogle\"\n                                            style=\"display:block; height:90px;\"\n                                            data-ad-client=\"ca-pub-7889333885495326\"\n                                            data-ad-slot=\"1590071393\"\n                                            data-ad-format=\"link\"><\/ins>\n                                       <script>\n                                       (adsbygoogle = window.adsbygoogle || []).push({});\n                                       <\/script><div id=\"div-video-intext\"><\/div><\/div><div class='single-functions-div-instrucciones2'><h2 class='h2-title-single'><span id=\"Que_Necesitas\">Que Necesitas<\/span><\/h2><blockquote-content><ul>\n<li class='single-functions-li-instrucciones'><input class='single-functions-instrucciones' type='checkbox'> Ganas de aprender la gram\u00e1tica del idioma espa\u00f1ol.<\/li>\n<\/ul>\n<p><img loading=\"lazy\" decoding=\"async\" class=\"alignnone size-medium wp-image-6169\" src=\"\/\/doncomos.com\/educar\/wp-content\/uploads\/sites\/7\/2015\/10\/Cu--les-son-las-oraciones-impersonales-548-300x100.jpg\" alt=\"Cu\u00e1les son las oraciones impersonales\" width=\"300\" height=\"100\" srcset=\"https:\/\/doncomos.com\/educar\/wp-content\/uploads\/sites\/7\/2015\/10\/Cu--les-son-las-oraciones-impersonales-548-300x100.jpg 300w, https:\/\/doncomos.com\/educar\/wp-content\/uploads\/sites\/7\/2015\/10\/Cu--les-son-las-oraciones-impersonales-548-270x90.jpg 270w, https:\/\/doncomos.com\/educar\/wp-content\/uploads\/sites\/7\/2015\/10\/Cu--les-son-las-oraciones-impersonales-548.jpg 389w\" sizes=\"auto, (max-width: 300px) 100vw, 300px\" \/><\/p>\n<\/blockquote-content><\/div>\n<div align=\"center\"><!-- Doncomos Educar 336 x 280 -->\n                                <ins class=\"adsbygoogle\"\n                                     style=\"display:inline-block;width:336px;height:280px\"\n                                     data-ad-client=\"ca-pub-7889333885495326\"\n                                     data-ad-slot=\"7649523894\"><\/ins>\n                                <script>\n                                (adsbygoogle = window.adsbygoogle || []).push({});\n                                <\/script><\/div><div class='single-functions-top-instrucciones'><h2 class='h2-title-single'><span id=\"Instrucciones\">Instrucciones<\/span><\/h2><blockquote-content><p>Tipo de oraciones impersonales<\/p>\n<p>&nbsp;<\/p>\n<ol>\n<li>Impersonales meteorol\u00f3gicos- unipersonales: est\u00e1n conformadas por verbos seg\u00fan las condiciones del clima y fen\u00f3meno de la naturaleza.<br \/>\nLa famosa frase \u201cllovi\u00f3 a c\u00e1ntaros\u201d es un buen ejemplo para este tipo de frases.<strong>EJEMPLOS:<\/strong><br \/>\nGraniz\u00f3 mucho el d\u00eda de ayer<br \/>\nAyer hizo mucho sol<br \/>\nNev\u00f3 todo el d\u00eda<br \/>\nAmanece a las 6 am<\/li>\n<li><strong>Impersonales gramaticales o gramaticalizadas:<\/strong> son las oraciones que est\u00e1n conformadas por un verbo inmovilizado en tercera persona del singular y no dan cabida a cualquier sujeto. (verbos hacer, haber, estar, ser, bastar).<strong>EJEMPLOS:<\/strong><br \/>\nHoy est\u00e1 nublado- viene del verbo estar<br \/>\nPor eso hace mucho fr\u00edo- hacer.<br \/>\nHay mucho humo por ac\u00e1- verbo haber.<br \/>\nEs muy temprano- verbo ser.<br \/>\nHab\u00eda mucha gente mirando- verbo haber.<br \/>\nHace mucho fr\u00edo- hacer.<br \/>\nMe basta con esto- bastar.<\/li>\n<li><strong>Impersonales de se-<\/strong> son las que nos dan a entender que existe un agente encubierto.<br \/>\nEn Espa\u00f1a se vive bien.<strong>EJEMPLOS:<\/strong><br \/>\nEn este restaurante se come muy rico y econ\u00f3mico.<br \/>\nSe espera que venga ma\u00f1ana.<\/li>\n<li><strong>Impersonales ocasionales<\/strong>: son verbos que est\u00e1n en la tercera persona del plural, pero que no tiene ning\u00fan tipo de sujeto, ya sea omitido o real. Son utilizadas para expresar generalidades.<strong>EJEMPLOS:<\/strong><br \/>\nDicen que no dejar\u00e1 de llover ( no se sabe qui\u00e9n lo dice)<br \/>\nMencionaron que no era cierto (no se dice qui\u00e9nes mencionaron)<\/li>\n<li><strong>Impersonales reflejas<\/strong>: pueden confundirse con facilidad con las pasivas reflejas; las impersonales reflejas siempre llevar\u00e1n el verbo en 3\u00aa persona del singular. Estas pueden construirse con cualquier verbo que puede ser transitivo o intransitivo. La impersonalidad en esta clase de oraciones se marca con el pronombre se.<br \/>\n<strong>EJEMPLO<\/strong>:<br \/>\nSe habla de religi\u00f3n en este restaurante.<\/li>\n<div align=\"center\"><!-- Doncomos Educar 336 x 280 -->\n                                <ins class=\"adsbygoogle\"\n                                     style=\"display:inline-block;width:336px;height:280px\"\n                                     data-ad-client=\"ca-pub-7889333885495326\"\n                                     data-ad-slot=\"7649523894\"><\/ins>\n                                <script>\n                                (adsbygoogle = window.adsbygoogle || []).push({});\n                                <\/script><\/div><li><strong>Impersonal sem\u00e1ntica<\/strong>: en este caso podemos saber que hay alguien que describe la acci\u00f3n, pero no se puede determinar qui\u00e9n. Y puede deberse a diferentes causas.<br \/>\n<strong>Desconocimiento<\/strong>: forzaron la puerta.<br \/>\n<strong>Omisi\u00f3n voluntaria por quien dice la frase<\/strong>: me han invitado a salir.<br \/>\n<strong>Indeterminaci\u00f3n: es<\/strong> la que presenta un agente de naturaleza imprecisa o gen\u00e9rica. Se madruga mucho en Medell\u00edn.<\/li>\n<li><strong><strong>Impersonales en la segunda persona del singular y en la primera del plural: estas frases no contienen un sujeto expl\u00edcito.<\/strong><\/strong>EJEMPLO<br \/>\nCreemos que est\u00e1s preparado para actuar.<\/li>\n<\/ol>\n<p><strong>Ejemplos de oraciones impersonales:<br \/>\n<\/strong>Nev\u00f3 todo el tiempo.<br \/>\nMe han atracado.<br \/>\nBasta con lo que tengo.<br \/>\nEl lunes llover\u00e1 mucho.<br \/>\nTe han enviado chocolates a la casa.<br \/>\nMa\u00f1ana dejar\u00e1 de llover.<br \/>\nSe asomaron a la ventana.<br \/>\nHace fr\u00edo.<br \/>\nHace calor.<br \/>\nCay\u00f3 una granizada.<br \/>\nNo se puede hacer eso.<br \/>\nEst\u00e1 nevando mucho.<br \/>\nMe han invitado a cine.<\/p>\n<p><img loading=\"lazy\" decoding=\"async\" class=\"alignnone size-medium wp-image-6171\" src=\"\/\/doncomos.com\/educar\/wp-content\/uploads\/sites\/7\/2015\/10\/Cu--les-son-las-oraciones-impersonales-231-300x169.png\" alt=\"Cu\u00e1les son las oraciones impersonales\" width=\"300\" height=\"169\" srcset=\"https:\/\/doncomos.com\/educar\/wp-content\/uploads\/sites\/7\/2015\/10\/Cu--les-son-las-oraciones-impersonales-231-300x169.png 300w, https:\/\/doncomos.com\/educar\/wp-content\/uploads\/sites\/7\/2015\/10\/Cu--les-son-las-oraciones-impersonales-231-1024x576.png 1024w, https:\/\/doncomos.com\/educar\/wp-content\/uploads\/sites\/7\/2015\/10\/Cu--les-son-las-oraciones-impersonales-231-270x152.png 270w, https:\/\/doncomos.com\/educar\/wp-content\/uploads\/sites\/7\/2015\/10\/Cu--les-son-las-oraciones-impersonales-231.png 1280w\" sizes=\"auto, (max-width: 300px) 100vw, 300px\" \/><\/p>\n<\/blockquote-content><\/div>\n<div class='single-functions-consejos'><h2 class='h2-title-single'><span id=\"Consejos\">Consejos<\/span><\/h2><blockquote-content><ul>\n<li>No confundas las oraciones impersonales reflejas con las pasivas reflejas. Suelen confundirse porque son muy similares. \u00a0Para distinguir estas dos oraciones recuerda estas reglas<\/li>\n<li>Pasivas reflejas: siempre tendr\u00e1 un sujeto que concuerde con el verbo, as\u00ed est\u00e9 omitido. Esta oraci\u00f3n debe tener un verbo en tercera persona singular o plural y tiene un sintagma nominal en el sujeto que nunca puede ir precedido por una preposici\u00f3n.<\/li>\n<li>Oraciones impersonales: no tiene ning\u00fan tipo de sujeto y se construyen s\u00f3lo con la tercera persona del verbo en singular.<\/li>\n<li>Trata de hacer ejercicios e ir identificando las oraciones, la pr\u00e1ctica te ayudar\u00e1.<br \/>\n<img loading=\"lazy\" decoding=\"async\" class=\"alignnone size-medium wp-image-6170\" src=\"\/\/doncomos.com\/educar\/wp-content\/uploads\/sites\/7\/2015\/10\/Cu--les-son-las-oraciones-impersonales-538-300x159.jpg\" alt=\"Cu\u00e1les son las oraciones impersonales\" width=\"300\" height=\"159\" srcset=\"https:\/\/doncomos.com\/educar\/wp-content\/uploads\/sites\/7\/2015\/10\/Cu--les-son-las-oraciones-impersonales-538-300x159.jpg 300w, https:\/\/doncomos.com\/educar\/wp-content\/uploads\/sites\/7\/2015\/10\/Cu--les-son-las-oraciones-impersonales-538-270x143.jpg 270w, https:\/\/doncomos.com\/educar\/wp-content\/uploads\/sites\/7\/2015\/10\/Cu--les-son-las-oraciones-impersonales-538.jpg 308w\" sizes=\"auto, (max-width: 300px) 100vw, 300px\" \/><\/li>\n<\/ul>\n<\/blockquote-content><\/div>\n","protected":false},"excerpt":{"rendered":"<p>Una oraci\u00f3n o frase se entiende como un conjunto de palabras que tienden a expresar una idea; para tener una l\u00f3gica, tienen una construcci\u00f3n gramatical y seg\u00fan el tipo de oraci\u00f3n recibir\u00e1 un nombre. Las oraciones impersonales o tambi\u00e9n llamadas [&hellip;]<\/p>\n","protected":false},"author":19,"featured_media":6168,"comment_status":"open","ping_status":"closed","sticky":false,"template":"","format":"standard","meta":{"footnotes":""},"categories":[1093],"tags":[],"class_list":["post-6163","post","type-post","status-publish","format-standard","has-post-thumbnail","hentry","category-ensenar-a-escribir"],"acf":[],"yoast_head":"<!-- This site is optimized with the Yoast SEO plugin v19.6 - https:\/\/yoast.com\/wordpress\/plugins\/seo\/ -->\n<title>Cu\u00e1les son las oraciones impersonales - Educaci\u00f3n Don C\u00f3mos<\/title>\n<meta name=\"description\" content=\"La oraciones impersonales, son aquellas que no se sabe cu\u00e1l es el sujeto y tampoco se puede ser sobre entendido, estas oraciones se clasifican por categor\u00eda\" \/>\n<meta name=\"robots\" content=\"index, follow, max-snippet:-1, max-image-preview:large, max-video-preview:-1\" \/>\n<meta property=\"og:locale\" content=\"es_ES\" \/>\n<meta property=\"og:type\" content=\"article\" \/>\n<meta property=\"og:title\" content=\"Cu\u00e1les son las oraciones impersonales - Educaci\u00f3n Don C\u00f3mos\" \/>\n<meta property=\"og:description\" content=\"La oraciones impersonales, son aquellas que no se sabe cu\u00e1l es el sujeto y tampoco se puede ser sobre entendido, estas oraciones se clasifican por categor\u00eda\" \/>\n<meta property=\"og:url\" content=\"https:\/\/doncomos.com\/educar\/cuales-las-oraciones-impersonales\" \/>\n<meta property=\"og:site_name\" content=\"Educar Doncomos.com: Aprende de forma F\u00e1cil y Amena\" \/>\n<meta property=\"article:publisher\" content=\"https:\/\/www.facebook.com\/doncomos\" \/>\n<meta property=\"article:published_time\" content=\"2015-12-01T14:20:06+00:00\" \/>\n<meta property=\"article:modified_time\" content=\"2015-11-27T14:21:57+00:00\" \/>\n<meta property=\"og:image\" content=\"https:\/\/doncomos.com\/educar\/wp-content\/uploads\/sites\/7\/2015\/10\/Cu--les-son-las-oraciones-impersonales-786.png\" \/>\n\t<meta property=\"og:image:width\" content=\"1280\" \/>\n\t<meta property=\"og:image:height\" content=\"720\" \/>\n\t<meta property=\"og:image:type\" content=\"image\/png\" \/>\n<meta name=\"author\" content=\"Diana\" \/>\n<meta name=\"twitter:card\" content=\"summary\" \/>\n<meta name=\"twitter:creator\" content=\"@doncomos\" \/>\n<meta name=\"twitter:site\" content=\"@doncomos\" \/>\n<meta name=\"twitter:label1\" content=\"Escrito por\" \/>\n\t<meta name=\"twitter:data1\" content=\"Diana\" \/>\n\t<meta name=\"twitter:label2\" content=\"Tiempo de lectura\" \/>\n\t<meta name=\"twitter:data2\" content=\"1 minuto\" \/>\n<script type=\"application\/ld+json\" class=\"yoast-schema-graph\">{\"@context\":\"https:\/\/schema.org\",\"@graph\":[{\"@type\":\"WebPage\",\"@id\":\"https:\/\/doncomos.com\/educar\/cuales-las-oraciones-impersonales\",\"url\":\"https:\/\/doncomos.com\/educar\/cuales-las-oraciones-impersonales\",\"name\":\"Cu\u00e1les son las oraciones impersonales - Educaci\u00f3n Don C\u00f3mos\",\"isPartOf\":{\"@id\":\"https:\/\/doncomos.com\/educar\/#website\"},\"datePublished\":\"2015-12-01T14:20:06+00:00\",\"dateModified\":\"2015-11-27T14:21:57+00:00\",\"author\":{\"@id\":\"https:\/\/doncomos.com\/educar\/#\/schema\/person\/a34a4de2b5aedd908f823ffe39e4efcf\"},\"description\":\"La oraciones impersonales, son aquellas que no se sabe cu\u00e1l es el sujeto y tampoco se puede ser sobre entendido, estas oraciones se clasifican por categor\u00eda\",\"breadcrumb\":{\"@id\":\"https:\/\/doncomos.com\/educar\/cuales-las-oraciones-impersonales#breadcrumb\"},\"inLanguage\":\"es\",\"potentialAction\":[{\"@type\":\"ReadAction\",\"target\":[\"https:\/\/doncomos.com\/educar\/cuales-las-oraciones-impersonales\"]}]},{\"@type\":\"BreadcrumbList\",\"@id\":\"https:\/\/doncomos.com\/educar\/cuales-las-oraciones-impersonales#breadcrumb\",\"itemListElement\":[{\"@type\":\"ListItem\",\"position\":1,\"name\":\"Home\",\"item\":\"https:\/\/doncomos.com\/educar\"},{\"@type\":\"ListItem\",\"position\":2,\"name\":\"Cu\u00e1les son las oraciones impersonales\"}]},{\"@type\":\"WebSite\",\"@id\":\"https:\/\/doncomos.com\/educar\/#website\",\"url\":\"https:\/\/doncomos.com\/educar\/\",\"name\":\"Educar Doncomos.com: Aprende de forma F\u00e1cil y Amena\",\"description\":\"Educar - Ense\u00f1amos todos los c\u00f3mos sobre educaci\u00f3n de la mano de profesores\",\"potentialAction\":[{\"@type\":\"SearchAction\",\"target\":{\"@type\":\"EntryPoint\",\"urlTemplate\":\"https:\/\/doncomos.com\/educar\/?s={search_term_string}\"},\"query-input\":\"required name=search_term_string\"}],\"inLanguage\":\"es\"},{\"@type\":\"Person\",\"@id\":\"https:\/\/doncomos.com\/educar\/#\/schema\/person\/a34a4de2b5aedd908f823ffe39e4efcf\",\"name\":\"Diana\",\"image\":{\"@type\":\"ImageObject\",\"inLanguage\":\"es\",\"@id\":\"https:\/\/doncomos.com\/educar\/#\/schema\/person\/image\/\",\"url\":\"https:\/\/secure.gravatar.com\/avatar\/b69d14d6884f996a748429593109400088e9d738a099e3e20c89f58013ab5b37?s=96&d=mm&r=g\",\"contentUrl\":\"https:\/\/secure.gravatar.com\/avatar\/b69d14d6884f996a748429593109400088e9d738a099e3e20c89f58013ab5b37?s=96&d=mm&r=g\",\"caption\":\"Diana\"},\"url\":\"https:\/\/doncomos.com\/educar\/autor\/diana\"}]}<\/script>\n<!-- \/ Yoast SEO plugin. -->","yoast_head_json":{"title":"Cu\u00e1les son las oraciones impersonales - Educaci\u00f3n Don C\u00f3mos","description":"La oraciones impersonales, son aquellas que no se sabe cu\u00e1l es el sujeto y tampoco se puede ser sobre entendido, estas oraciones se clasifican por categor\u00eda","robots":{"index":"index","follow":"follow","max-snippet":"max-snippet:-1","max-image-preview":"max-image-preview:large","max-video-preview":"max-video-preview:-1"},"og_locale":"es_ES","og_type":"article","og_title":"Cu\u00e1les son las oraciones impersonales - Educaci\u00f3n Don C\u00f3mos","og_description":"La oraciones impersonales, son aquellas que no se sabe cu\u00e1l es el sujeto y tampoco se puede ser sobre entendido, estas oraciones se clasifican por categor\u00eda","og_url":"https:\/\/doncomos.com\/educar\/cuales-las-oraciones-impersonales","og_site_name":"Educar Doncomos.com: Aprende de forma F\u00e1cil y Amena","article_publisher":"https:\/\/www.facebook.com\/doncomos","article_published_time":"2015-12-01T14:20:06+00:00","article_modified_time":"2015-11-27T14:21:57+00:00","og_image":[{"width":1280,"height":720,"url":"https:\/\/doncomos.com\/educar\/wp-content\/uploads\/sites\/7\/2015\/10\/Cu--les-son-las-oraciones-impersonales-786.png","type":"image\/png"}],"author":"Diana","twitter_card":"summary","twitter_creator":"@doncomos","twitter_site":"@doncomos","twitter_misc":{"Escrito por":"Diana","Tiempo de lectura":"1 minuto"},"schema":{"@context":"https:\/\/schema.org","@graph":[{"@type":"WebPage","@id":"https:\/\/doncomos.com\/educar\/cuales-las-oraciones-impersonales","url":"https:\/\/doncomos.com\/educar\/cuales-las-oraciones-impersonales","name":"Cu\u00e1les son las oraciones impersonales - Educaci\u00f3n Don C\u00f3mos","isPartOf":{"@id":"https:\/\/doncomos.com\/educar\/#website"},"datePublished":"2015-12-01T14:20:06+00:00","dateModified":"2015-11-27T14:21:57+00:00","author":{"@id":"https:\/\/doncomos.com\/educar\/#\/schema\/person\/a34a4de2b5aedd908f823ffe39e4efcf"},"description":"La oraciones impersonales, son aquellas que no se sabe cu\u00e1l es el sujeto y tampoco se puede ser sobre entendido, estas oraciones se clasifican por categor\u00eda","breadcrumb":{"@id":"https:\/\/doncomos.com\/educar\/cuales-las-oraciones-impersonales#breadcrumb"},"inLanguage":"es","potentialAction":[{"@type":"ReadAction","target":["https:\/\/doncomos.com\/educar\/cuales-las-oraciones-impersonales"]}]},{"@type":"BreadcrumbList","@id":"https:\/\/doncomos.com\/educar\/cuales-las-oraciones-impersonales#breadcrumb","itemListElement":[{"@type":"ListItem","position":1,"name":"Home","item":"https:\/\/doncomos.com\/educar"},{"@type":"ListItem","position":2,"name":"Cu\u00e1les son las oraciones impersonales"}]},{"@type":"WebSite","@id":"https:\/\/doncomos.com\/educar\/#website","url":"https:\/\/doncomos.com\/educar\/","name":"Educar Doncomos.com: Aprende de forma F\u00e1cil y Amena","description":"Educar - Ense\u00f1amos todos los c\u00f3mos sobre educaci\u00f3n de la mano de profesores","potentialAction":[{"@type":"SearchAction","target":{"@type":"EntryPoint","urlTemplate":"https:\/\/doncomos.com\/educar\/?s={search_term_string}"},"query-input":"required name=search_term_string"}],"inLanguage":"es"},{"@type":"Person","@id":"https:\/\/doncomos.com\/educar\/#\/schema\/person\/a34a4de2b5aedd908f823ffe39e4efcf","name":"Diana","image":{"@type":"ImageObject","inLanguage":"es","@id":"https:\/\/doncomos.com\/educar\/#\/schema\/person\/image\/","url":"https:\/\/secure.gravatar.com\/avatar\/b69d14d6884f996a748429593109400088e9d738a099e3e20c89f58013ab5b37?s=96&d=mm&r=g","contentUrl":"https:\/\/secure.gravatar.com\/avatar\/b69d14d6884f996a748429593109400088e9d738a099e3e20c89f58013ab5b37?s=96&d=mm&r=g","caption":"Diana"},"url":"https:\/\/doncomos.com\/educar\/autor\/diana"}]}},"_links":{"self":[{"href":"https:\/\/doncomos.com\/educar\/wp-json\/wp\/v2\/posts\/6163","targetHints":{"allow":["GET"]}}],"collection":[{"href":"https:\/\/doncomos.com\/educar\/wp-json\/wp\/v2\/posts"}],"about":[{"href":"https:\/\/doncomos.com\/educar\/wp-json\/wp\/v2\/types\/post"}],"author":[{"embeddable":true,"href":"https:\/\/doncomos.com\/educar\/wp-json\/wp\/v2\/users\/19"}],"replies":[{"embeddable":true,"href":"https:\/\/doncomos.com\/educar\/wp-json\/wp\/v2\/comments?post=6163"}],"version-history":[{"count":0,"href":"https:\/\/doncomos.com\/educar\/wp-json\/wp\/v2\/posts\/6163\/revisions"}],"wp:featuredmedia":[{"embeddable":true,"href":"https:\/\/doncomos.com\/educar\/wp-json\/wp\/v2\/media\/6168"}],"wp:attachment":[{"href":"https:\/\/doncomos.com\/educar\/wp-json\/wp\/v2\/media?parent=6163"}],"wp:term":[{"taxonomy":"category","embeddable":true,"href":"https:\/\/doncomos.com\/educar\/wp-json\/wp\/v2\/categories?post=6163"},{"taxonomy":"post_tag","embeddable":true,"href":"https:\/\/doncomos.com\/educar\/wp-json\/wp\/v2\/tags?post=6163"}],"curies":[{"name":"wp","href":"https:\/\/api.w.org\/{rel}","templated":true}]}}