{"id":7263,"date":"2016-08-06T16:42:34","date_gmt":"2016-08-06T15:42:34","guid":{"rendered":"\/\/doncomos.com\/educar\/?p=7263"},"modified":"2017-11-09T21:53:32","modified_gmt":"2017-11-09T20:53:32","slug":"contactar-mariano-rajoy","status":"publish","type":"post","link":"https:\/\/doncomos.com\/educar\/contactar-mariano-rajoy","title":{"rendered":"C\u00f3mo contactar con Mariano Rajoy"},"content":{"rendered":"<div id=\"toc_container\" class=\"no_bullets\"><p class=\"toc_title\">Contenido del Art&iacute;culo<\/p><ul class=\"toc_list\"><li><a href=\"#Quien_es_Mariano_Rajoy\">\u00bfQui\u00e9n es Mariano Rajoy?<\/a><\/li><li><a href=\"#Como_me_puedo_poner_en_contacto_con_Mariano_Rajoy\">\u00bfC\u00f3mo me puedo poner en contacto con Mariano Rajoy?<\/a><\/li><li><a href=\"#Instrucciones_para_contactar_con_Mariano_Rajoy\">Instrucciones para  contactar con Mariano Rajoy<\/a><\/li><li><a href=\"#Consejos_para_contactar_con_Mariano_Rajoy\">Consejos para  contactar con Mariano Rajoy<\/a><\/li><\/ul><\/div>\n<h2><span id=\"Quien_es_Mariano_Rajoy\">\u00bfQui\u00e9n es Mariano Rajoy?<\/span><\/h2>\n<p>Mariano Rajoy es el <strong>Presidente del Gobierno de Espa\u00f1a<\/strong>\u00a0ahora en 2016 durante la X legislatura desde que gan\u00f3 las elecciones por mayor\u00eda absoluta el 21 de diciembre de 2011 hasta el 20 de diciembre de 2015. Desde entonces, debido a los tr\u00e1mites pol\u00edticos en los que se encuentra Espa\u00f1a en la actualidad, ejerce como Presidente del Gobierno en funciones desde las elecciones generales de diciembre de 2015. Es el actual <strong>presidente del Partido Popular<\/strong> desde que fue reelegido en el XVII Congreso que se celebr\u00f3 en Sevilla en febrero de 2012.<\/p>\n<p>Como cualquier personaje p\u00fablico que est\u00e1 interesado en la opini\u00f3n de sus seguidores y partidarios de su postura pol\u00edtica, es posible acceder a \u00e9l y ponerse en contacto para cualquier duda, sugerencia u opini\u00f3n.<\/p>\n<h2><span id=\"Como_me_puedo_poner_en_contacto_con_Mariano_Rajoy\">\u00bfC\u00f3mo me puedo poner en contacto con Mariano Rajoy?<\/span><\/h2>\n<p>Aqu\u00ed le explicamos los diferentes medios para contactar con Mariano Rajoy:<\/p>\n<div align=\"center\"><!-- Doncomos Educar Enlaces Adaptable -->\n                                       <ins class=\"adsbygoogle\"\n                                            style=\"display:block; height:90px;\"\n                                            data-ad-client=\"ca-pub-7889333885495326\"\n                                            data-ad-slot=\"1590071393\"\n                                            data-ad-format=\"link\"><\/ins>\n                                       <script>\n                                       (adsbygoogle = window.adsbygoogle || []).push({});\n                                       <\/script><div id=\"div-video-intext\"><\/div><\/div><div class='single-functions-top-instrucciones'><h2 class='h2-title-single'><span id=\"Instrucciones_para_contactar_con_Mariano_Rajoy\">Instrucciones para  contactar con Mariano Rajoy<\/span><\/h2><blockquote-content><ol>\n<li>La primera opci\u00f3n para ponerse en contacto con el Sr. Rajoy es a trav\u00e9s del <strong>formulario de contacto que est\u00e1 disponible en la p\u00e1gina web del Partido Popular<\/strong>. \u00c9ste es el enlace que le llevar\u00e1 hasta dicha p\u00e1gina:\u00a0http:\/\/www.pp.es\/participa\/contacta<\/li>\n<li>Otra alternativa para llegar hasta \u00e9l mediante la web es desde <strong>la p\u00e1gina de La Moncloa<\/strong>, concretamente en la secci\u00f3n de <strong>Prensa<\/strong> donde existen dos opciones, o <em>escribir a La Moncloa<\/em> o, para <em>escribir directamente a Mariano Rajoy<\/em>, pinche\u00a0en el enlace que ellos mismos han colocado al principio de la secci\u00f3n Prensa, que le redirigir\u00e1 a otro formulario diferente. El enlace para <strong>contactar con La Moncloa<\/strong> es:\u00a0http:\/\/www.lamoncloa.gob.es\/serviciosdeprensa\/contactar\/Paginas\/index.aspx y el enlace para <strong>comunicarse con el Presidente del Gobierno<\/strong> es \u00e9ste:\u00a0https:\/\/escribealpresidente.presidencia.gob.es\/formulario\/<\/li>\n<li>Siguiendo con las formas de contactar con \u00e9l a trav\u00e9s de la red, puede dirigirse a su p\u00e1gina de <em>facebook<\/em> (https:\/\/www.facebook.com\/Mariano-Rajoy-Brey-54212446406\/) e enviarle un mensaje directo o, si lo prefiere, dejar un comentario en su muro.<\/li>\n<li>Otra red social donde puede hablar con el Sr. Rajoy es desde su <em>twitter<\/em> (https:\/\/twitter.com\/marianorajoy) donde tambi\u00e9n puede mencionarle en un tweet o mandarle un mensaje directo.<\/li>\n<li>Tambi\u00e9n puede comunicarse envi\u00e1ndole un <em>e-mail al correo electr\u00f3nico del Partido Popular<\/em>:\u00a0atencion2@pp.es<\/li>\n<div align=\"center\"><!-- Doncomos Educar 336 x 280 -->\n                                <ins class=\"adsbygoogle\"\n                                     style=\"display:inline-block;width:336px;height:280px\"\n                                     data-ad-client=\"ca-pub-7889333885495326\"\n                                     data-ad-slot=\"7649523894\"><\/ins>\n                                <script>\n                                (adsbygoogle = window.adsbygoogle || []).push({});\n                                <\/script><\/div><li>La \u00faltima forma de acceder a \u00e9l a trav\u00e9s de internet es desde esta p\u00e1gina:\u00a0http:\/\/es.niceletter.com\/modelos-cartas-gratis\/escribir-mariano-rajoy-brey\/<img loading=\"lazy\" decoding=\"async\" class=\"alignnone wp-image-7268 size-large\" src=\"https:\/\/doncomos.com\/educar\/wp-content\/uploads\/sites\/7\/2016\/05\/C\u00f3mo-contactar-con-Mariano-Rajoy-268-1024x683.jpg\" alt=\"C\u00f3mo contactar con Mariano Rajoy\" width=\"1024\" height=\"683\" srcset=\"https:\/\/doncomos.com\/educar\/wp-content\/uploads\/sites\/7\/2016\/05\/C\u00f3mo-contactar-con-Mariano-Rajoy-268-1024x683.jpg 1024w, https:\/\/doncomos.com\/educar\/wp-content\/uploads\/sites\/7\/2016\/05\/C\u00f3mo-contactar-con-Mariano-Rajoy-268-300x200.jpg 300w, https:\/\/doncomos.com\/educar\/wp-content\/uploads\/sites\/7\/2016\/05\/C\u00f3mo-contactar-con-Mariano-Rajoy-268-768x512.jpg 768w, https:\/\/doncomos.com\/educar\/wp-content\/uploads\/sites\/7\/2016\/05\/C\u00f3mo-contactar-con-Mariano-Rajoy-268-270x180.jpg 270w\" sizes=\"auto, (max-width: 1024px) 100vw, 1024px\" \/><\/li>\n<li>Una alternativa m\u00e1s personal es llamando al <strong>n\u00famero de tel\u00e9fono<\/strong>\u00a0900 101 446, donde alg\u00fan <strong>miembro del equipo de Mariano Rajoy<\/strong> atender\u00e1 su llamada y le comunicar\u00e1 su petici\u00f3n al Presidente del Gobierno. Existe un n\u00famero de tel\u00e9fono alternativo por si el primero no da resultado y es el siguiente:\u00a0915577300<\/li>\n<li>La \u00faltima opci\u00f3n, si le gusta enviar cartas por <strong>correo ordinario<\/strong>, puede hacerlo enviando su escrito a la direcci\u00f3n de su despacho: G\u00e9nova, 13, planta baja, Madrid.<\/li>\n<\/ol>\n<\/blockquote-content><\/div>\n<p>Como puede observar, tiene m\u00faltiples opciones para acceder al Presidente del Gobierno y, a la hora de hacerlo, es recomendable que siga estos consejos:<\/p>\n<div align=\"center\"><!-- Doncomos Educar 336 x 280 -->\n                                <ins class=\"adsbygoogle\"\n                                     style=\"display:inline-block;width:336px;height:280px\"\n                                     data-ad-client=\"ca-pub-7889333885495326\"\n                                     data-ad-slot=\"7649523894\"><\/ins>\n                                <script>\n                                (adsbygoogle = window.adsbygoogle || []).push({});\n                                <\/script><\/div><div class='single-functions-consejos'><h2 class='h2-title-single'><span id=\"Consejos_para_contactar_con_Mariano_Rajoy\">Consejos para  contactar con Mariano Rajoy<\/span><\/h2><blockquote-content><ul>\n<li>Lo primero que hay que tener en cuenta a la hora de contactar con cualquier persona, sea quien sea, es que merece <strong>respeto<\/strong>. Puede que usted est\u00e9 a favor o no de la postura pol\u00edtica que adopta el Presidente del Gobierno, Mariano Rajoy, pero eso es independiente de la forma en que hablamos con una persona. Siempre es adecuado <strong>discutir desde la educaci\u00f3n<\/strong>, respetando sus pensamientos, as\u00ed como usted merece un trato conveniente.<\/li>\n<li>Para que su escrito, carta, comentario en redes sociales o formulario de las distintas fuentes proporcionadas o el di\u00e1logo que pudiera mantener por tel\u00e9fono con un miembro del equipo del Se\u00f1or Presidente sea mejor, es conveniente que utilice un lenguaje claro y conciso, <strong>sin extenderse en experiencias personales.<\/strong><\/li>\n<li>Comunique su petici\u00f3n desde un <strong>punto de vista objetivo<\/strong> y procure expresarse como a usted le gustar\u00eda que le hablaran.<\/li>\n<li>No utilice palabras malintencionadas o da\u00f1inas.<\/li>\n<li>Recuerde lo importante que es<strong> tratar bien a las personas.<\/strong><\/li>\n<\/ul>\n<\/blockquote-content><\/div>\n","protected":false},"excerpt":{"rendered":"<p>\u00bfQui\u00e9n es Mariano Rajoy? Mariano Rajoy es el Presidente del Gobierno de Espa\u00f1a\u00a0ahora en 2016 durante la X legislatura desde que gan\u00f3 las elecciones por mayor\u00eda absoluta el 21 de diciembre de 2011 hasta el 20 de diciembre de 2015. [&hellip;]<\/p>\n","protected":false},"author":31,"featured_media":7266,"comment_status":"open","ping_status":"closed","sticky":false,"template":"","format":"standard","meta":{"footnotes":""},"categories":[1092],"tags":[],"class_list":["post-7263","post","type-post","status-publish","format-standard","has-post-thumbnail","hentry","category-habilidades-sociales"],"acf":[],"yoast_head":"<!-- This site is optimized with the Yoast SEO plugin v19.6 - https:\/\/yoast.com\/wordpress\/plugins\/seo\/ -->\n<title>C\u00f3mo contactar con Mariano Rajoy - Educaci\u00f3n Don C\u00f3mos<\/title>\n<meta name=\"description\" content=\"Si quiere dirigirse al Presidente del Gobierno de Espa\u00f1a, Mariano Rajoy, y no sabe c\u00f3mo, aqu\u00ed tiene varias formas de hacerlo y unos consejos muy buenos.\" \/>\n<meta name=\"robots\" content=\"index, follow, max-snippet:-1, max-image-preview:large, max-video-preview:-1\" \/>\n<meta property=\"og:locale\" content=\"es_ES\" \/>\n<meta property=\"og:type\" content=\"article\" \/>\n<meta property=\"og:title\" content=\"C\u00f3mo contactar con Mariano Rajoy - Educaci\u00f3n Don C\u00f3mos\" \/>\n<meta property=\"og:description\" content=\"Si quiere dirigirse al Presidente del Gobierno de Espa\u00f1a, Mariano Rajoy, y no sabe c\u00f3mo, aqu\u00ed tiene varias formas de hacerlo y unos consejos muy buenos.\" \/>\n<meta property=\"og:url\" content=\"https:\/\/doncomos.com\/educar\/contactar-mariano-rajoy\" \/>\n<meta property=\"og:site_name\" content=\"Educar Doncomos.com: Aprende de forma F\u00e1cil y Amena\" \/>\n<meta property=\"article:publisher\" content=\"https:\/\/www.facebook.com\/doncomos\" \/>\n<meta property=\"article:published_time\" content=\"2016-08-06T15:42:34+00:00\" \/>\n<meta property=\"article:modified_time\" content=\"2017-11-09T20:53:32+00:00\" \/>\n<meta property=\"og:image\" content=\"https:\/\/doncomos.com\/educar\/wp-content\/uploads\/sites\/7\/2016\/05\/C\u00f3mo-contactar-con-Mariano-Rajoy-780.jpg\" \/>\n\t<meta property=\"og:image:width\" content=\"220\" \/>\n\t<meta property=\"og:image:height\" content=\"325\" \/>\n\t<meta property=\"og:image:type\" content=\"image\/jpeg\" \/>\n<meta name=\"author\" content=\"Belen\" \/>\n<meta name=\"twitter:card\" content=\"summary\" \/>\n<meta name=\"twitter:creator\" content=\"@doncomos\" \/>\n<meta name=\"twitter:site\" content=\"@doncomos\" \/>\n<meta name=\"twitter:label1\" content=\"Escrito por\" \/>\n\t<meta name=\"twitter:data1\" content=\"Belen\" \/>\n\t<meta name=\"twitter:label2\" content=\"Tiempo de lectura\" \/>\n\t<meta name=\"twitter:data2\" content=\"1 minuto\" \/>\n<script type=\"application\/ld+json\" class=\"yoast-schema-graph\">{\"@context\":\"https:\/\/schema.org\",\"@graph\":[{\"@type\":\"WebPage\",\"@id\":\"https:\/\/doncomos.com\/educar\/contactar-mariano-rajoy\",\"url\":\"https:\/\/doncomos.com\/educar\/contactar-mariano-rajoy\",\"name\":\"C\u00f3mo contactar con Mariano Rajoy - Educaci\u00f3n Don C\u00f3mos\",\"isPartOf\":{\"@id\":\"https:\/\/doncomos.com\/educar\/#website\"},\"datePublished\":\"2016-08-06T15:42:34+00:00\",\"dateModified\":\"2017-11-09T20:53:32+00:00\",\"author\":{\"@id\":\"https:\/\/doncomos.com\/educar\/#\/schema\/person\/d5cd5282458b4c64eccaba301b7b7aca\"},\"description\":\"Si quiere dirigirse al Presidente del Gobierno de Espa\u00f1a, Mariano Rajoy, y no sabe c\u00f3mo, aqu\u00ed tiene varias formas de hacerlo y unos consejos muy buenos.\",\"breadcrumb\":{\"@id\":\"https:\/\/doncomos.com\/educar\/contactar-mariano-rajoy#breadcrumb\"},\"inLanguage\":\"es\",\"potentialAction\":[{\"@type\":\"ReadAction\",\"target\":[\"https:\/\/doncomos.com\/educar\/contactar-mariano-rajoy\"]}]},{\"@type\":\"BreadcrumbList\",\"@id\":\"https:\/\/doncomos.com\/educar\/contactar-mariano-rajoy#breadcrumb\",\"itemListElement\":[{\"@type\":\"ListItem\",\"position\":1,\"name\":\"Home\",\"item\":\"https:\/\/doncomos.com\/educar\"},{\"@type\":\"ListItem\",\"position\":2,\"name\":\"C\u00f3mo contactar con Mariano Rajoy\"}]},{\"@type\":\"WebSite\",\"@id\":\"https:\/\/doncomos.com\/educar\/#website\",\"url\":\"https:\/\/doncomos.com\/educar\/\",\"name\":\"Educar Doncomos.com: Aprende de forma F\u00e1cil y Amena\",\"description\":\"Educar - Ense\u00f1amos todos los c\u00f3mos sobre educaci\u00f3n de la mano de profesores\",\"potentialAction\":[{\"@type\":\"SearchAction\",\"target\":{\"@type\":\"EntryPoint\",\"urlTemplate\":\"https:\/\/doncomos.com\/educar\/?s={search_term_string}\"},\"query-input\":\"required name=search_term_string\"}],\"inLanguage\":\"es\"},{\"@type\":\"Person\",\"@id\":\"https:\/\/doncomos.com\/educar\/#\/schema\/person\/d5cd5282458b4c64eccaba301b7b7aca\",\"name\":\"Belen\",\"image\":{\"@type\":\"ImageObject\",\"inLanguage\":\"es\",\"@id\":\"https:\/\/doncomos.com\/educar\/#\/schema\/person\/image\/\",\"url\":\"https:\/\/secure.gravatar.com\/avatar\/1bc0438685f8fc7a6e4727c731eae1ec92fa44ce194fb5ac072b5a9ae7561d0a?s=96&d=mm&r=g\",\"contentUrl\":\"https:\/\/secure.gravatar.com\/avatar\/1bc0438685f8fc7a6e4727c731eae1ec92fa44ce194fb5ac072b5a9ae7561d0a?s=96&d=mm&r=g\",\"caption\":\"Belen\"},\"url\":\"https:\/\/doncomos.com\/educar\/autor\/belene\"}]}<\/script>\n<!-- \/ Yoast SEO plugin. -->","yoast_head_json":{"title":"C\u00f3mo contactar con Mariano Rajoy - Educaci\u00f3n Don C\u00f3mos","description":"Si quiere dirigirse al Presidente del Gobierno de Espa\u00f1a, Mariano Rajoy, y no sabe c\u00f3mo, aqu\u00ed tiene varias formas de hacerlo y unos consejos muy buenos.","robots":{"index":"index","follow":"follow","max-snippet":"max-snippet:-1","max-image-preview":"max-image-preview:large","max-video-preview":"max-video-preview:-1"},"og_locale":"es_ES","og_type":"article","og_title":"C\u00f3mo contactar con Mariano Rajoy - Educaci\u00f3n Don C\u00f3mos","og_description":"Si quiere dirigirse al Presidente del Gobierno de Espa\u00f1a, Mariano Rajoy, y no sabe c\u00f3mo, aqu\u00ed tiene varias formas de hacerlo y unos consejos muy buenos.","og_url":"https:\/\/doncomos.com\/educar\/contactar-mariano-rajoy","og_site_name":"Educar Doncomos.com: Aprende de forma F\u00e1cil y Amena","article_publisher":"https:\/\/www.facebook.com\/doncomos","article_published_time":"2016-08-06T15:42:34+00:00","article_modified_time":"2017-11-09T20:53:32+00:00","og_image":[{"width":220,"height":325,"url":"https:\/\/doncomos.com\/educar\/wp-content\/uploads\/sites\/7\/2016\/05\/C\u00f3mo-contactar-con-Mariano-Rajoy-780.jpg","type":"image\/jpeg"}],"author":"Belen","twitter_card":"summary","twitter_creator":"@doncomos","twitter_site":"@doncomos","twitter_misc":{"Escrito por":"Belen","Tiempo de lectura":"1 minuto"},"schema":{"@context":"https:\/\/schema.org","@graph":[{"@type":"WebPage","@id":"https:\/\/doncomos.com\/educar\/contactar-mariano-rajoy","url":"https:\/\/doncomos.com\/educar\/contactar-mariano-rajoy","name":"C\u00f3mo contactar con Mariano Rajoy - Educaci\u00f3n Don C\u00f3mos","isPartOf":{"@id":"https:\/\/doncomos.com\/educar\/#website"},"datePublished":"2016-08-06T15:42:34+00:00","dateModified":"2017-11-09T20:53:32+00:00","author":{"@id":"https:\/\/doncomos.com\/educar\/#\/schema\/person\/d5cd5282458b4c64eccaba301b7b7aca"},"description":"Si quiere dirigirse al Presidente del Gobierno de Espa\u00f1a, Mariano Rajoy, y no sabe c\u00f3mo, aqu\u00ed tiene varias formas de hacerlo y unos consejos muy buenos.","breadcrumb":{"@id":"https:\/\/doncomos.com\/educar\/contactar-mariano-rajoy#breadcrumb"},"inLanguage":"es","potentialAction":[{"@type":"ReadAction","target":["https:\/\/doncomos.com\/educar\/contactar-mariano-rajoy"]}]},{"@type":"BreadcrumbList","@id":"https:\/\/doncomos.com\/educar\/contactar-mariano-rajoy#breadcrumb","itemListElement":[{"@type":"ListItem","position":1,"name":"Home","item":"https:\/\/doncomos.com\/educar"},{"@type":"ListItem","position":2,"name":"C\u00f3mo contactar con Mariano Rajoy"}]},{"@type":"WebSite","@id":"https:\/\/doncomos.com\/educar\/#website","url":"https:\/\/doncomos.com\/educar\/","name":"Educar Doncomos.com: Aprende de forma F\u00e1cil y Amena","description":"Educar - Ense\u00f1amos todos los c\u00f3mos sobre educaci\u00f3n de la mano de profesores","potentialAction":[{"@type":"SearchAction","target":{"@type":"EntryPoint","urlTemplate":"https:\/\/doncomos.com\/educar\/?s={search_term_string}"},"query-input":"required name=search_term_string"}],"inLanguage":"es"},{"@type":"Person","@id":"https:\/\/doncomos.com\/educar\/#\/schema\/person\/d5cd5282458b4c64eccaba301b7b7aca","name":"Belen","image":{"@type":"ImageObject","inLanguage":"es","@id":"https:\/\/doncomos.com\/educar\/#\/schema\/person\/image\/","url":"https:\/\/secure.gravatar.com\/avatar\/1bc0438685f8fc7a6e4727c731eae1ec92fa44ce194fb5ac072b5a9ae7561d0a?s=96&d=mm&r=g","contentUrl":"https:\/\/secure.gravatar.com\/avatar\/1bc0438685f8fc7a6e4727c731eae1ec92fa44ce194fb5ac072b5a9ae7561d0a?s=96&d=mm&r=g","caption":"Belen"},"url":"https:\/\/doncomos.com\/educar\/autor\/belene"}]}},"_links":{"self":[{"href":"https:\/\/doncomos.com\/educar\/wp-json\/wp\/v2\/posts\/7263","targetHints":{"allow":["GET"]}}],"collection":[{"href":"https:\/\/doncomos.com\/educar\/wp-json\/wp\/v2\/posts"}],"about":[{"href":"https:\/\/doncomos.com\/educar\/wp-json\/wp\/v2\/types\/post"}],"author":[{"embeddable":true,"href":"https:\/\/doncomos.com\/educar\/wp-json\/wp\/v2\/users\/31"}],"replies":[{"embeddable":true,"href":"https:\/\/doncomos.com\/educar\/wp-json\/wp\/v2\/comments?post=7263"}],"version-history":[{"count":1,"href":"https:\/\/doncomos.com\/educar\/wp-json\/wp\/v2\/posts\/7263\/revisions"}],"predecessor-version":[{"id":9202,"href":"https:\/\/doncomos.com\/educar\/wp-json\/wp\/v2\/posts\/7263\/revisions\/9202"}],"wp:featuredmedia":[{"embeddable":true,"href":"https:\/\/doncomos.com\/educar\/wp-json\/wp\/v2\/media\/7266"}],"wp:attachment":[{"href":"https:\/\/doncomos.com\/educar\/wp-json\/wp\/v2\/media?parent=7263"}],"wp:term":[{"taxonomy":"category","embeddable":true,"href":"https:\/\/doncomos.com\/educar\/wp-json\/wp\/v2\/categories?post=7263"},{"taxonomy":"post_tag","embeddable":true,"href":"https:\/\/doncomos.com\/educar\/wp-json\/wp\/v2\/tags?post=7263"}],"curies":[{"name":"wp","href":"https:\/\/api.w.org\/{rel}","templated":true}]}}