{"id":7387,"date":"2016-09-17T16:11:33","date_gmt":"2016-09-17T15:11:33","guid":{"rendered":"http:\/\/doncomos.com\/educar\/?p=7387"},"modified":"2016-08-19T16:32:13","modified_gmt":"2016-08-19T15:32:13","slug":"contactar-pablo-iglesias","status":"publish","type":"post","link":"https:\/\/doncomos.com\/educar\/contactar-pablo-iglesias","title":{"rendered":"C\u00f3mo contactar con Pablo Iglesias"},"content":{"rendered":"<p>Podemos, el partido pol\u00edtico joven, nacido a ra\u00edz del movimiento 15-M y con el objetivo de no callar y gobernar el pa\u00eds de forma cercana y sin \u00abtrapicheos\u00bb, se ha convertido en la tercera fuerza pol\u00edtica de Espa\u00f1a tras el recuento en las \u00faltimas elecciones en diciembre. Gracias a sus inquietudes y movimientos han conseguido que buena parte del pa\u00eds los apoye.<\/p>\n<p>Al frente de Podemos y como candidato a la presidencia del gobierno encontramos al se\u00f1or Pablo Iglesias. Madrile\u00f1o que ahora ostenta el cargo de <strong>Secretario General de Podemos<\/strong>.<\/p>\n<p>Y si deseas contactar con \u00e9l ya sea para enviarle algo o simplemente para mandarle un saludo o mostrarle tus inquietudes, tiene a tu disposici\u00f3n varios m\u00e9todos para hacerlo. A continuaci\u00f3n te vamos a detallar <strong>c\u00f3mo contactar con Pablo Iglesias.<\/strong><\/p>\n<h2>Contactar por internet<\/h2>\n<p>Pablo Iglesias es realmente activo en las <strong>redes sociales<\/strong>, sobre todo en Twitter, por lo que te recomiendo que uses esta forma de contacto. En su cuenta de <strong>Twitter<\/strong> <a href=\"https:\/\/twitter.com\/Pablo_Iglesias_\" class=\"external\" rel=\"nofollow\" target=\"_blank\">https:\/\/twitter.com\/Pablo_Iglesias<\/a> el l\u00edder de Podemos es realmente activo, y esta plataforma de microblogging te permite seguir sus publicaciones as\u00ed como compartir de forma f\u00e1cil sus publicaciones (retuitearlo), o citarlo en tus tuits, por ejemplo.<br \/>\nPuedes usar esta plataforma para enviarle apoyo u opini\u00f3n p\u00fablica, pero una pega es que, en el caso de que quieras enviarle un mensaje privado por Twitter, es preciso que ambo es os sig\u00e1is. Si \u00e9l no sigue tu cuenta, no podr\u00e1s mandarle el mensaje directo que deseas.<br \/>\n<img loading=\"lazy\" decoding=\"async\" class=\" wp-image-7390 aligncenter\" src=\"http:\/\/doncomos.com\/educar\/wp-content\/uploads\/sites\/7\/2016\/05\/C\u00f3mo-contactar-con-Pablo-Iglesias-323-300x150.jpg\" alt=\"C\u00f3mo contactar con Pablo Iglesias\" width=\"496\" height=\"248\" srcset=\"https:\/\/doncomos.com\/educar\/wp-content\/uploads\/sites\/7\/2016\/05\/C\u00f3mo-contactar-con-Pablo-Iglesias-323-300x150.jpg 300w, https:\/\/doncomos.com\/educar\/wp-content\/uploads\/sites\/7\/2016\/05\/C\u00f3mo-contactar-con-Pablo-Iglesias-323-768x384.jpg 768w, https:\/\/doncomos.com\/educar\/wp-content\/uploads\/sites\/7\/2016\/05\/C\u00f3mo-contactar-con-Pablo-Iglesias-323-1024x512.jpg 1024w, https:\/\/doncomos.com\/educar\/wp-content\/uploads\/sites\/7\/2016\/05\/C\u00f3mo-contactar-con-Pablo-Iglesias-323-270x135.jpg 270w, https:\/\/doncomos.com\/educar\/wp-content\/uploads\/sites\/7\/2016\/05\/C\u00f3mo-contactar-con-Pablo-Iglesias-323.jpg 1200w\" sizes=\"auto, (max-width: 496px) 100vw, 496px\" \/><\/p>\n<p>Otra plataforma en la que tambi\u00e9n est\u00e1 presente es <strong>Facebook<\/strong>. En su p\u00e1gina de Facebook tambi\u00e9n puedes estar al d\u00eda de sus posts, comentar sus publicaciones, compartirlas y en este caso tambi\u00e9n enviarle mensajes privados. La p\u00e1gina del l\u00edder de Podemos es:<br \/>\n<a href=\"https:\/\/www.facebook.com\/IglesiasTurrionPablo\" class=\"external\" rel=\"nofollow\" target=\"_blank\">https:\/\/www.facebook.com\/IglesiasTurrionPablo<\/a>.<\/p>\n<p>El dirigente de Podemos tambi\u00e9n tiene una <strong>p\u00e1gina web oficial y un blog<\/strong>, en \u00e9l aparecen ideas, opiniones, entrevistas y muchos m\u00e1s temas relacionados con Pablo Iglesias y Podemos. Desde su web puedes comentar y dar tus opiniones en sus posts y entradas. En este caso tus publicaciones ser\u00e1n p\u00fablicas, pero es que adem\u00e1s no ofrece la posibilidad de contacto privado. Su web es: <a href=\"http:\/\/pabloiglesias.org\" class=\"external\" rel=\"nofollow\" target=\"_blank\">http:\/\/pabloiglesias.org<\/a>.<\/p>\n<h2>Contactar a trav\u00e9s del partido pol\u00edtico Podemos<\/h2>\n<p>Otra forma de poder <strong>contactar con Pablo Iglesias<\/strong> y hacerle llegar tus inquietudes, dudas, deseos, etc es a trav\u00e9s de su <strong>partido pol\u00edtico<\/strong>, <strong>Podemos<\/strong>, si quieres que espec\u00edficamente le llegue al Secretario, s\u00f3lo deber\u00e1s ponerle como destinatario. Podemos tambi\u00e9n ponen a disposici\u00f3n del ciudadano su p\u00e1gina web, su p\u00e1gina de Facebook y de Twitter. Su web oficial es: <a href=\"http:\/\/podemos.info\" class=\"external\" rel=\"nofollow\" target=\"_blank\">http:\/\/podemos.info<\/a>.<\/p>\n<p><img loading=\"lazy\" decoding=\"async\" class=\" wp-image-7388 aligncenter\" src=\"http:\/\/doncomos.com\/educar\/wp-content\/uploads\/sites\/7\/2016\/05\/C\u00f3mo-contactar-con-Pablo-Iglesias-623-300x200.jpg\" alt=\"C\u00f3mo contactar con Pablo Iglesias\" width=\"470\" height=\"313\" srcset=\"https:\/\/doncomos.com\/educar\/wp-content\/uploads\/sites\/7\/2016\/05\/C\u00f3mo-contactar-con-Pablo-Iglesias-623-300x200.jpg 300w, https:\/\/doncomos.com\/educar\/wp-content\/uploads\/sites\/7\/2016\/05\/C\u00f3mo-contactar-con-Pablo-Iglesias-623-768x511.jpg 768w, https:\/\/doncomos.com\/educar\/wp-content\/uploads\/sites\/7\/2016\/05\/C\u00f3mo-contactar-con-Pablo-Iglesias-623.jpg 1024w, https:\/\/doncomos.com\/educar\/wp-content\/uploads\/sites\/7\/2016\/05\/C\u00f3mo-contactar-con-Pablo-Iglesias-623-270x180.jpg 270w\" sizes=\"auto, (max-width: 470px) 100vw, 470px\" \/><\/p>\n<p>Por otro lado, si te f\u00edas m\u00e1s de <strong>entregar tu cuesti\u00f3n en persona<\/strong> o entregarles documentaci\u00f3n o lo que se te ocurra tambi\u00e9n puedes presentarte en la sede del partido situada en Madrid, en la calle Zurita 21.<\/p>\n<figure id=\"attachment_7389\" aria-describedby=\"caption-attachment-7389\" style=\"width: 488px\" class=\"wp-caption aligncenter\"><img loading=\"lazy\" decoding=\"async\" class=\"wp-image-7389\" src=\"http:\/\/doncomos.com\/educar\/wp-content\/uploads\/sites\/7\/2016\/05\/C\u00f3mo-contactar-con-Pablo-Iglesias-237-300x200.jpg\" alt=\"C\u00f3mo contactar con Pablo Iglesias\" width=\"488\" height=\"325\" srcset=\"https:\/\/doncomos.com\/educar\/wp-content\/uploads\/sites\/7\/2016\/05\/C\u00f3mo-contactar-con-Pablo-Iglesias-237-300x200.jpg 300w, https:\/\/doncomos.com\/educar\/wp-content\/uploads\/sites\/7\/2016\/05\/C\u00f3mo-contactar-con-Pablo-Iglesias-237-768x512.jpg 768w, https:\/\/doncomos.com\/educar\/wp-content\/uploads\/sites\/7\/2016\/05\/C\u00f3mo-contactar-con-Pablo-Iglesias-237.jpg 1024w, https:\/\/doncomos.com\/educar\/wp-content\/uploads\/sites\/7\/2016\/05\/C\u00f3mo-contactar-con-Pablo-Iglesias-237-270x180.jpg 270w\" sizes=\"auto, (max-width: 488px) 100vw, 488px\" \/><figcaption id=\"caption-attachment-7389\" class=\"wp-caption-text\">Fuente fotos:\u00a0https:\/\/pabloiglesias.org\/<\/figcaption><\/figure>\n<p>Si deseas enviarle tu asunto o preocupaci\u00f3n por <strong>correspondencia<\/strong>, env\u00edaselo a nombre de <strong>Pablo Iglesias<\/strong> a la direcci\u00f3n anterior del partido. No te olvides del c\u00f3digo postal: 28005.<\/p>\n<p>Aqu\u00ed te hemos mostrado <strong>c\u00f3mo contactar con Pablo Iglesias<\/strong> de diversas formas, lo que queda claro es que es realmente activo en redes sociales, pero en cambio, no hay un tel\u00e9fono o correo electr\u00f3nico para la atenci\u00f3n del ciudadano. Y en lo que respecta en la p\u00e1gina oficial del Partido tampoco encontramos un formulario de contacto o un tel\u00e9fono, tambi\u00e9n se centran en las plataformas sociales de contacto online. No obstante, si lo que deseas es darles tu apoyo, son formas f\u00e1ciles y r\u00e1pidas de hacerlo, adem\u00e1s de mantenerte siempre al d\u00eda con lo que publican o los eventos a los que asisten o con qui\u00e9n se re\u00fanen y conocer su opini\u00f3n al respecto y t\u00fa dar la tuya en esos casos.<\/p>\n","protected":false},"excerpt":{"rendered":"<p>Podemos, el partido pol\u00edtico joven, nacido a ra\u00edz del movimiento 15-M y con el objetivo de no callar y gobernar el pa\u00eds de forma cercana y sin \u00abtrapicheos\u00bb, se ha convertido en la tercera fuerza pol\u00edtica de Espa\u00f1a tras el [&hellip;]<\/p>\n","protected":false},"author":24,"featured_media":7391,"comment_status":"open","ping_status":"closed","sticky":false,"template":"","format":"standard","meta":{"footnotes":""},"categories":[1052],"tags":[],"class_list":["post-7387","post","type-post","status-publish","format-standard","has-post-thumbnail","hentry","category-cultura-y-sociedad"],"acf":[],"yoast_head":"<!-- This site is optimized with the Yoast SEO plugin v19.6 - https:\/\/yoast.com\/wordpress\/plugins\/seo\/ -->\n<title>C\u00f3mo contactar con Pablo Iglesias - Educaci\u00f3n Don C\u00f3mos<\/title>\n<meta name=\"description\" content=\"Pablo Iglesias es el Secretario General del Partido Podemos, si quieres hacerle llegar tus inquietudes te mostramos c\u00f3mo contactar con \u00e9l.\" \/>\n<meta name=\"robots\" content=\"index, follow, max-snippet:-1, max-image-preview:large, max-video-preview:-1\" \/>\n<meta property=\"og:locale\" content=\"es_ES\" \/>\n<meta property=\"og:type\" content=\"article\" \/>\n<meta property=\"og:title\" content=\"C\u00f3mo contactar con Pablo Iglesias - Educaci\u00f3n Don C\u00f3mos\" \/>\n<meta property=\"og:description\" content=\"Pablo Iglesias es el Secretario General del Partido Podemos, si quieres hacerle llegar tus inquietudes te mostramos c\u00f3mo contactar con \u00e9l.\" \/>\n<meta property=\"og:url\" content=\"https:\/\/doncomos.com\/educar\/contactar-pablo-iglesias\" \/>\n<meta property=\"og:site_name\" content=\"Educar Doncomos.com: Aprende de forma F\u00e1cil y Amena\" \/>\n<meta property=\"article:publisher\" content=\"https:\/\/www.facebook.com\/doncomos\" \/>\n<meta property=\"article:published_time\" content=\"2016-09-17T15:11:33+00:00\" \/>\n<meta property=\"article:modified_time\" content=\"2016-08-19T15:32:13+00:00\" \/>\n<meta property=\"og:image\" content=\"https:\/\/doncomos.com\/educar\/wp-content\/uploads\/sites\/7\/2016\/05\/C\u00f3mo-contactar-con-Pablo-Iglesias-234.jpg\" \/>\n\t<meta property=\"og:image:width\" content=\"368\" \/>\n\t<meta property=\"og:image:height\" content=\"368\" \/>\n\t<meta property=\"og:image:type\" content=\"image\/jpeg\" \/>\n<meta name=\"author\" content=\"Estefania\" \/>\n<meta name=\"twitter:card\" content=\"summary\" \/>\n<meta name=\"twitter:creator\" content=\"@doncomos\" \/>\n<meta name=\"twitter:site\" content=\"@doncomos\" \/>\n<meta name=\"twitter:label1\" content=\"Escrito por\" \/>\n\t<meta name=\"twitter:data1\" content=\"Estefania\" \/>\n\t<meta name=\"twitter:label2\" content=\"Tiempo de lectura\" \/>\n\t<meta name=\"twitter:data2\" content=\"3 minutos\" \/>\n<script type=\"application\/ld+json\" class=\"yoast-schema-graph\">{\"@context\":\"https:\/\/schema.org\",\"@graph\":[{\"@type\":\"WebPage\",\"@id\":\"https:\/\/doncomos.com\/educar\/contactar-pablo-iglesias\",\"url\":\"https:\/\/doncomos.com\/educar\/contactar-pablo-iglesias\",\"name\":\"C\u00f3mo contactar con Pablo Iglesias - Educaci\u00f3n Don C\u00f3mos\",\"isPartOf\":{\"@id\":\"https:\/\/doncomos.com\/educar\/#website\"},\"datePublished\":\"2016-09-17T15:11:33+00:00\",\"dateModified\":\"2016-08-19T15:32:13+00:00\",\"author\":{\"@id\":\"https:\/\/doncomos.com\/educar\/#\/schema\/person\/c922c95d6d9ab5c53dcc484ab2a883eb\"},\"description\":\"Pablo Iglesias es el Secretario General del Partido Podemos, si quieres hacerle llegar tus inquietudes te mostramos c\u00f3mo contactar con \u00e9l.\",\"breadcrumb\":{\"@id\":\"https:\/\/doncomos.com\/educar\/contactar-pablo-iglesias#breadcrumb\"},\"inLanguage\":\"es\",\"potentialAction\":[{\"@type\":\"ReadAction\",\"target\":[\"https:\/\/doncomos.com\/educar\/contactar-pablo-iglesias\"]}]},{\"@type\":\"BreadcrumbList\",\"@id\":\"https:\/\/doncomos.com\/educar\/contactar-pablo-iglesias#breadcrumb\",\"itemListElement\":[{\"@type\":\"ListItem\",\"position\":1,\"name\":\"Home\",\"item\":\"https:\/\/doncomos.com\/educar\"},{\"@type\":\"ListItem\",\"position\":2,\"name\":\"C\u00f3mo contactar con Pablo Iglesias\"}]},{\"@type\":\"WebSite\",\"@id\":\"https:\/\/doncomos.com\/educar\/#website\",\"url\":\"https:\/\/doncomos.com\/educar\/\",\"name\":\"Educar Doncomos.com: Aprende de forma F\u00e1cil y Amena\",\"description\":\"Educar - Ense\u00f1amos todos los c\u00f3mos sobre educaci\u00f3n de la mano de profesores\",\"potentialAction\":[{\"@type\":\"SearchAction\",\"target\":{\"@type\":\"EntryPoint\",\"urlTemplate\":\"https:\/\/doncomos.com\/educar\/?s={search_term_string}\"},\"query-input\":\"required name=search_term_string\"}],\"inLanguage\":\"es\"},{\"@type\":\"Person\",\"@id\":\"https:\/\/doncomos.com\/educar\/#\/schema\/person\/c922c95d6d9ab5c53dcc484ab2a883eb\",\"name\":\"Estefania\",\"image\":{\"@type\":\"ImageObject\",\"inLanguage\":\"es\",\"@id\":\"https:\/\/doncomos.com\/educar\/#\/schema\/person\/image\/\",\"url\":\"https:\/\/secure.gravatar.com\/avatar\/ab2e5a3323aeb1f6e421ec8396cd4a4d57a7be0fd2da2411abe9be000a854468?s=96&d=mm&r=g\",\"contentUrl\":\"https:\/\/secure.gravatar.com\/avatar\/ab2e5a3323aeb1f6e421ec8396cd4a4d57a7be0fd2da2411abe9be000a854468?s=96&d=mm&r=g\",\"caption\":\"Estefania\"},\"url\":\"https:\/\/doncomos.com\/educar\/autor\/estefania\"}]}<\/script>\n<!-- \/ Yoast SEO plugin. -->","yoast_head_json":{"title":"C\u00f3mo contactar con Pablo Iglesias - Educaci\u00f3n Don C\u00f3mos","description":"Pablo Iglesias es el Secretario General del Partido Podemos, si quieres hacerle llegar tus inquietudes te mostramos c\u00f3mo contactar con \u00e9l.","robots":{"index":"index","follow":"follow","max-snippet":"max-snippet:-1","max-image-preview":"max-image-preview:large","max-video-preview":"max-video-preview:-1"},"og_locale":"es_ES","og_type":"article","og_title":"C\u00f3mo contactar con Pablo Iglesias - Educaci\u00f3n Don C\u00f3mos","og_description":"Pablo Iglesias es el Secretario General del Partido Podemos, si quieres hacerle llegar tus inquietudes te mostramos c\u00f3mo contactar con \u00e9l.","og_url":"https:\/\/doncomos.com\/educar\/contactar-pablo-iglesias","og_site_name":"Educar Doncomos.com: Aprende de forma F\u00e1cil y Amena","article_publisher":"https:\/\/www.facebook.com\/doncomos","article_published_time":"2016-09-17T15:11:33+00:00","article_modified_time":"2016-08-19T15:32:13+00:00","og_image":[{"width":368,"height":368,"url":"https:\/\/doncomos.com\/educar\/wp-content\/uploads\/sites\/7\/2016\/05\/C\u00f3mo-contactar-con-Pablo-Iglesias-234.jpg","type":"image\/jpeg"}],"author":"Estefania","twitter_card":"summary","twitter_creator":"@doncomos","twitter_site":"@doncomos","twitter_misc":{"Escrito por":"Estefania","Tiempo de lectura":"3 minutos"},"schema":{"@context":"https:\/\/schema.org","@graph":[{"@type":"WebPage","@id":"https:\/\/doncomos.com\/educar\/contactar-pablo-iglesias","url":"https:\/\/doncomos.com\/educar\/contactar-pablo-iglesias","name":"C\u00f3mo contactar con Pablo Iglesias - Educaci\u00f3n Don C\u00f3mos","isPartOf":{"@id":"https:\/\/doncomos.com\/educar\/#website"},"datePublished":"2016-09-17T15:11:33+00:00","dateModified":"2016-08-19T15:32:13+00:00","author":{"@id":"https:\/\/doncomos.com\/educar\/#\/schema\/person\/c922c95d6d9ab5c53dcc484ab2a883eb"},"description":"Pablo Iglesias es el Secretario General del Partido Podemos, si quieres hacerle llegar tus inquietudes te mostramos c\u00f3mo contactar con \u00e9l.","breadcrumb":{"@id":"https:\/\/doncomos.com\/educar\/contactar-pablo-iglesias#breadcrumb"},"inLanguage":"es","potentialAction":[{"@type":"ReadAction","target":["https:\/\/doncomos.com\/educar\/contactar-pablo-iglesias"]}]},{"@type":"BreadcrumbList","@id":"https:\/\/doncomos.com\/educar\/contactar-pablo-iglesias#breadcrumb","itemListElement":[{"@type":"ListItem","position":1,"name":"Home","item":"https:\/\/doncomos.com\/educar"},{"@type":"ListItem","position":2,"name":"C\u00f3mo contactar con Pablo Iglesias"}]},{"@type":"WebSite","@id":"https:\/\/doncomos.com\/educar\/#website","url":"https:\/\/doncomos.com\/educar\/","name":"Educar Doncomos.com: Aprende de forma F\u00e1cil y Amena","description":"Educar - Ense\u00f1amos todos los c\u00f3mos sobre educaci\u00f3n de la mano de profesores","potentialAction":[{"@type":"SearchAction","target":{"@type":"EntryPoint","urlTemplate":"https:\/\/doncomos.com\/educar\/?s={search_term_string}"},"query-input":"required name=search_term_string"}],"inLanguage":"es"},{"@type":"Person","@id":"https:\/\/doncomos.com\/educar\/#\/schema\/person\/c922c95d6d9ab5c53dcc484ab2a883eb","name":"Estefania","image":{"@type":"ImageObject","inLanguage":"es","@id":"https:\/\/doncomos.com\/educar\/#\/schema\/person\/image\/","url":"https:\/\/secure.gravatar.com\/avatar\/ab2e5a3323aeb1f6e421ec8396cd4a4d57a7be0fd2da2411abe9be000a854468?s=96&d=mm&r=g","contentUrl":"https:\/\/secure.gravatar.com\/avatar\/ab2e5a3323aeb1f6e421ec8396cd4a4d57a7be0fd2da2411abe9be000a854468?s=96&d=mm&r=g","caption":"Estefania"},"url":"https:\/\/doncomos.com\/educar\/autor\/estefania"}]}},"_links":{"self":[{"href":"https:\/\/doncomos.com\/educar\/wp-json\/wp\/v2\/posts\/7387","targetHints":{"allow":["GET"]}}],"collection":[{"href":"https:\/\/doncomos.com\/educar\/wp-json\/wp\/v2\/posts"}],"about":[{"href":"https:\/\/doncomos.com\/educar\/wp-json\/wp\/v2\/types\/post"}],"author":[{"embeddable":true,"href":"https:\/\/doncomos.com\/educar\/wp-json\/wp\/v2\/users\/24"}],"replies":[{"embeddable":true,"href":"https:\/\/doncomos.com\/educar\/wp-json\/wp\/v2\/comments?post=7387"}],"version-history":[{"count":1,"href":"https:\/\/doncomos.com\/educar\/wp-json\/wp\/v2\/posts\/7387\/revisions"}],"predecessor-version":[{"id":7627,"href":"https:\/\/doncomos.com\/educar\/wp-json\/wp\/v2\/posts\/7387\/revisions\/7627"}],"wp:featuredmedia":[{"embeddable":true,"href":"https:\/\/doncomos.com\/educar\/wp-json\/wp\/v2\/media\/7391"}],"wp:attachment":[{"href":"https:\/\/doncomos.com\/educar\/wp-json\/wp\/v2\/media?parent=7387"}],"wp:term":[{"taxonomy":"category","embeddable":true,"href":"https:\/\/doncomos.com\/educar\/wp-json\/wp\/v2\/categories?post=7387"},{"taxonomy":"post_tag","embeddable":true,"href":"https:\/\/doncomos.com\/educar\/wp-json\/wp\/v2\/tags?post=7387"}],"curies":[{"name":"wp","href":"https:\/\/api.w.org\/{rel}","templated":true}]}}