{"id":9697,"date":"2018-05-12T06:07:44","date_gmt":"2018-05-12T05:07:44","guid":{"rendered":"http:\/\/doncomos.com\/educar\/?p=9697"},"modified":"2018-04-16T23:02:39","modified_gmt":"2018-04-16T22:02:39","slug":"como-se-escribe-echar-de-menos","status":"publish","type":"post","link":"https:\/\/doncomos.com\/educar\/como-se-escribe-echar-de-menos","title":{"rendered":"C\u00f3mo se escribe echar de menos"},"content":{"rendered":"<div id=\"toc_container\" class=\"no_bullets\"><p class=\"toc_title\">Contenido del Art&iacute;culo<\/p><ul class=\"toc_list\"><li><a href=\"#Instrucciones_para_escribir_echar_de_menos\">Instrucciones para escribir echar de menos<\/a><\/li><li><a href=\"#Que_necesitas_para_escribir_echar_de_menos\">\u00bfQue necesitas para escribir echar de menos?<\/a><\/li><li><a href=\"#Consejos_para_escribir_echar_de_menos\">Consejos para escribir echar de menos<\/a><\/li><\/ul><\/div>\n<p>Ah\u00ed est\u00e1s, escribi\u00e9ndole a ese chico que tanto te gusta. Se fue de viaje y tienes semanas sin verlo. Lo has extra\u00f1ado mucho y quieres que \u00e9l lo sepa. Deseas escribirle la nota perfecta; pero tienes un problema. <strong>\u00bfC\u00f3mo le escribes que lo echas de menos?<\/strong> \u00bfCon o sin <em>h<\/em>? \u00bf hechar de menos o echar de menos?<\/p>\n<p><strong>\u00bfPor qu\u00e9 es importante para ti <a href=\"https:\/\/doncomos.com\/educar\/como-escribir-sin-errores-de-ortografia\">escribir correctamente<\/a> <em>echar de menos? <\/em><\/strong>Primero, tu nota no se ver\u00e1 muy bonita con errores ortogr\u00e1ficos. Segundo, no quieres parecer inculta ante ese chico tan guapo. Y tercero, quieres que \u00e9l entienda exactamente lo que t\u00fa quieres expresarle. \u00a1Vamos! Que todos estos motivos valen: sea el est\u00e9tico, el educativo o el ling\u00fc\u00edstico.<\/p>\n<p><strong>Vamos a ayudarte a escribir correctamente tu mensaje de amor<\/strong>. Que el chico se alegre cuando lo reciba. Aqu\u00ed te lo explicaremos todo, para que no vuelvas a tener incertidumbre alguna sobre el uso del verbo echar. As\u00ed, cuando vuelvas a escribir una carta de amor, no echar\u00e1s las hojas arrugadas a la basura. Te explicaremos su etimolog\u00eda, su significado y sus usos. Ahora, \u00a1a aclarar tus dudas!<\/p>\n<p><img loading=\"lazy\" decoding=\"async\" class=\"wp-image-9701 aligncenter\" src=\"https:\/\/doncomos.com\/educar\/wp-content\/uploads\/sites\/7\/2018\/01\/C\u00f3mo-se-escribe-echar-de-menos-655.jpg\" alt=\"echar de menos\" width=\"500\" height=\"332\" srcset=\"https:\/\/doncomos.com\/educar\/wp-content\/uploads\/sites\/7\/2018\/01\/C\u00f3mo-se-escribe-echar-de-menos-655.jpg 276w, https:\/\/doncomos.com\/educar\/wp-content\/uploads\/sites\/7\/2018\/01\/C\u00f3mo-se-escribe-echar-de-menos-655-270x179.jpg 270w\" sizes=\"auto, (max-width: 500px) 100vw, 500px\" \/><\/p>\n<div align=\"center\"><!-- Doncomos Educar Enlaces Adaptable -->\n                                       <ins class=\"adsbygoogle\"\n                                            style=\"display:block; height:90px;\"\n                                            data-ad-client=\"ca-pub-7889333885495326\"\n                                            data-ad-slot=\"1590071393\"\n                                            data-ad-format=\"link\"><\/ins>\n                                       <script>\n                                       (adsbygoogle = window.adsbygoogle || []).push({});\n                                       <\/script><div id=\"div-video-intext\"><\/div><\/div><div class='single-functions-top-instrucciones'><h2 class='h2-title-single'><span id=\"Instrucciones_para_escribir_echar_de_menos\">Instrucciones para escribir echar de menos<\/span><\/h2><blockquote-content><ol>\n<li><strong>Ya habr\u00e1s notado que anteriormente escribimos <em>echar<\/em><\/strong>. Entonces, ya sabes que esta es la escritura correcta de la palabra.<\/li>\n<li><strong>Empecemos por aprender por qu\u00e9 no se escribe <em>echar <\/em>con<em> h, <\/em>como<a href=\"https:\/\/doncomos.com\/educar\/hechar-echar\"><em> hacer<\/em><\/a>. <\/strong>F\u00e1cil, echar no forma parte del paradigma verbal de <em>hacer<\/em>, es un verbo diferente.<\/li>\n<li><strong>Echar, pertenece a la primera conjugaci\u00f3n (verbos terminados en <em>\u2013ar<\/em>); y hacer, a la segunda (verbos terminados en <em>\u2013er<\/em>)<\/strong>. No hay raz\u00f3n para que los confundas.<\/li>\n<li><strong>Los verbos echar y hacer provienen del lat\u00edn; de <\/strong><em><strong>iact\u0101re, el primero; de fac\u0115re, el segundo.<\/strong><\/em><\/li>\n<li><strong>Tanto echar como hacer tienen m\u00faltiples acepciones, enfoqu\u00e9monos en las principales. <\/strong><em>Echar<\/em> significa por un lado arrojar o lanzar; y por el otro, pavonearse. En cuanto a <em>hacer<\/em>, el primer significado que se nos viene a la cabeza es producir.<\/li>\n<div align=\"center\"><!-- Doncomos Educar 336 x 280 -->\n                                <ins class=\"adsbygoogle\"\n                                     style=\"display:inline-block;width:336px;height:280px\"\n                                     data-ad-client=\"ca-pub-7889333885495326\"\n                                     data-ad-slot=\"7649523894\"><\/ins>\n                                <script>\n                                (adsbygoogle = window.adsbygoogle || []).push({});\n                                <\/script><\/div><li><strong>Pensemos ahora en los usos que pueden suscitar dudas. <\/strong>Nos podemos concentrar en tres: hecho\/echo, hechas\/echas y hecha\/echa.<\/li>\n<li><img loading=\"lazy\" decoding=\"async\" class=\"wp-image-9700 aligncenter\" src=\"https:\/\/doncomos.com\/educar\/wp-content\/uploads\/sites\/7\/2018\/01\/C\u00f3mo-se-escribe-echar-de-menos-390.png\" alt=\"echar de menos\" width=\"500\" height=\"273\" srcset=\"https:\/\/doncomos.com\/educar\/wp-content\/uploads\/sites\/7\/2018\/01\/C\u00f3mo-se-escribe-echar-de-menos-390.png 304w, https:\/\/doncomos.com\/educar\/wp-content\/uploads\/sites\/7\/2018\/01\/C\u00f3mo-se-escribe-echar-de-menos-390-300x164.png 300w, https:\/\/doncomos.com\/educar\/wp-content\/uploads\/sites\/7\/2018\/01\/C\u00f3mo-se-escribe-echar-de-menos-390-270x147.png 270w\" sizes=\"auto, (max-width: 500px) 100vw, 500px\" \/><\/li>\n<li><strong>En primer lugar, nos encontramos con el sustantivo <em>hecho<\/em>.<\/strong> Por ejemplo, un periodista nos puede relatar los hechos relacionados con un accidente. Para no confundirte, solo trata de anteponerle un art\u00edculo a <em>echo,<\/em> o pluralizarlo, en <em>Te echo de menos<\/em>, y ver\u00e1s que no tiene sentido.<\/li>\n<li><strong><em>En segundo lugar, <\/em>usamos mucho <a href=\"https:\/\/doncomos.com\/educar\/se-escribe-hecho-echo\"><em>hecho<\/em><\/a> para indicar el origen de un producto: <em>Hecho en Espa\u00f1a<\/em><\/strong>. Pero tambi\u00e9n podemos escribir <em>Hecha por Mar\u00eda<\/em> o <em>Hechas por Rosa<\/em>. \u00bfPor qu\u00e9 puede aparecer en masculino, femenino, singular o plural? Porque estamos frente a una forma pasiva. Significa \u2018ha(n) sido hecho\/a(s) en alg\u00fan lugar o por alguien\u2019.<\/li>\n<li><strong>En tercer lugar, <em>hecho<\/em> es el participio del verbo haber y lo utilizamos en los tiempos compuestos, por ejemplo en <em>He hecho la cena<\/em><\/strong>. F\u00edjate bien, siempre aparece con el auxiliar <em>haber<\/em><\/li>\n<li><strong>\u00bfC\u00f3mo hacemos los tiempos compuestos de echar?<\/strong> Nunca escribir\u00e1s oraciones como: <em>*he hecho de menos<\/em>, o <em>*he hecho la sal en la sopa<\/em>; sino <em>Te he echado de menos<\/em> y <em>He echado la sal en la sopa<\/em>.<\/li>\n<li><strong>Ahora comparemos los participios de los dos verbos.<\/strong> El participio de <em>hacer<\/em>, es <em>hecho<\/em>; el de <em>echar<\/em>, es <em>echado<\/em>. No hay confusi\u00f3n posible.<\/li>\n<li><strong>Ahora, dediqu\u00e9monos a conocer a echar, un verbo muy vers\u00e1til<\/strong>. Lo podemos encontrar en muchos contextos, con usos diferentes.<\/li>\n<li><strong>Cuando aparece como verbo principal, <em>echar<\/em> es un verbo transitivo.<\/strong> Como ejemplos, tenemos <em>echar: la basura en el cesto<\/em>, <em>m\u00e1s az\u00facar al caf\u00e9 <\/em>o<em> a un extra\u00f1o de la casa<\/em>.<\/li>\n<li><strong>Puede formar parte de una per\u00edfrasis verbal<\/strong>. Echar es all\u00ed un verbo auxiliar que acompa\u00f1a a alg\u00fan verbo intransitivo. Su valor es incoativo, porque se usa para se\u00f1alar el inicio de la acci\u00f3n expresada por el verbo principal. Por tanto en el ejemplo <em>ella<\/em> <em>se ech\u00f3 a dormir<\/em>, tenemos que ella se fue a dormir recientemente. Como puedes ver, entre el verbo auxiliar y el principal, est\u00e1 la preposici\u00f3n <em>\u201ca\u201d.<\/em><\/li>\n<li><strong>Por \u00faltimo, tambi\u00e9n puede formar parte de una locuci\u00f3n verbal transitiva, como <em>echar de menos<\/em> o <em>echar en falta<\/em>. <\/strong>Estas expresiones significan, \u2018sentir la ausencia de algo o alguien\u2019, o \u2018extra\u00f1ar algo o a alguien\u2019. Es lo mismo decir <em>Juan echa de menos a Mar\u00eda<\/em>, que <em>Juan extra\u00f1a a Mar\u00eda<\/em>.<\/li>\n<li><strong>En alg\u00fan momento, se us\u00f3 <em>echar menos<\/em>, sin la preposici\u00f3n.<\/strong> Sin embargo, no te preocupes. El <em>Diccionario panhisp\u00e1nico de dudas<\/em> lo declara en desuso desde hace m\u00e1s de dos siglos.<\/li>\n<li><strong>Ahora, veamos de d\u00f3nde proviene la expresi\u00f3n <em>echar de menos<\/em><\/strong>. Se acredita su origen al <em>achar menos<\/em> del portugu\u00e9s; pero no te confundas, si revisas un diccionario de esa lengua, <em>achar<\/em> significar \u2018hallar o encontrar\u2019<\/li>\n<\/ol>\n<\/blockquote-content><\/div>\n<div align=\"center\"><!-- Doncomos Educar 336 x 280 -->\n                                <ins class=\"adsbygoogle\"\n                                     style=\"display:inline-block;width:336px;height:280px\"\n                                     data-ad-client=\"ca-pub-7889333885495326\"\n                                     data-ad-slot=\"7649523894\"><\/ins>\n                                <script>\n                                (adsbygoogle = window.adsbygoogle || []).push({});\n                                <\/script><\/div><div class='single-functions-div-instrucciones2'><h2 class='h2-title-single'><span id=\"Que_necesitas_para_escribir_echar_de_menos\">\u00bfQue necesitas para escribir echar de menos?<\/span><\/h2><blockquote-content><ul>\n<li class='single-functions-li-instrucciones'><input class='single-functions-instrucciones' type='checkbox'> <strong>Alguien a quien extra\u00f1ar.<\/strong><\/li>\n<li class='single-functions-li-instrucciones'><input class='single-functions-instrucciones' type='checkbox'> <strong>El <a href=\"http:\/\/www.rae.es\/recursos\/diccionarios\/dpd\" class=\"external\" rel=\"nofollow\" target=\"_blank\"><em>Diccionario panhisp\u00e1nico de dudas<\/em><\/a><\/strong> puede ayudarte mucho a aclarar esta incertidumbre. Le presta una especial atenci\u00f3n al verbo <em>echar<\/em>.<\/li>\n<li class='single-functions-li-instrucciones'><input class='single-functions-instrucciones' type='checkbox'> Leer sobre ortograf\u00eda regularmente.<\/li>\n<\/ul>\n<p><img loading=\"lazy\" decoding=\"async\" class=\"aligncenter wp-image-9702\" src=\"https:\/\/doncomos.com\/educar\/wp-content\/uploads\/sites\/7\/2018\/01\/C\u00f3mo-se-escribe-echar-de-menos-887.jpg\" alt=\"echar de menos\" width=\"500\" height=\"333\" srcset=\"https:\/\/doncomos.com\/educar\/wp-content\/uploads\/sites\/7\/2018\/01\/C\u00f3mo-se-escribe-echar-de-menos-887.jpg 275w, https:\/\/doncomos.com\/educar\/wp-content\/uploads\/sites\/7\/2018\/01\/C\u00f3mo-se-escribe-echar-de-menos-887-270x180.jpg 270w\" sizes=\"auto, (max-width: 500px) 100vw, 500px\" \/><\/p>\n<p>&nbsp;<\/p>\n<\/blockquote-content><\/div>\n<div class='single-functions-consejos'><h2 class='h2-title-single'><span id=\"Consejos_para_escribir_echar_de_menos\">Consejos para escribir echar de menos<\/span><\/h2><blockquote-content><ol>\n<li><strong>Ya sabes: <em>hacer<\/em>, con h; <em>echar<\/em>, sin <em>h<\/em><\/strong>.<\/li>\n<li><strong>Si vuelves a sentir dudas, piensa en el infinitivo del verbo<\/strong>. En T<em>e echo de menos<\/em>, piensa en <em>echar <\/em>(primera conjugaci\u00f3n); y en <em>te hago la comida<\/em>, en <em>hacer <\/em>(segunda conjugaci\u00f3n).<\/li>\n<li><strong>Nunca le pongas una <em>h<\/em> a <em>echar<\/em>. <\/strong>No importa en qu\u00e9 contexto: que <em>eches de menos, en falta, a dormir, el az\u00facar al caf\u00e9<\/em>. No dudes.<\/li>\n<li><strong>Siempre que eches de menos a alguien, hazlo sin <em>h<\/em>.<\/strong><\/li>\n<\/ol>\n<\/blockquote-content><\/div>\n","protected":false},"excerpt":{"rendered":"<p>Ah\u00ed est\u00e1s, escribi\u00e9ndole a ese chico que tanto te gusta. Se fue de viaje y tienes semanas sin verlo. Lo has extra\u00f1ado mucho y quieres que \u00e9l lo sepa. Deseas escribirle la nota perfecta; pero tienes un problema. \u00bfC\u00f3mo le [&hellip;]<\/p>\n","protected":false},"author":62,"featured_media":9438,"comment_status":"open","ping_status":"closed","sticky":false,"template":"","format":"standard","meta":{"footnotes":""},"categories":[1093,1146],"tags":[1120],"class_list":["post-9697","post","type-post","status-publish","format-standard","has-post-thumbnail","hentry","category-ensenar-a-escribir","category-idiomas","tag-ortografia"],"acf":[],"yoast_head":"<!-- This site is optimized with the Yoast SEO plugin v19.6 - https:\/\/yoast.com\/wordpress\/plugins\/seo\/ -->\n<title>C\u00f3mo se escribe echar de menos - Educaci\u00f3n Don C\u00f3mos<\/title>\n<meta name=\"description\" content=\"Los verbos echar y hacer provienen del lat\u00edn; de iact\u0101re, el primero; de fac\u0115re, el segundo. Tanto echar como hacer tienen m\u00faltiples acepciones, enfoqu\u00e9monos en las principales. Aprende c\u00f3mo se escribe echar de menos.\" \/>\n<meta name=\"robots\" content=\"index, follow, max-snippet:-1, max-image-preview:large, max-video-preview:-1\" \/>\n<meta property=\"og:locale\" content=\"es_ES\" \/>\n<meta property=\"og:type\" content=\"article\" \/>\n<meta property=\"og:title\" content=\"C\u00f3mo se escribe echar de menos - Educaci\u00f3n Don C\u00f3mos\" \/>\n<meta property=\"og:description\" content=\"Los verbos echar y hacer provienen del lat\u00edn; de iact\u0101re, el primero; de fac\u0115re, el segundo. Tanto echar como hacer tienen m\u00faltiples acepciones, enfoqu\u00e9monos en las principales. Aprende c\u00f3mo se escribe echar de menos.\" \/>\n<meta property=\"og:url\" content=\"https:\/\/doncomos.com\/educar\/como-se-escribe-echar-de-menos\" \/>\n<meta property=\"og:site_name\" content=\"Educar Doncomos.com: Aprende de forma F\u00e1cil y Amena\" \/>\n<meta property=\"article:publisher\" content=\"https:\/\/www.facebook.com\/doncomos\" \/>\n<meta property=\"article:published_time\" content=\"2018-05-12T05:07:44+00:00\" \/>\n<meta property=\"article:modified_time\" content=\"2018-04-16T22:02:39+00:00\" \/>\n<meta property=\"og:image\" content=\"https:\/\/doncomos.com\/educar\/wp-content\/uploads\/sites\/7\/2017\/12\/Como-se-escribe-trescientos-o-trecientos-543.jpg\" \/>\n\t<meta property=\"og:image:width\" content=\"600\" \/>\n\t<meta property=\"og:image:height\" content=\"400\" \/>\n\t<meta property=\"og:image:type\" content=\"image\/jpeg\" \/>\n<meta name=\"author\" content=\"G\u00e9nesis\" \/>\n<meta name=\"twitter:card\" content=\"summary\" \/>\n<meta name=\"twitter:creator\" content=\"@twitter.com \u203a Gnesis83839134\" \/>\n<meta name=\"twitter:site\" content=\"@doncomos\" \/>\n<meta name=\"twitter:label1\" content=\"Escrito por\" \/>\n\t<meta name=\"twitter:data1\" content=\"G\u00e9nesis\" \/>\n\t<meta name=\"twitter:label2\" content=\"Tiempo de lectura\" \/>\n\t<meta name=\"twitter:data2\" content=\"1 minuto\" \/>\n<script type=\"application\/ld+json\" class=\"yoast-schema-graph\">{\"@context\":\"https:\/\/schema.org\",\"@graph\":[{\"@type\":\"WebPage\",\"@id\":\"https:\/\/doncomos.com\/educar\/como-se-escribe-echar-de-menos\",\"url\":\"https:\/\/doncomos.com\/educar\/como-se-escribe-echar-de-menos\",\"name\":\"C\u00f3mo se escribe echar de menos - Educaci\u00f3n Don C\u00f3mos\",\"isPartOf\":{\"@id\":\"https:\/\/doncomos.com\/educar\/#website\"},\"datePublished\":\"2018-05-12T05:07:44+00:00\",\"dateModified\":\"2018-04-16T22:02:39+00:00\",\"author\":{\"@id\":\"https:\/\/doncomos.com\/educar\/#\/schema\/person\/cd69075ee37d261d08cf9ffc10b29dde\"},\"description\":\"Los verbos echar y hacer provienen del lat\u00edn; de iact\u0101re, el primero; de fac\u0115re, el segundo. Tanto echar como hacer tienen m\u00faltiples acepciones, enfoqu\u00e9monos en las principales. Aprende c\u00f3mo se escribe echar de menos.\",\"breadcrumb\":{\"@id\":\"https:\/\/doncomos.com\/educar\/como-se-escribe-echar-de-menos#breadcrumb\"},\"inLanguage\":\"es\",\"potentialAction\":[{\"@type\":\"ReadAction\",\"target\":[\"https:\/\/doncomos.com\/educar\/como-se-escribe-echar-de-menos\"]}]},{\"@type\":\"BreadcrumbList\",\"@id\":\"https:\/\/doncomos.com\/educar\/como-se-escribe-echar-de-menos#breadcrumb\",\"itemListElement\":[{\"@type\":\"ListItem\",\"position\":1,\"name\":\"Home\",\"item\":\"https:\/\/doncomos.com\/educar\"},{\"@type\":\"ListItem\",\"position\":2,\"name\":\"C\u00f3mo se escribe echar de menos\"}]},{\"@type\":\"WebSite\",\"@id\":\"https:\/\/doncomos.com\/educar\/#website\",\"url\":\"https:\/\/doncomos.com\/educar\/\",\"name\":\"Educar Doncomos.com: Aprende de forma F\u00e1cil y Amena\",\"description\":\"Educar - Ense\u00f1amos todos los c\u00f3mos sobre educaci\u00f3n de la mano de profesores\",\"potentialAction\":[{\"@type\":\"SearchAction\",\"target\":{\"@type\":\"EntryPoint\",\"urlTemplate\":\"https:\/\/doncomos.com\/educar\/?s={search_term_string}\"},\"query-input\":\"required name=search_term_string\"}],\"inLanguage\":\"es\"},{\"@type\":\"Person\",\"@id\":\"https:\/\/doncomos.com\/educar\/#\/schema\/person\/cd69075ee37d261d08cf9ffc10b29dde\",\"name\":\"G\u00e9nesis\",\"image\":{\"@type\":\"ImageObject\",\"inLanguage\":\"es\",\"@id\":\"https:\/\/doncomos.com\/educar\/#\/schema\/person\/image\/\",\"url\":\"https:\/\/secure.gravatar.com\/avatar\/46333e3e29b1f29bc7ce089606b3ea291627561f954bf6aee907bf309273cfed?s=96&d=mm&r=g\",\"contentUrl\":\"https:\/\/secure.gravatar.com\/avatar\/46333e3e29b1f29bc7ce089606b3ea291627561f954bf6aee907bf309273cfed?s=96&d=mm&r=g\",\"caption\":\"G\u00e9nesis\"},\"description\":\"Dedicada a la redacci\u00f3n de contenidos de calidad, correcci\u00f3n de estilo y actualizaci\u00f3n de la informaci\u00f3n; con experiencia en gesti\u00f3n de informaci\u00f3n veraz y estrategias de comprensi\u00f3n lectora.\",\"sameAs\":[\"https:\/\/pe.linkedin.com \u203a genesis-leon-s-\",\"https:\/\/twitter.com\/twitter.com \u203a Gnesis83839134\"],\"url\":\"https:\/\/doncomos.com\/educar\/autor\/beatriz\"}]}<\/script>\n<!-- \/ Yoast SEO plugin. -->","yoast_head_json":{"title":"C\u00f3mo se escribe echar de menos - Educaci\u00f3n Don C\u00f3mos","description":"Los verbos echar y hacer provienen del lat\u00edn; de iact\u0101re, el primero; de fac\u0115re, el segundo. Tanto echar como hacer tienen m\u00faltiples acepciones, enfoqu\u00e9monos en las principales. Aprende c\u00f3mo se escribe echar de menos.","robots":{"index":"index","follow":"follow","max-snippet":"max-snippet:-1","max-image-preview":"max-image-preview:large","max-video-preview":"max-video-preview:-1"},"og_locale":"es_ES","og_type":"article","og_title":"C\u00f3mo se escribe echar de menos - Educaci\u00f3n Don C\u00f3mos","og_description":"Los verbos echar y hacer provienen del lat\u00edn; de iact\u0101re, el primero; de fac\u0115re, el segundo. Tanto echar como hacer tienen m\u00faltiples acepciones, enfoqu\u00e9monos en las principales. Aprende c\u00f3mo se escribe echar de menos.","og_url":"https:\/\/doncomos.com\/educar\/como-se-escribe-echar-de-menos","og_site_name":"Educar Doncomos.com: Aprende de forma F\u00e1cil y Amena","article_publisher":"https:\/\/www.facebook.com\/doncomos","article_published_time":"2018-05-12T05:07:44+00:00","article_modified_time":"2018-04-16T22:02:39+00:00","og_image":[{"width":600,"height":400,"url":"https:\/\/doncomos.com\/educar\/wp-content\/uploads\/sites\/7\/2017\/12\/Como-se-escribe-trescientos-o-trecientos-543.jpg","type":"image\/jpeg"}],"author":"G\u00e9nesis","twitter_card":"summary","twitter_creator":"@twitter.com \u203a Gnesis83839134","twitter_site":"@doncomos","twitter_misc":{"Escrito por":"G\u00e9nesis","Tiempo de lectura":"1 minuto"},"schema":{"@context":"https:\/\/schema.org","@graph":[{"@type":"WebPage","@id":"https:\/\/doncomos.com\/educar\/como-se-escribe-echar-de-menos","url":"https:\/\/doncomos.com\/educar\/como-se-escribe-echar-de-menos","name":"C\u00f3mo se escribe echar de menos - Educaci\u00f3n Don C\u00f3mos","isPartOf":{"@id":"https:\/\/doncomos.com\/educar\/#website"},"datePublished":"2018-05-12T05:07:44+00:00","dateModified":"2018-04-16T22:02:39+00:00","author":{"@id":"https:\/\/doncomos.com\/educar\/#\/schema\/person\/cd69075ee37d261d08cf9ffc10b29dde"},"description":"Los verbos echar y hacer provienen del lat\u00edn; de iact\u0101re, el primero; de fac\u0115re, el segundo. Tanto echar como hacer tienen m\u00faltiples acepciones, enfoqu\u00e9monos en las principales. Aprende c\u00f3mo se escribe echar de menos.","breadcrumb":{"@id":"https:\/\/doncomos.com\/educar\/como-se-escribe-echar-de-menos#breadcrumb"},"inLanguage":"es","potentialAction":[{"@type":"ReadAction","target":["https:\/\/doncomos.com\/educar\/como-se-escribe-echar-de-menos"]}]},{"@type":"BreadcrumbList","@id":"https:\/\/doncomos.com\/educar\/como-se-escribe-echar-de-menos#breadcrumb","itemListElement":[{"@type":"ListItem","position":1,"name":"Home","item":"https:\/\/doncomos.com\/educar"},{"@type":"ListItem","position":2,"name":"C\u00f3mo se escribe echar de menos"}]},{"@type":"WebSite","@id":"https:\/\/doncomos.com\/educar\/#website","url":"https:\/\/doncomos.com\/educar\/","name":"Educar Doncomos.com: Aprende de forma F\u00e1cil y Amena","description":"Educar - Ense\u00f1amos todos los c\u00f3mos sobre educaci\u00f3n de la mano de profesores","potentialAction":[{"@type":"SearchAction","target":{"@type":"EntryPoint","urlTemplate":"https:\/\/doncomos.com\/educar\/?s={search_term_string}"},"query-input":"required name=search_term_string"}],"inLanguage":"es"},{"@type":"Person","@id":"https:\/\/doncomos.com\/educar\/#\/schema\/person\/cd69075ee37d261d08cf9ffc10b29dde","name":"G\u00e9nesis","image":{"@type":"ImageObject","inLanguage":"es","@id":"https:\/\/doncomos.com\/educar\/#\/schema\/person\/image\/","url":"https:\/\/secure.gravatar.com\/avatar\/46333e3e29b1f29bc7ce089606b3ea291627561f954bf6aee907bf309273cfed?s=96&d=mm&r=g","contentUrl":"https:\/\/secure.gravatar.com\/avatar\/46333e3e29b1f29bc7ce089606b3ea291627561f954bf6aee907bf309273cfed?s=96&d=mm&r=g","caption":"G\u00e9nesis"},"description":"Dedicada a la redacci\u00f3n de contenidos de calidad, correcci\u00f3n de estilo y actualizaci\u00f3n de la informaci\u00f3n; con experiencia en gesti\u00f3n de informaci\u00f3n veraz y estrategias de comprensi\u00f3n lectora.","sameAs":["https:\/\/pe.linkedin.com \u203a genesis-leon-s-","https:\/\/twitter.com\/twitter.com \u203a Gnesis83839134"],"url":"https:\/\/doncomos.com\/educar\/autor\/beatriz"}]}},"_links":{"self":[{"href":"https:\/\/doncomos.com\/educar\/wp-json\/wp\/v2\/posts\/9697","targetHints":{"allow":["GET"]}}],"collection":[{"href":"https:\/\/doncomos.com\/educar\/wp-json\/wp\/v2\/posts"}],"about":[{"href":"https:\/\/doncomos.com\/educar\/wp-json\/wp\/v2\/types\/post"}],"author":[{"embeddable":true,"href":"https:\/\/doncomos.com\/educar\/wp-json\/wp\/v2\/users\/62"}],"replies":[{"embeddable":true,"href":"https:\/\/doncomos.com\/educar\/wp-json\/wp\/v2\/comments?post=9697"}],"version-history":[{"count":1,"href":"https:\/\/doncomos.com\/educar\/wp-json\/wp\/v2\/posts\/9697\/revisions"}],"predecessor-version":[{"id":9706,"href":"https:\/\/doncomos.com\/educar\/wp-json\/wp\/v2\/posts\/9697\/revisions\/9706"}],"wp:featuredmedia":[{"embeddable":true,"href":"https:\/\/doncomos.com\/educar\/wp-json\/wp\/v2\/media\/9438"}],"wp:attachment":[{"href":"https:\/\/doncomos.com\/educar\/wp-json\/wp\/v2\/media?parent=9697"}],"wp:term":[{"taxonomy":"category","embeddable":true,"href":"https:\/\/doncomos.com\/educar\/wp-json\/wp\/v2\/categories?post=9697"},{"taxonomy":"post_tag","embeddable":true,"href":"https:\/\/doncomos.com\/educar\/wp-json\/wp\/v2\/tags?post=9697"}],"curies":[{"name":"wp","href":"https:\/\/api.w.org\/{rel}","templated":true}]}}