{"id":9814,"date":"2018-05-14T20:32:37","date_gmt":"2018-05-14T19:32:37","guid":{"rendered":"http:\/\/doncomos.com\/educar\/?p=9814"},"modified":"2018-04-16T23:02:47","modified_gmt":"2018-04-16T22:02:47","slug":"quien-invento-la-radio","status":"publish","type":"post","link":"https:\/\/doncomos.com\/educar\/quien-invento-la-radio","title":{"rendered":"Qui\u00e9n invent\u00f3 la radio"},"content":{"rendered":"<div id=\"toc_container\" class=\"no_bullets\"><p class=\"toc_title\">Contenido del Art&iacute;culo<\/p><ul class=\"toc_list\"><li><a href=\"#Un_poco_de_historia\">Un poco de historia<\/a><\/li><li><a href=\"#Instrucciones\">Instrucciones<\/a><\/li><li><a href=\"#Tesla_o_Marconi\">\u00bfTesla o Marconi?<\/a><\/li><li><a href=\"#Que_Necesitas\">Que Necesitas<\/a><\/li><li><a href=\"#Consejos\">Consejos<\/a><\/li><\/ul><\/div>\n<p>\u00bf<strong>Qui\u00e9n no conoce la radio<\/strong>? Este maravilloso invento ha cumplido m\u00faltiples funciones a lo largo de la historia de la humanidad. Sin embargo, como ha sucedido con muchas de las m\u00e1s famosas invenciones; como <a href=\"https:\/\/doncomos.com\/educar\/quien-invento-la-bombilla\/\">la bombilla<\/a> o <a href=\"https:\/\/doncomos.com\/educar\/quien-invento-el-telefono\/\">el tel\u00e9fono<\/a>, siempre salen a relucir varios personajes en lucha del t\u00edtulo: inventor de\u2026<\/p>\n<p>Para nadie es un secreto que aquellos grandes <strong>cient\u00edficos y pensadores<\/strong> siempre ten\u00edan con recelo sus ideas escondidas hasta perfeccionarlas. Por lo cual, cuando nos vamos a los libros de historia, no encontramos pasajes que nos cuenten las verdaderas peripecias, encontronazos y padecimiento que tuvieron que soportar para ganarse el nombre de inventores.<\/p>\n<p>\u00a1Venga!, que nada m\u00e1s con teclear un poco en la web nos encontramos con nombres que se enfrentan por el protagonismo. Pero f\u00edjate bien que no es lo mismo <strong>la radiocomunicaci\u00f3n<\/strong> que la invenci\u00f3n de los aparatos que prototipito la radio. Porque no es que se deba ver como una lucha, pues si m\u00e1s bien lo tomamos como aportes que pulen una gran idea; entonces nos encontramos con el \u201ccad\u00e1ver exquisito\u201d de la radio.<\/p>\n<h2><span id=\"Un_poco_de_historia\">Un poco de historia<\/span><\/h2>\n<p><img loading=\"lazy\" decoding=\"async\" class=\"size-full wp-image-9815 aligncenter\" src=\"https:\/\/doncomos.com\/educar\/wp-content\/uploads\/sites\/7\/2018\/02\/Qui\u00e9n-invent\u00f3-la-radio-511.jpg\" alt=\"radio\" width=\"622\" height=\"460\" srcset=\"https:\/\/doncomos.com\/educar\/wp-content\/uploads\/sites\/7\/2018\/02\/Qui\u00e9n-invent\u00f3-la-radio-511.jpg 622w, https:\/\/doncomos.com\/educar\/wp-content\/uploads\/sites\/7\/2018\/02\/Qui\u00e9n-invent\u00f3-la-radio-511-300x222.jpg 300w, https:\/\/doncomos.com\/educar\/wp-content\/uploads\/sites\/7\/2018\/02\/Qui\u00e9n-invent\u00f3-la-radio-511-270x200.jpg 270w\" sizes=\"auto, (max-width: 622px) 100vw, 622px\" \/><\/p>\n<p>Si nos ponemos a narrarte la historia completa; desde el descubrimiento de <strong>las ondas de radio,<\/strong> hasta la actualidad me temo que te duermes. Pero con un poco de ingenio te haremos un recuento breve; para que coja un tanto sentido el argumento que queremos exponerte m\u00e1s adelante. A fin de cuentas, que para hablar de historia hace falta un poquit\u00edn de narrativa; y nada mal si con buen humor se redacta.<\/p>\n<div align=\"center\"><!-- Doncomos Educar Enlaces Adaptable -->\n                                       <ins class=\"adsbygoogle\"\n                                            style=\"display:block; height:90px;\"\n                                            data-ad-client=\"ca-pub-7889333885495326\"\n                                            data-ad-slot=\"1590071393\"\n                                            data-ad-format=\"link\"><\/ins>\n                                       <script>\n                                       (adsbygoogle = window.adsbygoogle || []).push({});\n                                       <\/script><div id=\"div-video-intext\"><\/div><\/div><div class='single-functions-top-instrucciones'><h2 class='h2-title-single'><span id=\"Instrucciones\">Instrucciones<\/span><\/h2><blockquote-content><p>Resulta que ya hace un tiempo por el 1873, el famoso\u00a0<a href=\"https:\/\/es.wikipedia.org\/wiki\/James_Clerk_Maxwell\" class=\"external\" rel=\"nofollow\" target=\"_blank\">James Clerk Maxwell<\/a> inici\u00f3 los estudios sobre la descripci\u00f3n de las ondas electromagn\u00e9ticas; que no son m\u00e1s que las ondas de radio. Explicando su <strong>\u201cTeor\u00eda din\u00e1mica del campo electromagn\u00e9tico\u201d<\/strong>, dej\u00f3 claro la variabilidad de los campos electromagn\u00e9ticos y sus desplazamientos en el espacio.<\/p>\n<p>Te preguntar\u00e1s ahora: \u00bfQu\u00e9 tiene que ver esto con la radio?, pues mucho. Un poco de ciencia por favor, y sentido com\u00fan; que todo invento tiene una teor\u00eda de base. Como al igual que t\u00fa, muchos en la \u00e9poca quedaron en blanco con esta teor\u00eda, hasta que apareci\u00f3 <a href=\"https:\/\/es.wikipedia.org\/wiki\/Heinrich_Rudolf_Hertz\" class=\"external\" rel=\"nofollow\" target=\"_blank\">Heinrich Rudolf Hertz<\/a>; qui\u00e9n fue el primero en <strong>recrear artificialmente las ondas a partir de la teor\u00eda de Maxwell.<\/strong><\/p>\n<p>Entonces, la gente le ve sentido al asunto cuando por fin las caracter\u00edsticas estudiadas a partir del an\u00e1lisis de las ondas; por medio de un dispositivo de dos barras met\u00e1licas, se pudieron traducir en \u201cecuaciones\u201d: mejor conocidas como <strong>\u201cecuaci\u00f3n de onda\u201d.<\/strong><\/p>\n<p>Cuando Hertz demuestra que <strong>las ondas electromagn\u00e9ticas se pueden propagar casi con la misma velocidad de la luz<\/strong>, es que empieza lo bueno. Este descubrimiento te\u00f3rico es la base del env\u00edo y trasmisi\u00f3n de las se\u00f1ales de radio. Y t\u00fa que pensabas que os n\u00fameros no serv\u00edan de mucho\u2026 Pues, ahora puedes sorprenderte; porque este brillante hallazgo es que pasaron a llamarse \u201c<strong>ondas hertzianas\u201d.<\/strong><\/p>\n<p><img loading=\"lazy\" decoding=\"async\" class=\"size-full wp-image-9816 aligncenter\" src=\"https:\/\/doncomos.com\/educar\/wp-content\/uploads\/sites\/7\/2018\/02\/Qui\u00e9n-invent\u00f3-la-radio-214.png\" alt=\"radio\" width=\"640\" height=\"470\" srcset=\"https:\/\/doncomos.com\/educar\/wp-content\/uploads\/sites\/7\/2018\/02\/Qui\u00e9n-invent\u00f3-la-radio-214.png 640w, https:\/\/doncomos.com\/educar\/wp-content\/uploads\/sites\/7\/2018\/02\/Qui\u00e9n-invent\u00f3-la-radio-214-300x220.png 300w, https:\/\/doncomos.com\/educar\/wp-content\/uploads\/sites\/7\/2018\/02\/Qui\u00e9n-invent\u00f3-la-radio-214-270x198.png 270w\" sizes=\"auto, (max-width: 640px) 100vw, 640px\" \/><\/p>\n<h2><span id=\"Tesla_o_Marconi\">\u00bfTesla o Marconi?<\/span><\/h2>\n<p>La primera transmisi\u00f3n radiof\u00f3nica fue realizada por el reconocido <strong>Guglielmo Marconi<\/strong>. Este italiano comercializ\u00f3 exitosamente la <strong>telegraf\u00eda inal\u00e1mbrica<\/strong> en la \u00e9poca, bas\u00e1ndose en la transmisi\u00f3n de ondas hertzinanas. Marconi es conocido como el autor de la radio en la milicia y comunicaciones mar\u00edtimas de \u00edndole militar.<\/p>\n<p>A <strong>Tesla se le consider\u00f3 el inventor de la radio porque patent\u00f3 el dise\u00f1o<\/strong>; es decir, presento mejoras al original. Sin embargo, el invento como tal ya estaba sustentado en los estudios realizados por Marconi y sus aportes cient\u00edficos.<\/p>\n<p>Por su parte, <strong>Alexander Lee de Forest fuo<\/strong>, es otro personaje que patent\u00f3 el invento de Marconi. \u00c9l <strong>amplific\u00f3 las se\u00f1ales radioel\u00e9ctricas<\/strong> a partir de la creaci\u00f3n del \u201ctriodo\u201d. A todas estas, fue ya en 1906 que \u00a0<a href=\"https:\/\/es.wikipedia.org\/wiki\/Reginald_Aubrey_Fessenden\" class=\"external\" rel=\"nofollow\" target=\"_blank\">Reginald Aubrey Fessenden<\/a>\u00a0 transmiti\u00f3 la primera radio difusi\u00f3n como una verdadera evidencia emp\u00edrica de tantos a\u00f1os de estudio te\u00f3rico de sus antecesores.<\/p>\n<p>En fin, si sacamos cuenta; no se trata de un solo inventor como tal. Pues el prototipado vienen de una idea abstracta, toda idea viene de una reflexi\u00f3n. Por lo cual, de esta reflexi\u00f3n surge el emprendimiento y posteriormente los grandes aportes cient\u00edficos. Por ello, consideramos que todos los personajes aqu\u00ed nombrados, de una\u00a0 u otra manera, todos han formado parte de la <strong>invenci\u00f3n de la radio.<\/strong><\/p>\n<p>\u00a1Ya ves!, definitivamente el mundo es un pa\u00f1uelo\u2026 Y es que los aparatos hist\u00f3ricos son el producto de mentes brillantes que se unen a una gran idea futurista para potenciar y afinar los conocimientos cient\u00edficos. Por ello, sabemos que no es tan importante darle protagonismo a un nombre como el \u201cinventor\u201d; sino que m\u00e1s importante es <strong>conocer el proceso <\/strong>para que aprendas para la pr\u00f3xima vez.<\/p>\n<\/blockquote-content><\/div>\n<div align=\"center\"><!-- Doncomos Educar 336 x 280 -->\n                                <ins class=\"adsbygoogle\"\n                                     style=\"display:inline-block;width:336px;height:280px\"\n                                     data-ad-client=\"ca-pub-7889333885495326\"\n                                     data-ad-slot=\"7649523894\"><\/ins>\n                                <script>\n                                (adsbygoogle = window.adsbygoogle || []).push({});\n                                <\/script><\/div><div class='single-functions-div-instrucciones2'><h2 class='h2-title-single'><span id=\"Que_Necesitas\">Que Necesitas<\/span><\/h2><blockquote-content><p><strong>Existen varias personalidades de la historia que omiten con el m\u00e9rito del inventor de la radio<\/strong>. Pero, para que no te queden dudas, te enumeramos unos cuantos y te especificamos sus aportes al dise\u00f1o final:<\/p>\n<ol>\n<li class='single-functions-li-instrucciones'><input class='single-functions-instrucciones' type='checkbox'> <strong>Marconi:<\/strong> el de la idea original. El autor intelectual de la teor\u00eda emp\u00edrica de sustento, podr\u00eda decirse.<\/li>\n<li class='single-functions-li-instrucciones'><input class='single-functions-instrucciones' type='checkbox'> <strong>Tesla: <\/strong>quien mejor\u00f3 la patente del dise\u00f1o original, mejorando en dise\u00f1o en cuanto a la trasmisi\u00f3n de las ondas de radio.<\/li>\n<li class='single-functions-li-instrucciones'><input class='single-functions-instrucciones' type='checkbox'> <strong>Maxwell: <\/strong>el cient\u00edfico futurista que dio la base te\u00f3rico abstracta al invento.<\/li>\n<li class='single-functions-li-instrucciones'><input class='single-functions-instrucciones' type='checkbox'> <strong>Hertz: <\/strong>quien descubri\u00f3 la velocidad de las ondas y sus principales caracter\u00edsticas.<\/li>\n<\/ol>\n<p><img loading=\"lazy\" decoding=\"async\" class=\"size-full wp-image-9820 aligncenter\" src=\"https:\/\/doncomos.com\/educar\/wp-content\/uploads\/sites\/7\/2018\/02\/Qui\u00e9n-invent\u00f3-la-radio-587.jpg\" alt=\"radio\" width=\"400\" height=\"198\" srcset=\"https:\/\/doncomos.com\/educar\/wp-content\/uploads\/sites\/7\/2018\/02\/Qui\u00e9n-invent\u00f3-la-radio-587.jpg 400w, https:\/\/doncomos.com\/educar\/wp-content\/uploads\/sites\/7\/2018\/02\/Qui\u00e9n-invent\u00f3-la-radio-587-300x149.jpg 300w, https:\/\/doncomos.com\/educar\/wp-content\/uploads\/sites\/7\/2018\/02\/Qui\u00e9n-invent\u00f3-la-radio-587-270x134.jpg 270w\" sizes=\"auto, (max-width: 400px) 100vw, 400px\" \/><\/p>\n<\/blockquote-content><\/div>\n<div align=\"center\"><!-- Doncomos Educar 336 x 280 -->\n                                <ins class=\"adsbygoogle\"\n                                     style=\"display:inline-block;width:336px;height:280px\"\n                                     data-ad-client=\"ca-pub-7889333885495326\"\n                                     data-ad-slot=\"7649523894\"><\/ins>\n                                <script>\n                                (adsbygoogle = window.adsbygoogle || []).push({});\n                                <\/script><\/div><div class='single-functions-consejos'><h2 class='h2-title-single'><span id=\"Consejos\">Consejos<\/span><\/h2><blockquote-content><p>Para que no te enga\u00f1en m\u00e1s los libros de historia, aprende a hacer una <strong>lectura cr\u00edtica de los hechos<\/strong>; buscando datos en diferentes fuentes y confrontando su veracidad a la luz de informaci\u00f3n verificada, como la que te proporcionamos nosotros.<\/p>\n<\/blockquote-content><\/div>\n","protected":false},"excerpt":{"rendered":"<p>\u00bfQui\u00e9n no conoce la radio? Este maravilloso invento ha cumplido m\u00faltiples funciones a lo largo de la historia de la humanidad. Sin embargo, como ha sucedido con muchas de las m\u00e1s famosas invenciones; como la bombilla o el tel\u00e9fono, siempre [&hellip;]<\/p>\n","protected":false},"author":62,"featured_media":9817,"comment_status":"open","ping_status":"closed","sticky":false,"template":"","format":"standard","meta":{"footnotes":""},"categories":[2071],"tags":[],"class_list":["post-9814","post","type-post","status-publish","format-standard","has-post-thumbnail","hentry","category-quien-invento"],"acf":[],"yoast_head":"<!-- This site is optimized with the Yoast SEO plugin v19.6 - https:\/\/yoast.com\/wordpress\/plugins\/seo\/ -->\n<title>Qui\u00e9n invent\u00f3 la radio - Educaci\u00f3n Don C\u00f3mos<\/title>\n<meta name=\"description\" content=\"Leer un poco de historia siempre es interesante; pero m\u00e1s interesante es descubrir c\u00f3mo se han equivocado muchos historiadores redactando los hechos. Por eso, en este post te enterar\u00e1s de qui\u00e9n es el verdadero inventor de la radio y c\u00f3mo sus colegas contribuyeron a la ciencia luchando por el protagonismo.\" \/>\n<meta name=\"robots\" content=\"index, follow, max-snippet:-1, max-image-preview:large, max-video-preview:-1\" \/>\n<meta property=\"og:locale\" content=\"es_ES\" \/>\n<meta property=\"og:type\" content=\"article\" \/>\n<meta property=\"og:title\" content=\"Qui\u00e9n invent\u00f3 la radio - Educaci\u00f3n Don C\u00f3mos\" \/>\n<meta property=\"og:description\" content=\"Leer un poco de historia siempre es interesante; pero m\u00e1s interesante es descubrir c\u00f3mo se han equivocado muchos historiadores redactando los hechos. Por eso, en este post te enterar\u00e1s de qui\u00e9n es el verdadero inventor de la radio y c\u00f3mo sus colegas contribuyeron a la ciencia luchando por el protagonismo.\" \/>\n<meta property=\"og:url\" content=\"https:\/\/doncomos.com\/educar\/quien-invento-la-radio\" \/>\n<meta property=\"og:site_name\" content=\"Educar Doncomos.com: Aprende de forma F\u00e1cil y Amena\" \/>\n<meta property=\"article:publisher\" content=\"https:\/\/www.facebook.com\/doncomos\" \/>\n<meta property=\"article:published_time\" content=\"2018-05-14T19:32:37+00:00\" \/>\n<meta property=\"article:modified_time\" content=\"2018-04-16T22:02:47+00:00\" \/>\n<meta property=\"og:image\" content=\"https:\/\/doncomos.com\/educar\/wp-content\/uploads\/sites\/7\/2018\/02\/Qui\u00e9n-invent\u00f3-la-radio-481.jpg\" \/>\n\t<meta property=\"og:image:width\" content=\"640\" \/>\n\t<meta property=\"og:image:height\" content=\"360\" \/>\n\t<meta property=\"og:image:type\" content=\"image\/jpeg\" \/>\n<meta name=\"author\" content=\"G\u00e9nesis\" \/>\n<meta name=\"twitter:card\" content=\"summary\" \/>\n<meta name=\"twitter:creator\" content=\"@twitter.com \u203a Gnesis83839134\" \/>\n<meta name=\"twitter:site\" content=\"@doncomos\" \/>\n<meta name=\"twitter:label1\" content=\"Escrito por\" \/>\n\t<meta name=\"twitter:data1\" content=\"G\u00e9nesis\" \/>\n\t<meta name=\"twitter:label2\" content=\"Tiempo de lectura\" \/>\n\t<meta name=\"twitter:data2\" content=\"1 minuto\" \/>\n<script type=\"application\/ld+json\" class=\"yoast-schema-graph\">{\"@context\":\"https:\/\/schema.org\",\"@graph\":[{\"@type\":\"WebPage\",\"@id\":\"https:\/\/doncomos.com\/educar\/quien-invento-la-radio\",\"url\":\"https:\/\/doncomos.com\/educar\/quien-invento-la-radio\",\"name\":\"Qui\u00e9n invent\u00f3 la radio - Educaci\u00f3n Don C\u00f3mos\",\"isPartOf\":{\"@id\":\"https:\/\/doncomos.com\/educar\/#website\"},\"datePublished\":\"2018-05-14T19:32:37+00:00\",\"dateModified\":\"2018-04-16T22:02:47+00:00\",\"author\":{\"@id\":\"https:\/\/doncomos.com\/educar\/#\/schema\/person\/cd69075ee37d261d08cf9ffc10b29dde\"},\"description\":\"Leer un poco de historia siempre es interesante; pero m\u00e1s interesante es descubrir c\u00f3mo se han equivocado muchos historiadores redactando los hechos. Por eso, en este post te enterar\u00e1s de qui\u00e9n es el verdadero inventor de la radio y c\u00f3mo sus colegas contribuyeron a la ciencia luchando por el protagonismo.\",\"breadcrumb\":{\"@id\":\"https:\/\/doncomos.com\/educar\/quien-invento-la-radio#breadcrumb\"},\"inLanguage\":\"es\",\"potentialAction\":[{\"@type\":\"ReadAction\",\"target\":[\"https:\/\/doncomos.com\/educar\/quien-invento-la-radio\"]}]},{\"@type\":\"BreadcrumbList\",\"@id\":\"https:\/\/doncomos.com\/educar\/quien-invento-la-radio#breadcrumb\",\"itemListElement\":[{\"@type\":\"ListItem\",\"position\":1,\"name\":\"Home\",\"item\":\"https:\/\/doncomos.com\/educar\"},{\"@type\":\"ListItem\",\"position\":2,\"name\":\"Qui\u00e9n invent\u00f3 la radio\"}]},{\"@type\":\"WebSite\",\"@id\":\"https:\/\/doncomos.com\/educar\/#website\",\"url\":\"https:\/\/doncomos.com\/educar\/\",\"name\":\"Educar Doncomos.com: Aprende de forma F\u00e1cil y Amena\",\"description\":\"Educar - Ense\u00f1amos todos los c\u00f3mos sobre educaci\u00f3n de la mano de profesores\",\"potentialAction\":[{\"@type\":\"SearchAction\",\"target\":{\"@type\":\"EntryPoint\",\"urlTemplate\":\"https:\/\/doncomos.com\/educar\/?s={search_term_string}\"},\"query-input\":\"required name=search_term_string\"}],\"inLanguage\":\"es\"},{\"@type\":\"Person\",\"@id\":\"https:\/\/doncomos.com\/educar\/#\/schema\/person\/cd69075ee37d261d08cf9ffc10b29dde\",\"name\":\"G\u00e9nesis\",\"image\":{\"@type\":\"ImageObject\",\"inLanguage\":\"es\",\"@id\":\"https:\/\/doncomos.com\/educar\/#\/schema\/person\/image\/\",\"url\":\"https:\/\/secure.gravatar.com\/avatar\/46333e3e29b1f29bc7ce089606b3ea291627561f954bf6aee907bf309273cfed?s=96&d=mm&r=g\",\"contentUrl\":\"https:\/\/secure.gravatar.com\/avatar\/46333e3e29b1f29bc7ce089606b3ea291627561f954bf6aee907bf309273cfed?s=96&d=mm&r=g\",\"caption\":\"G\u00e9nesis\"},\"description\":\"Dedicada a la redacci\u00f3n de contenidos de calidad, correcci\u00f3n de estilo y actualizaci\u00f3n de la informaci\u00f3n; con experiencia en gesti\u00f3n de informaci\u00f3n veraz y estrategias de comprensi\u00f3n lectora.\",\"sameAs\":[\"https:\/\/pe.linkedin.com \u203a genesis-leon-s-\",\"https:\/\/twitter.com\/twitter.com \u203a Gnesis83839134\"],\"url\":\"https:\/\/doncomos.com\/educar\/autor\/beatriz\"}]}<\/script>\n<!-- \/ Yoast SEO plugin. -->","yoast_head_json":{"title":"Qui\u00e9n invent\u00f3 la radio - Educaci\u00f3n Don C\u00f3mos","description":"Leer un poco de historia siempre es interesante; pero m\u00e1s interesante es descubrir c\u00f3mo se han equivocado muchos historiadores redactando los hechos. Por eso, en este post te enterar\u00e1s de qui\u00e9n es el verdadero inventor de la radio y c\u00f3mo sus colegas contribuyeron a la ciencia luchando por el protagonismo.","robots":{"index":"index","follow":"follow","max-snippet":"max-snippet:-1","max-image-preview":"max-image-preview:large","max-video-preview":"max-video-preview:-1"},"og_locale":"es_ES","og_type":"article","og_title":"Qui\u00e9n invent\u00f3 la radio - Educaci\u00f3n Don C\u00f3mos","og_description":"Leer un poco de historia siempre es interesante; pero m\u00e1s interesante es descubrir c\u00f3mo se han equivocado muchos historiadores redactando los hechos. Por eso, en este post te enterar\u00e1s de qui\u00e9n es el verdadero inventor de la radio y c\u00f3mo sus colegas contribuyeron a la ciencia luchando por el protagonismo.","og_url":"https:\/\/doncomos.com\/educar\/quien-invento-la-radio","og_site_name":"Educar Doncomos.com: Aprende de forma F\u00e1cil y Amena","article_publisher":"https:\/\/www.facebook.com\/doncomos","article_published_time":"2018-05-14T19:32:37+00:00","article_modified_time":"2018-04-16T22:02:47+00:00","og_image":[{"width":640,"height":360,"url":"https:\/\/doncomos.com\/educar\/wp-content\/uploads\/sites\/7\/2018\/02\/Qui\u00e9n-invent\u00f3-la-radio-481.jpg","type":"image\/jpeg"}],"author":"G\u00e9nesis","twitter_card":"summary","twitter_creator":"@twitter.com \u203a Gnesis83839134","twitter_site":"@doncomos","twitter_misc":{"Escrito por":"G\u00e9nesis","Tiempo de lectura":"1 minuto"},"schema":{"@context":"https:\/\/schema.org","@graph":[{"@type":"WebPage","@id":"https:\/\/doncomos.com\/educar\/quien-invento-la-radio","url":"https:\/\/doncomos.com\/educar\/quien-invento-la-radio","name":"Qui\u00e9n invent\u00f3 la radio - Educaci\u00f3n Don C\u00f3mos","isPartOf":{"@id":"https:\/\/doncomos.com\/educar\/#website"},"datePublished":"2018-05-14T19:32:37+00:00","dateModified":"2018-04-16T22:02:47+00:00","author":{"@id":"https:\/\/doncomos.com\/educar\/#\/schema\/person\/cd69075ee37d261d08cf9ffc10b29dde"},"description":"Leer un poco de historia siempre es interesante; pero m\u00e1s interesante es descubrir c\u00f3mo se han equivocado muchos historiadores redactando los hechos. Por eso, en este post te enterar\u00e1s de qui\u00e9n es el verdadero inventor de la radio y c\u00f3mo sus colegas contribuyeron a la ciencia luchando por el protagonismo.","breadcrumb":{"@id":"https:\/\/doncomos.com\/educar\/quien-invento-la-radio#breadcrumb"},"inLanguage":"es","potentialAction":[{"@type":"ReadAction","target":["https:\/\/doncomos.com\/educar\/quien-invento-la-radio"]}]},{"@type":"BreadcrumbList","@id":"https:\/\/doncomos.com\/educar\/quien-invento-la-radio#breadcrumb","itemListElement":[{"@type":"ListItem","position":1,"name":"Home","item":"https:\/\/doncomos.com\/educar"},{"@type":"ListItem","position":2,"name":"Qui\u00e9n invent\u00f3 la radio"}]},{"@type":"WebSite","@id":"https:\/\/doncomos.com\/educar\/#website","url":"https:\/\/doncomos.com\/educar\/","name":"Educar Doncomos.com: Aprende de forma F\u00e1cil y Amena","description":"Educar - Ense\u00f1amos todos los c\u00f3mos sobre educaci\u00f3n de la mano de profesores","potentialAction":[{"@type":"SearchAction","target":{"@type":"EntryPoint","urlTemplate":"https:\/\/doncomos.com\/educar\/?s={search_term_string}"},"query-input":"required name=search_term_string"}],"inLanguage":"es"},{"@type":"Person","@id":"https:\/\/doncomos.com\/educar\/#\/schema\/person\/cd69075ee37d261d08cf9ffc10b29dde","name":"G\u00e9nesis","image":{"@type":"ImageObject","inLanguage":"es","@id":"https:\/\/doncomos.com\/educar\/#\/schema\/person\/image\/","url":"https:\/\/secure.gravatar.com\/avatar\/46333e3e29b1f29bc7ce089606b3ea291627561f954bf6aee907bf309273cfed?s=96&d=mm&r=g","contentUrl":"https:\/\/secure.gravatar.com\/avatar\/46333e3e29b1f29bc7ce089606b3ea291627561f954bf6aee907bf309273cfed?s=96&d=mm&r=g","caption":"G\u00e9nesis"},"description":"Dedicada a la redacci\u00f3n de contenidos de calidad, correcci\u00f3n de estilo y actualizaci\u00f3n de la informaci\u00f3n; con experiencia en gesti\u00f3n de informaci\u00f3n veraz y estrategias de comprensi\u00f3n lectora.","sameAs":["https:\/\/pe.linkedin.com \u203a genesis-leon-s-","https:\/\/twitter.com\/twitter.com \u203a Gnesis83839134"],"url":"https:\/\/doncomos.com\/educar\/autor\/beatriz"}]}},"_links":{"self":[{"href":"https:\/\/doncomos.com\/educar\/wp-json\/wp\/v2\/posts\/9814","targetHints":{"allow":["GET"]}}],"collection":[{"href":"https:\/\/doncomos.com\/educar\/wp-json\/wp\/v2\/posts"}],"about":[{"href":"https:\/\/doncomos.com\/educar\/wp-json\/wp\/v2\/types\/post"}],"author":[{"embeddable":true,"href":"https:\/\/doncomos.com\/educar\/wp-json\/wp\/v2\/users\/62"}],"replies":[{"embeddable":true,"href":"https:\/\/doncomos.com\/educar\/wp-json\/wp\/v2\/comments?post=9814"}],"version-history":[{"count":1,"href":"https:\/\/doncomos.com\/educar\/wp-json\/wp\/v2\/posts\/9814\/revisions"}],"predecessor-version":[{"id":10166,"href":"https:\/\/doncomos.com\/educar\/wp-json\/wp\/v2\/posts\/9814\/revisions\/10166"}],"wp:featuredmedia":[{"embeddable":true,"href":"https:\/\/doncomos.com\/educar\/wp-json\/wp\/v2\/media\/9817"}],"wp:attachment":[{"href":"https:\/\/doncomos.com\/educar\/wp-json\/wp\/v2\/media?parent=9814"}],"wp:term":[{"taxonomy":"category","embeddable":true,"href":"https:\/\/doncomos.com\/educar\/wp-json\/wp\/v2\/categories?post=9814"},{"taxonomy":"post_tag","embeddable":true,"href":"https:\/\/doncomos.com\/educar\/wp-json\/wp\/v2\/tags?post=9814"}],"curies":[{"name":"wp","href":"https:\/\/api.w.org\/{rel}","templated":true}]}}