{"id":9824,"date":"2018-05-16T11:25:28","date_gmt":"2018-05-16T10:25:28","guid":{"rendered":"http:\/\/doncomos.com\/educar\/?p=9824"},"modified":"2018-04-16T23:02:56","modified_gmt":"2018-04-16T22:02:56","slug":"quien-invento-la-imprenta","status":"publish","type":"post","link":"https:\/\/doncomos.com\/educar\/quien-invento-la-imprenta","title":{"rendered":"Qui\u00e9n invent\u00f3 la imprenta"},"content":{"rendered":"<div id=\"toc_container\" class=\"no_bullets\"><p class=\"toc_title\">Contenido del Art&iacute;culo<\/p><ul class=\"toc_list\"><li><a href=\"#Instrucciones\">Instrucciones<\/a><\/li><li><a href=\"#Imprenta_moderna\">Imprenta moderna<\/a><\/li><li><a href=\"#Que_Necesitas\">Que Necesitas<\/a><\/li><li><a href=\"#Consejos\">Consejos<\/a><\/li><\/ul><\/div>\n<p>Ni pensar que las \u00faltimas tecnolog\u00edas surgieron de la idea b\u00e1sica de la imprenta m\u00e1s tradicional de todas. Claro que la imprenta, como <strong>proceso mec\u00e1nico<\/strong>, es muy distinta a lo que com\u00fanmente se conoce como <strong>reproducci\u00f3n de texto.<\/strong><\/p>\n<p>La revoluci\u00f3n y expansi\u00f3n cultural que trajo consigo la invenci\u00f3n de esta maravillosa herramienta no conoci\u00f3 l\u00edmites. A pesar de haber iniciado en con un prototipo m\u00e1s que todo artesanal; se ha convertido en el <strong>antecedente hist\u00f3rico m\u00e1s importante de los medios impresos actuales<\/strong>.<\/p>\n<p>Es por ello que muchos de los <strong>m\u00e9todos de impresi\u00f3n<\/strong> utilizados hoy en d\u00eda tienen mucho que agradecerle a <a href=\"https:\/\/es.wikipedia.org\/wiki\/Johannes_Gutenberg\" class=\"external\" rel=\"nofollow\" target=\"_blank\">Johannes Gutenberg<\/a>; pues no solo la serigraf\u00eda, la litograf\u00eda o la flexograf\u00eda naci\u00f3 de esta invenci\u00f3n; sino tambi\u00e9n todos los m\u00e9todos digitales en el mercado actual.<\/p>\n<p><img loading=\"lazy\" decoding=\"async\" class=\"size-full wp-image-9827 aligncenter\" src=\"https:\/\/doncomos.com\/educar\/wp-content\/uploads\/sites\/7\/2018\/02\/Qui\u00e9n-invent\u00f3-la-imprenta-170.jpg\" alt=\"imprenta\" width=\"640\" height=\"426\" srcset=\"https:\/\/doncomos.com\/educar\/wp-content\/uploads\/sites\/7\/2018\/02\/Qui\u00e9n-invent\u00f3-la-imprenta-170.jpg 640w, https:\/\/doncomos.com\/educar\/wp-content\/uploads\/sites\/7\/2018\/02\/Qui\u00e9n-invent\u00f3-la-imprenta-170-300x200.jpg 300w, https:\/\/doncomos.com\/educar\/wp-content\/uploads\/sites\/7\/2018\/02\/Qui\u00e9n-invent\u00f3-la-imprenta-170-270x180.jpg 270w\" sizes=\"auto, (max-width: 640px) 100vw, 640px\" \/><\/p>\n<div align=\"center\"><!-- Doncomos Educar Enlaces Adaptable -->\n                                       <ins class=\"adsbygoogle\"\n                                            style=\"display:block; height:90px;\"\n                                            data-ad-client=\"ca-pub-7889333885495326\"\n                                            data-ad-slot=\"1590071393\"\n                                            data-ad-format=\"link\"><\/ins>\n                                       <script>\n                                       (adsbygoogle = window.adsbygoogle || []).push({});\n                                       <\/script><div id=\"div-video-intext\"><\/div><\/div><div class='single-functions-top-instrucciones'><h2 class='h2-title-single'><span id=\"Instrucciones\">Instrucciones<\/span><\/h2><blockquote-content><p>Todo empez\u00f3 conceptualmente con los <strong>antiguos sellos romanos<\/strong> que se utilizaban en tablillas de arcilla. Con los a\u00f1os, el deseo de hacer perdurar en el tiempo informaci\u00f3n valiosa; como contratos, filosof\u00edas y genealog\u00edas reales, cobr\u00f3 fuerza. Esta motivaci\u00f3n llev\u00f3 al ser humano a tratar de formalizar sus ideas en una forma <strong>m\u00e1s est\u00e1ndar y perdurable<\/strong> que la <a href=\"https:\/\/doncomos.com\/educar\/exposicion-oral-clase\">oralidad.<\/a><\/p>\n<p>Por ello, el famoso chino Bi Sheng invent\u00f3 los <strong>tipos m\u00f3viles<\/strong> de porcelana en el 1048. Esto como premisa de la imprenta como tal; e inspirado en la misma motivaci\u00f3n romana de preservar la informaci\u00f3n. Luego, el coreano Koryo perfeccion\u00f3 la idea fabricando los tipos m\u00f3viles con metal como anticipo directo de la famosa imprenta moderna.<\/p>\n<h2><span id=\"Imprenta_moderna\">Imprenta moderna<\/span><\/h2>\n<p><img loading=\"lazy\" decoding=\"async\" class=\"size-full wp-image-9829 aligncenter\" src=\"https:\/\/doncomos.com\/educar\/wp-content\/uploads\/sites\/7\/2018\/02\/Qui\u00e9n-invent\u00f3-la-imprenta-838.jpg\" alt=\"imprenta\" width=\"640\" height=\"425\" srcset=\"https:\/\/doncomos.com\/educar\/wp-content\/uploads\/sites\/7\/2018\/02\/Qui\u00e9n-invent\u00f3-la-imprenta-838.jpg 640w, https:\/\/doncomos.com\/educar\/wp-content\/uploads\/sites\/7\/2018\/02\/Qui\u00e9n-invent\u00f3-la-imprenta-838-300x199.jpg 300w, https:\/\/doncomos.com\/educar\/wp-content\/uploads\/sites\/7\/2018\/02\/Qui\u00e9n-invent\u00f3-la-imprenta-838-270x179.jpg 270w\" sizes=\"auto, (max-width: 640px) 100vw, 640px\" \/><\/p>\n<p>En 1945 el alem\u00e1n <strong>Johannes Gutenberg<\/strong> dise\u00f1a el prototipo de lo que ahora conocemos como imprenta. Sin embargo, algunos datos hist\u00f3ricos apuntan a que otros colegas del medio <a href=\"https:\/\/doncomos.com\/educar\/se-escribe-estuviera-estubiera\">tuvieron<\/a> mucho que ver con el desarrollo de esta visionaria invenci\u00f3n; por ejemplo, reluce el nombre de <strong>Mantelin<\/strong> de Estrasburgo y el tip\u00f3grafo <strong>Panfilo Castaldi<\/strong> de Italia. Pero estos se consideran reimpresores de materiales ya editados inicialmente por Gutenberg.<\/p>\n<p>\u00bfQui\u00e9n no ha le\u00eddo sobre los famosos escribas y copiadores? Esos que se dedicaban a redactar largu\u00edsimos <strong>manuscritos <\/strong>ya cuando el papiro (el papel) exist\u00eda. Esos largos pergaminos eran escritos a mano; pero con la invenci\u00f3n de la imprenta la producci\u00f3n de material escrito aument\u00f3 exponencialmente.<\/p>\n<p>Anteriormente, se utilizaban <strong>los \u201ccopistas\u201d<\/strong> para reproducir material confidencial; casi siempre de temas gubernamentales, sexo y recetas de medicina. Estos \u201ccopistas\u201d impresionantemente no sab\u00edan leer ni escribir; solo copiaban con mucha arte las letras para reproducir la informaci\u00f3n o para asegurarla. Ahora bien, el riesgo de que se enteraran de algunos secretos se minimiz\u00f3 bastante con la imprenta; pues ya no har\u00eda falta de un copista para grabar la informaci\u00f3n.<\/p>\n<\/blockquote-content><\/div>\n<div align=\"center\"><!-- Doncomos Educar 336 x 280 -->\n                                <ins class=\"adsbygoogle\"\n                                     style=\"display:inline-block;width:336px;height:280px\"\n                                     data-ad-client=\"ca-pub-7889333885495326\"\n                                     data-ad-slot=\"7649523894\"><\/ins>\n                                <script>\n                                (adsbygoogle = window.adsbygoogle || []).push({});\n                                <\/script><\/div><div class='single-functions-div-instrucciones2'><h2 class='h2-title-single'><span id=\"Que_Necesitas\">Que Necesitas<\/span><\/h2><blockquote-content><p>El final de la carrera profesional de los copistas se les vino arriba cuando Gutenberg afirm\u00f3 que podr\u00eda hacer <strong>una copia exacta de la Biblia<\/strong> en menos de la mitad del tiempo en el que el m\u00e1s veloz de los copitas lo hiciera. Por supuesto, Gutenberg gan\u00f3 la apuesta, y pues ya conocemos el resultado\u2026<\/p>\n<p>Con <strong>tipos de madera y plomo<\/strong> Gutenberg empez\u00f3 a copiar la Biblia y hacer que su sue\u00f1o perdurara en el tiempo m\u00e1s que en el papel, para siempre. Sin embargo, como muchos grandes inventores, estaba falto de dinero; por lo cual le pidi\u00f3 un cr\u00e9dito a Johann Fust y ofreci\u00f3 una sociedad. Estos, junto a \u00a0Peter Sch\u00f6ffer hicieron realidad tan ingenioso sue\u00f1o.<\/p>\n<p>Sin embargo, Gutenberg no disfrut\u00f3 mucho del \u00e9xito, pues <strong>fue Sch\u00f6ffer qui\u00e9n econ\u00f3micamente pudo darle continuidad al invento<\/strong>. Reproduciendo miles de biblias a la orden de la Santa Sede. Todav\u00eda en Sevilla y en Burgos puedes conseguir una copia original de la biblia de Gutenberg, como reliquias hist\u00f3ricas de ese gran \u00e9xito.<\/p>\n<p>A pesar de toda la fama de la Biblia que se reprodujo con la imprenta de Gutenberg; es interesante que sepas que fue apenas el segundo libro impreso. Pues, <strong>el primer libro impreso en realidad fue \u00a0Misal de Constanza en 1949.<\/strong><\/p>\n<\/blockquote-content><\/div>\n<div align=\"center\"><!-- Doncomos Educar 336 x 280 -->\n                                <ins class=\"adsbygoogle\"\n                                     style=\"display:inline-block;width:336px;height:280px\"\n                                     data-ad-client=\"ca-pub-7889333885495326\"\n                                     data-ad-slot=\"7649523894\"><\/ins>\n                                <script>\n                                (adsbygoogle = window.adsbygoogle || []).push({});\n                                <\/script><\/div><div class='single-functions-consejos'><h2 class='h2-title-single'><span id=\"Consejos\">Consejos<\/span><\/h2><blockquote-content><p><img loading=\"lazy\" decoding=\"async\" class=\"size-full wp-image-9828 aligncenter\" src=\"https:\/\/doncomos.com\/educar\/wp-content\/uploads\/sites\/7\/2018\/02\/Qui\u00e9n-invent\u00f3-la-imprenta-561.jpg\" alt=\"imprenta\" width=\"640\" height=\"426\" srcset=\"https:\/\/doncomos.com\/educar\/wp-content\/uploads\/sites\/7\/2018\/02\/Qui\u00e9n-invent\u00f3-la-imprenta-561.jpg 640w, https:\/\/doncomos.com\/educar\/wp-content\/uploads\/sites\/7\/2018\/02\/Qui\u00e9n-invent\u00f3-la-imprenta-561-300x200.jpg 300w, https:\/\/doncomos.com\/educar\/wp-content\/uploads\/sites\/7\/2018\/02\/Qui\u00e9n-invent\u00f3-la-imprenta-561-270x180.jpg 270w\" sizes=\"auto, (max-width: 640px) 100vw, 640px\" \/><\/p>\n<p>Imprimir en estos d\u00edas no es como en la Alemania del 50. Ahora con las nuevas tecnolog\u00edas la era digital nos arropa de cabeza a los pies. <strong>\u00bfQu\u00e9 dir\u00eda Gutenberg de todo esto?,<\/strong> pues estar\u00eda fascinado. As\u00ed como estamos fascinados nosotros mismos.<\/p>\n<p>Ahorrar tiempo, dinero y esfuerzo siempre fue la motivaci\u00f3n de todos los antecesores de la impresi\u00f3n digital; pero no solo eso\u2026 Recuerda que los antiguos \u201ccopiadores\u201d buscaban <strong>el arte en el dise\u00f1o de las letras<\/strong>, lo visual nunca quedaba desligado. Eso es parte del esp\u00edritu greco-romano que ahora invade el dise\u00f1o gr\u00e1fico en cuanto a tipograf\u00edas.<\/p>\n<p>Desde que se invent\u00f3 el respaldo digital y los eBook, pareciera que el material en f\u00edsico est\u00e1 pasando a la historia. Pero realmente no es as\u00ed; simplemente <strong>se est\u00e1 haciendo m\u00e1s conciencia en cuanto al uso de los recursos naturales y la democratizaci\u00f3n del conocimiento<\/strong>.<\/p>\n<p>La tangibilidad de la informaci\u00f3n ha pasado a otro nivel, no tan prioritario; ya que si analizamos el recorrido conceptual de la humanidad en cuento a las ideas, nos damos cuenta que <strong>pasamos de un estado oral intangible no recuperable a uno escrito tangible recuperable, el cual se ha sofisticado a un nivel intangible recuperable<\/strong>, como lo son las bases de datos digitales.<\/p>\n<p>\u00bfQu\u00e9 vendr\u00e1 en el futuro?\u2026 Pues esperemos que aparezca desde el <strong><em>cloud storage<\/em><\/strong> otro Gutenberg m\u00e1s en la historia.<\/p>\n<\/blockquote-content><\/div>\n","protected":false},"excerpt":{"rendered":"<p>Ni pensar que las \u00faltimas tecnolog\u00edas surgieron de la idea b\u00e1sica de la imprenta m\u00e1s tradicional de todas. Claro que la imprenta, como proceso mec\u00e1nico, es muy distinta a lo que com\u00fanmente se conoce como reproducci\u00f3n de texto. La revoluci\u00f3n [&hellip;]<\/p>\n","protected":false},"author":62,"featured_media":9827,"comment_status":"open","ping_status":"closed","sticky":false,"template":"","format":"standard","meta":{"footnotes":""},"categories":[2071],"tags":[],"class_list":["post-9824","post","type-post","status-publish","format-standard","has-post-thumbnail","hentry","category-quien-invento"],"acf":[],"yoast_head":"<!-- This site is optimized with the Yoast SEO plugin v19.6 - https:\/\/yoast.com\/wordpress\/plugins\/seo\/ -->\n<title>Qui\u00e9n invent\u00f3 la imprenta - Educaci\u00f3n Don C\u00f3mos<\/title>\n<meta name=\"description\" content=\"En 1945 el alem\u00e1n Johannes Gutenberg dise\u00f1a el prototipo de lo que ahora conocemos como imprenta. Sin embargo, algunos datos hist\u00f3ricos apuntan a que otros colegas del medio tuvieron mucho que ver con el desarrollo de esta visionaria invenci\u00f3n. Conoce m\u00e1s sobre el tema en este post.\" \/>\n<meta name=\"robots\" content=\"index, follow, max-snippet:-1, max-image-preview:large, max-video-preview:-1\" \/>\n<meta property=\"og:locale\" content=\"es_ES\" \/>\n<meta property=\"og:type\" content=\"article\" \/>\n<meta property=\"og:title\" content=\"Qui\u00e9n invent\u00f3 la imprenta - Educaci\u00f3n Don C\u00f3mos\" \/>\n<meta property=\"og:description\" content=\"En 1945 el alem\u00e1n Johannes Gutenberg dise\u00f1a el prototipo de lo que ahora conocemos como imprenta. Sin embargo, algunos datos hist\u00f3ricos apuntan a que otros colegas del medio tuvieron mucho que ver con el desarrollo de esta visionaria invenci\u00f3n. Conoce m\u00e1s sobre el tema en este post.\" \/>\n<meta property=\"og:url\" content=\"https:\/\/doncomos.com\/educar\/quien-invento-la-imprenta\" \/>\n<meta property=\"og:site_name\" content=\"Educar Doncomos.com: Aprende de forma F\u00e1cil y Amena\" \/>\n<meta property=\"article:publisher\" content=\"https:\/\/www.facebook.com\/doncomos\" \/>\n<meta property=\"article:published_time\" content=\"2018-05-16T10:25:28+00:00\" \/>\n<meta property=\"article:modified_time\" content=\"2018-04-16T22:02:56+00:00\" \/>\n<meta property=\"og:image\" content=\"https:\/\/doncomos.com\/educar\/wp-content\/uploads\/sites\/7\/2018\/02\/Qui\u00e9n-invent\u00f3-la-imprenta-170.jpg\" \/>\n\t<meta property=\"og:image:width\" content=\"640\" \/>\n\t<meta property=\"og:image:height\" content=\"426\" \/>\n\t<meta property=\"og:image:type\" content=\"image\/jpeg\" \/>\n<meta name=\"author\" content=\"G\u00e9nesis\" \/>\n<meta name=\"twitter:card\" content=\"summary\" \/>\n<meta name=\"twitter:creator\" content=\"@twitter.com \u203a Gnesis83839134\" \/>\n<meta name=\"twitter:site\" content=\"@doncomos\" \/>\n<meta name=\"twitter:label1\" content=\"Escrito por\" \/>\n\t<meta name=\"twitter:data1\" content=\"G\u00e9nesis\" \/>\n\t<meta name=\"twitter:label2\" content=\"Tiempo de lectura\" \/>\n\t<meta name=\"twitter:data2\" content=\"1 minuto\" \/>\n<script type=\"application\/ld+json\" class=\"yoast-schema-graph\">{\"@context\":\"https:\/\/schema.org\",\"@graph\":[{\"@type\":\"WebPage\",\"@id\":\"https:\/\/doncomos.com\/educar\/quien-invento-la-imprenta\",\"url\":\"https:\/\/doncomos.com\/educar\/quien-invento-la-imprenta\",\"name\":\"Qui\u00e9n invent\u00f3 la imprenta - Educaci\u00f3n Don C\u00f3mos\",\"isPartOf\":{\"@id\":\"https:\/\/doncomos.com\/educar\/#website\"},\"datePublished\":\"2018-05-16T10:25:28+00:00\",\"dateModified\":\"2018-04-16T22:02:56+00:00\",\"author\":{\"@id\":\"https:\/\/doncomos.com\/educar\/#\/schema\/person\/cd69075ee37d261d08cf9ffc10b29dde\"},\"description\":\"En 1945 el alem\u00e1n Johannes Gutenberg dise\u00f1a el prototipo de lo que ahora conocemos como imprenta. Sin embargo, algunos datos hist\u00f3ricos apuntan a que otros colegas del medio tuvieron mucho que ver con el desarrollo de esta visionaria invenci\u00f3n. Conoce m\u00e1s sobre el tema en este post.\",\"breadcrumb\":{\"@id\":\"https:\/\/doncomos.com\/educar\/quien-invento-la-imprenta#breadcrumb\"},\"inLanguage\":\"es\",\"potentialAction\":[{\"@type\":\"ReadAction\",\"target\":[\"https:\/\/doncomos.com\/educar\/quien-invento-la-imprenta\"]}]},{\"@type\":\"BreadcrumbList\",\"@id\":\"https:\/\/doncomos.com\/educar\/quien-invento-la-imprenta#breadcrumb\",\"itemListElement\":[{\"@type\":\"ListItem\",\"position\":1,\"name\":\"Home\",\"item\":\"https:\/\/doncomos.com\/educar\"},{\"@type\":\"ListItem\",\"position\":2,\"name\":\"Qui\u00e9n invent\u00f3 la imprenta\"}]},{\"@type\":\"WebSite\",\"@id\":\"https:\/\/doncomos.com\/educar\/#website\",\"url\":\"https:\/\/doncomos.com\/educar\/\",\"name\":\"Educar Doncomos.com: Aprende de forma F\u00e1cil y Amena\",\"description\":\"Educar - Ense\u00f1amos todos los c\u00f3mos sobre educaci\u00f3n de la mano de profesores\",\"potentialAction\":[{\"@type\":\"SearchAction\",\"target\":{\"@type\":\"EntryPoint\",\"urlTemplate\":\"https:\/\/doncomos.com\/educar\/?s={search_term_string}\"},\"query-input\":\"required name=search_term_string\"}],\"inLanguage\":\"es\"},{\"@type\":\"Person\",\"@id\":\"https:\/\/doncomos.com\/educar\/#\/schema\/person\/cd69075ee37d261d08cf9ffc10b29dde\",\"name\":\"G\u00e9nesis\",\"image\":{\"@type\":\"ImageObject\",\"inLanguage\":\"es\",\"@id\":\"https:\/\/doncomos.com\/educar\/#\/schema\/person\/image\/\",\"url\":\"https:\/\/secure.gravatar.com\/avatar\/46333e3e29b1f29bc7ce089606b3ea291627561f954bf6aee907bf309273cfed?s=96&d=mm&r=g\",\"contentUrl\":\"https:\/\/secure.gravatar.com\/avatar\/46333e3e29b1f29bc7ce089606b3ea291627561f954bf6aee907bf309273cfed?s=96&d=mm&r=g\",\"caption\":\"G\u00e9nesis\"},\"description\":\"Dedicada a la redacci\u00f3n de contenidos de calidad, correcci\u00f3n de estilo y actualizaci\u00f3n de la informaci\u00f3n; con experiencia en gesti\u00f3n de informaci\u00f3n veraz y estrategias de comprensi\u00f3n lectora.\",\"sameAs\":[\"https:\/\/pe.linkedin.com \u203a genesis-leon-s-\",\"https:\/\/twitter.com\/twitter.com \u203a Gnesis83839134\"],\"url\":\"https:\/\/doncomos.com\/educar\/autor\/beatriz\"}]}<\/script>\n<!-- \/ Yoast SEO plugin. -->","yoast_head_json":{"title":"Qui\u00e9n invent\u00f3 la imprenta - Educaci\u00f3n Don C\u00f3mos","description":"En 1945 el alem\u00e1n Johannes Gutenberg dise\u00f1a el prototipo de lo que ahora conocemos como imprenta. Sin embargo, algunos datos hist\u00f3ricos apuntan a que otros colegas del medio tuvieron mucho que ver con el desarrollo de esta visionaria invenci\u00f3n. Conoce m\u00e1s sobre el tema en este post.","robots":{"index":"index","follow":"follow","max-snippet":"max-snippet:-1","max-image-preview":"max-image-preview:large","max-video-preview":"max-video-preview:-1"},"og_locale":"es_ES","og_type":"article","og_title":"Qui\u00e9n invent\u00f3 la imprenta - Educaci\u00f3n Don C\u00f3mos","og_description":"En 1945 el alem\u00e1n Johannes Gutenberg dise\u00f1a el prototipo de lo que ahora conocemos como imprenta. Sin embargo, algunos datos hist\u00f3ricos apuntan a que otros colegas del medio tuvieron mucho que ver con el desarrollo de esta visionaria invenci\u00f3n. Conoce m\u00e1s sobre el tema en este post.","og_url":"https:\/\/doncomos.com\/educar\/quien-invento-la-imprenta","og_site_name":"Educar Doncomos.com: Aprende de forma F\u00e1cil y Amena","article_publisher":"https:\/\/www.facebook.com\/doncomos","article_published_time":"2018-05-16T10:25:28+00:00","article_modified_time":"2018-04-16T22:02:56+00:00","og_image":[{"width":640,"height":426,"url":"https:\/\/doncomos.com\/educar\/wp-content\/uploads\/sites\/7\/2018\/02\/Qui\u00e9n-invent\u00f3-la-imprenta-170.jpg","type":"image\/jpeg"}],"author":"G\u00e9nesis","twitter_card":"summary","twitter_creator":"@twitter.com \u203a Gnesis83839134","twitter_site":"@doncomos","twitter_misc":{"Escrito por":"G\u00e9nesis","Tiempo de lectura":"1 minuto"},"schema":{"@context":"https:\/\/schema.org","@graph":[{"@type":"WebPage","@id":"https:\/\/doncomos.com\/educar\/quien-invento-la-imprenta","url":"https:\/\/doncomos.com\/educar\/quien-invento-la-imprenta","name":"Qui\u00e9n invent\u00f3 la imprenta - Educaci\u00f3n Don C\u00f3mos","isPartOf":{"@id":"https:\/\/doncomos.com\/educar\/#website"},"datePublished":"2018-05-16T10:25:28+00:00","dateModified":"2018-04-16T22:02:56+00:00","author":{"@id":"https:\/\/doncomos.com\/educar\/#\/schema\/person\/cd69075ee37d261d08cf9ffc10b29dde"},"description":"En 1945 el alem\u00e1n Johannes Gutenberg dise\u00f1a el prototipo de lo que ahora conocemos como imprenta. Sin embargo, algunos datos hist\u00f3ricos apuntan a que otros colegas del medio tuvieron mucho que ver con el desarrollo de esta visionaria invenci\u00f3n. Conoce m\u00e1s sobre el tema en este post.","breadcrumb":{"@id":"https:\/\/doncomos.com\/educar\/quien-invento-la-imprenta#breadcrumb"},"inLanguage":"es","potentialAction":[{"@type":"ReadAction","target":["https:\/\/doncomos.com\/educar\/quien-invento-la-imprenta"]}]},{"@type":"BreadcrumbList","@id":"https:\/\/doncomos.com\/educar\/quien-invento-la-imprenta#breadcrumb","itemListElement":[{"@type":"ListItem","position":1,"name":"Home","item":"https:\/\/doncomos.com\/educar"},{"@type":"ListItem","position":2,"name":"Qui\u00e9n invent\u00f3 la imprenta"}]},{"@type":"WebSite","@id":"https:\/\/doncomos.com\/educar\/#website","url":"https:\/\/doncomos.com\/educar\/","name":"Educar Doncomos.com: Aprende de forma F\u00e1cil y Amena","description":"Educar - Ense\u00f1amos todos los c\u00f3mos sobre educaci\u00f3n de la mano de profesores","potentialAction":[{"@type":"SearchAction","target":{"@type":"EntryPoint","urlTemplate":"https:\/\/doncomos.com\/educar\/?s={search_term_string}"},"query-input":"required name=search_term_string"}],"inLanguage":"es"},{"@type":"Person","@id":"https:\/\/doncomos.com\/educar\/#\/schema\/person\/cd69075ee37d261d08cf9ffc10b29dde","name":"G\u00e9nesis","image":{"@type":"ImageObject","inLanguage":"es","@id":"https:\/\/doncomos.com\/educar\/#\/schema\/person\/image\/","url":"https:\/\/secure.gravatar.com\/avatar\/46333e3e29b1f29bc7ce089606b3ea291627561f954bf6aee907bf309273cfed?s=96&d=mm&r=g","contentUrl":"https:\/\/secure.gravatar.com\/avatar\/46333e3e29b1f29bc7ce089606b3ea291627561f954bf6aee907bf309273cfed?s=96&d=mm&r=g","caption":"G\u00e9nesis"},"description":"Dedicada a la redacci\u00f3n de contenidos de calidad, correcci\u00f3n de estilo y actualizaci\u00f3n de la informaci\u00f3n; con experiencia en gesti\u00f3n de informaci\u00f3n veraz y estrategias de comprensi\u00f3n lectora.","sameAs":["https:\/\/pe.linkedin.com \u203a genesis-leon-s-","https:\/\/twitter.com\/twitter.com \u203a Gnesis83839134"],"url":"https:\/\/doncomos.com\/educar\/autor\/beatriz"}]}},"_links":{"self":[{"href":"https:\/\/doncomos.com\/educar\/wp-json\/wp\/v2\/posts\/9824","targetHints":{"allow":["GET"]}}],"collection":[{"href":"https:\/\/doncomos.com\/educar\/wp-json\/wp\/v2\/posts"}],"about":[{"href":"https:\/\/doncomos.com\/educar\/wp-json\/wp\/v2\/types\/post"}],"author":[{"embeddable":true,"href":"https:\/\/doncomos.com\/educar\/wp-json\/wp\/v2\/users\/62"}],"replies":[{"embeddable":true,"href":"https:\/\/doncomos.com\/educar\/wp-json\/wp\/v2\/comments?post=9824"}],"version-history":[{"count":2,"href":"https:\/\/doncomos.com\/educar\/wp-json\/wp\/v2\/posts\/9824\/revisions"}],"predecessor-version":[{"id":10167,"href":"https:\/\/doncomos.com\/educar\/wp-json\/wp\/v2\/posts\/9824\/revisions\/10167"}],"wp:featuredmedia":[{"embeddable":true,"href":"https:\/\/doncomos.com\/educar\/wp-json\/wp\/v2\/media\/9827"}],"wp:attachment":[{"href":"https:\/\/doncomos.com\/educar\/wp-json\/wp\/v2\/media?parent=9824"}],"wp:term":[{"taxonomy":"category","embeddable":true,"href":"https:\/\/doncomos.com\/educar\/wp-json\/wp\/v2\/categories?post=9824"},{"taxonomy":"post_tag","embeddable":true,"href":"https:\/\/doncomos.com\/educar\/wp-json\/wp\/v2\/tags?post=9824"}],"curies":[{"name":"wp","href":"https:\/\/api.w.org\/{rel}","templated":true}]}}