{"id":9837,"date":"2018-04-25T09:08:10","date_gmt":"2018-04-25T08:08:10","guid":{"rendered":"http:\/\/doncomos.com\/educar\/?p=9837"},"modified":"2018-03-19T12:52:51","modified_gmt":"2018-03-19T11:52:51","slug":"quien-invento-la-fregona","status":"publish","type":"post","link":"https:\/\/doncomos.com\/educar\/quien-invento-la-fregona","title":{"rendered":"Qui\u00e9n invent\u00f3 la fregona"},"content":{"rendered":"<div id=\"toc_container\" class=\"no_bullets\"><p class=\"toc_title\">Contenido del Art&iacute;culo<\/p><ul class=\"toc_list\"><li><a href=\"#Que_Necesitas\">Que Necesitas<\/a><\/li><li><a href=\"#Instrucciones\">Instrucciones<\/a><\/li><li><a href=\"#Consejos\">Consejos<\/a><\/li><\/ul><\/div>\n<p>Es bastante curioso como en ocasiones podemos <strong>hacernos preguntas acerca de cosas que son bastante comunes<\/strong> en nuestra vida cotidiana. Una de esas cosas es cuando nos preguntamos qui\u00e9n invent\u00f3 la fregona. Toda nuestra vida hemos crecido mirando fregonas, en la televisi\u00f3n, en los programas que vemos, en esas caricaturas favoritas de la infancia, cuando salimos a la calle y entramos alg\u00fan establecimiento o en nuestra propia casa.<\/p>\n<p>La fregona en es un <strong>instrumento similar a una escoba<\/strong> pero con todas las cualidades de un trapeador. Este utensilio fue inventado en Espa\u00f1a y no tard\u00f3 mucho tiempo para hacerse \u201cviral\u201d ya que su utilidad es bastante necesaria hoy en d\u00eda. <strong>La fregona ayud\u00f3 a cientos de miles de personas<\/strong> a dejar de adolecerse la espalda o las rodillas con los t\u00edpicos trapeadores para piso. Este invento es sin duda uno de los m\u00e1s \u00fatiles en cuanto a lo que se refiere a herramientas de limpieza.<\/p>\n<p>Hoy en d\u00eda resulta muy dif\u00edcil imaginar que hacemos la limpieza sin ayuda de la fregona. Este invento resulta sumamente c\u00f3modo a la hora de limpiar. S\u00f3lo basta con <strong>sumergirlo en la soluci\u00f3n de limpieza<\/strong> que estamos utilizando y escurrirlo un poco para empezar a <strong>fregar el suelo<\/strong>, esto es mucho m\u00e1s pr\u00e1ctico que aquellos tiempos de nuestras abuelitas de agacharse y limpiar el piso utilizando un trapeador con las manos. Por este y m\u00e1s motivos es que la fregona se ha convertido en el amigo de muchas amas y amos de casa.<\/p>\n<p>\u00bfPero alguna de las preguntado qui\u00e9n ha sido la persona que ha inventado este utensilio tan \u00fatil o en qu\u00e9 circunstancias vivi\u00f3 en la necesidad de crearlo? Pues \u00e9sta y m\u00e1s interrogantes son las que queremos responder en este art\u00edculo, queremos indagar un poco en <strong>cu\u00e1l es la historia de este curioso y sin duda maravilloso utensilio de limpieza<\/strong> y al fin sabremos qui\u00e9n invent\u00f3 la fregona.<\/p>\n<div align=\"center\"><!-- Doncomos Educar Enlaces Adaptable -->\n                                       <ins class=\"adsbygoogle\"\n                                            style=\"display:block; height:90px;\"\n                                            data-ad-client=\"ca-pub-7889333885495326\"\n                                            data-ad-slot=\"1590071393\"\n                                            data-ad-format=\"link\"><\/ins>\n                                       <script>\n                                       (adsbygoogle = window.adsbygoogle || []).push({});\n                                       <\/script><div id=\"div-video-intext\"><\/div><\/div><div class='single-functions-div-instrucciones2'><h2 class='h2-title-single'><span id=\"Que_Necesitas\">Que Necesitas<\/span><\/h2><blockquote-content><ul>\n<li class='single-functions-li-instrucciones'><input class='single-functions-instrucciones' type='checkbox'> Investigar la historia de la fregona<\/li>\n<\/ul>\n<p>&nbsp;<\/p>\n<p>&nbsp;<\/p>\n<\/blockquote-content><\/div>\n<div align=\"center\"><!-- Doncomos Educar 336 x 280 -->\n                                <ins class=\"adsbygoogle\"\n                                     style=\"display:inline-block;width:336px;height:280px\"\n                                     data-ad-client=\"ca-pub-7889333885495326\"\n                                     data-ad-slot=\"7649523894\"><\/ins>\n                                <script>\n                                (adsbygoogle = window.adsbygoogle || []).push({});\n                                <\/script><\/div><div class='single-functions-top-instrucciones'><h2 class='h2-title-single'><span id=\"Instrucciones\">Instrucciones<\/span><\/h2><blockquote-content><ol>\n<li>A <strong>mediados del siglo XX<\/strong>, por all\u00e1 por los a\u00f1os 50s, ya se hablaba de un utensilio muy similar a la escoba que era una gran maravilla para ayudar a realizar la limpieza dom\u00e9stica. En aquella \u00e9poca donde predominaban los estereotipos sexistas de los que la mujer y el hombre ten\u00edan en diversas actividades de realizar, se hablaba de una escoba que era tan genial que los hombres iban a querer utilizarlo para limpiar la casa.<img loading=\"lazy\" decoding=\"async\" class=\"aligncenter size-full wp-image-9840\" src=\"https:\/\/doncomos.com\/educar\/wp-content\/uploads\/sites\/7\/2018\/03\/Qui\u00e9n-invent\u00f3-la-fregona-171.jpg\" alt=\"\" width=\"573\" height=\"314\" srcset=\"https:\/\/doncomos.com\/educar\/wp-content\/uploads\/sites\/7\/2018\/03\/Qui\u00e9n-invent\u00f3-la-fregona-171.jpg 573w, https:\/\/doncomos.com\/educar\/wp-content\/uploads\/sites\/7\/2018\/03\/Qui\u00e9n-invent\u00f3-la-fregona-171-300x164.jpg 300w, https:\/\/doncomos.com\/educar\/wp-content\/uploads\/sites\/7\/2018\/03\/Qui\u00e9n-invent\u00f3-la-fregona-171-270x148.jpg 270w\" sizes=\"auto, (max-width: 573px) 100vw, 573px\" \/><\/li>\n<li><strong>Hablamos de la fregona<\/strong>. Este utensilio no tard\u00f3 en convertirse en un \u00e9xito comercial. Sin embargo no todo fue tan f\u00e1cil en un principio, se requiri\u00f3 de varias presentaciones para que la gente entendiera c\u00f3mo<strong> funcionaba este tipo de trapeador<\/strong>. As\u00ed es, para muchas personas era dif\u00edcil entender c\u00f3mo se pod\u00eda manejar una fregona. Algo tan incre\u00edble puesto que es un utensilio con el que puedes lavar el piso a la vez en la que lo est\u00e1s barriendo, o en este caso, fregando.<img loading=\"lazy\" decoding=\"async\" class=\"aligncenter size-full wp-image-9843\" src=\"https:\/\/doncomos.com\/educar\/wp-content\/uploads\/sites\/7\/2018\/03\/Qui\u00e9n-invent\u00f3-la-fregona-859.jpg\" alt=\"\" width=\"600\" height=\"479\" srcset=\"https:\/\/doncomos.com\/educar\/wp-content\/uploads\/sites\/7\/2018\/03\/Qui\u00e9n-invent\u00f3-la-fregona-859.jpg 600w, https:\/\/doncomos.com\/educar\/wp-content\/uploads\/sites\/7\/2018\/03\/Qui\u00e9n-invent\u00f3-la-fregona-859-300x240.jpg 300w, https:\/\/doncomos.com\/educar\/wp-content\/uploads\/sites\/7\/2018\/03\/Qui\u00e9n-invent\u00f3-la-fregona-859-251x200.jpg 251w\" sizes=\"auto, (max-width: 600px) 100vw, 600px\" \/><\/li>\n<li>Sin embargo este invento no surgi\u00f3 de la nada, tiene una historia de c\u00f3mo fue creado. El inventor al que se le adjudica la creaci\u00f3n de la fregona se llam\u00f3 <strong>Manuel Jal\u00f3n Corominas<\/strong>, quien naci\u00f3 en <strong>Logro\u00f1o Espa\u00f1a<\/strong> un <strong>31 de Enero de 1921<\/strong>, pero se cri\u00f3 en Arag\u00f3n. El que en ese entonces fuera un joven inventor espa\u00f1ol perteneciente al ejercito Aeron\u00e1utico Espa\u00f1ol, no s\u00f3lo invent\u00f3 la fregona, sino que tambi\u00e9n invent\u00f3 a la jeringuilla desechable. Como podr\u00e1s ver, sin algunas de esas cosas \u00fatiles, sin las que hoy en d\u00eda no podr\u00edamos vivir, han salido de la invenci\u00f3n y creatividad de qui\u00e9n fue una de las mentes m\u00e1s trascendentes de la Espa\u00f1a del siglo XX.<img loading=\"lazy\" decoding=\"async\" class=\"aligncenter wp-image-9841\" src=\"https:\/\/doncomos.com\/educar\/wp-content\/uploads\/sites\/7\/2018\/03\/Qui\u00e9n-invent\u00f3-la-fregona-436.jpg\" alt=\"\" width=\"600\" height=\"435\" srcset=\"https:\/\/doncomos.com\/educar\/wp-content\/uploads\/sites\/7\/2018\/03\/Qui\u00e9n-invent\u00f3-la-fregona-436.jpg 642w, https:\/\/doncomos.com\/educar\/wp-content\/uploads\/sites\/7\/2018\/03\/Qui\u00e9n-invent\u00f3-la-fregona-436-300x217.jpg 300w, https:\/\/doncomos.com\/educar\/wp-content\/uploads\/sites\/7\/2018\/03\/Qui\u00e9n-invent\u00f3-la-fregona-436-270x196.jpg 270w\" sizes=\"auto, (max-width: 600px) 100vw, 600px\" \/><\/li>\n<li>Durante su <strong>estad\u00eda en los Estados Unidos<\/strong>, Jal\u00f3n vio como las mujeres de la limpieza, la realizaban mediante un pa\u00f1o largo y plano, el cual se utilizaba para realizar la limpieza a mano y que se escurr\u00eda por medio de dos rodillos los cuales lo exprim\u00edan. Tras su regreso a Espa\u00f1a en el a\u00f1o de 1956, jal\u00f3n decidi\u00f3 <strong>implementar su propia versi\u00f3n de estos trapeadores<\/strong>, pero esta vez su uso ser\u00eda mucho m\u00e1s pr\u00e1ctico para quienes emplearan lo que hoy en d\u00eda conocemos como la fregona.<\/li>\n<li>Este utensilio mezclaba la practicidad de una escoba la cual se pod\u00eda manejar f\u00e1cilmente con las manos <strong>sin necesidad de agacharse o adoptar posturas inc\u00f3modas<\/strong>, pero a su vez, contaba con un material el cual se distribu\u00eda en varias tiras de tela absorbentes las cuales cumpl\u00edan con la funci\u00f3n de un trapeador. Este invento tuvo bastante \u00e9xito y aunque <strong>muchas personas han tratado de adjudicarse este logro,<\/strong> hasta hoy en d\u00eda la \u00fanica versi\u00f3n oficial sobre qui\u00e9n invent\u00f3 la fregona, se adjudica a <strong>Manuel Jal\u00f3n<\/strong>.<img loading=\"lazy\" decoding=\"async\" class=\"aligncenter wp-image-9842\" src=\"https:\/\/doncomos.com\/educar\/wp-content\/uploads\/sites\/7\/2018\/03\/Qui\u00e9n-invent\u00f3-la-fregona-114.jpg\" alt=\"\" width=\"600\" height=\"397\" srcset=\"https:\/\/doncomos.com\/educar\/wp-content\/uploads\/sites\/7\/2018\/03\/Qui\u00e9n-invent\u00f3-la-fregona-114.jpg 640w, https:\/\/doncomos.com\/educar\/wp-content\/uploads\/sites\/7\/2018\/03\/Qui\u00e9n-invent\u00f3-la-fregona-114-300x198.jpg 300w, https:\/\/doncomos.com\/educar\/wp-content\/uploads\/sites\/7\/2018\/03\/Qui\u00e9n-invent\u00f3-la-fregona-114-270x178.jpg 270w\" sizes=\"auto, (max-width: 600px) 100vw, 600px\" \/><\/li>\n<div align=\"center\"><!-- Doncomos Educar 336 x 280 -->\n                                <ins class=\"adsbygoogle\"\n                                     style=\"display:inline-block;width:336px;height:280px\"\n                                     data-ad-client=\"ca-pub-7889333885495326\"\n                                     data-ad-slot=\"7649523894\"><\/ins>\n                                <script>\n                                (adsbygoogle = window.adsbygoogle || []).push({});\n                                <\/script><\/div><li>Este hombre fund\u00f3 su propia empresa cuyos art\u00edculos eran <strong>bastante reconocidos en el mundo<\/strong>, incluso muchos inversores extranjeros de empresas conocidas, se hab\u00edan interesado en el trabajo de Manuel. Este hombre invent\u00f3 el cubo de rodillos exprimidores y la fregona, facilitando la limpieza de miles de hogares espa\u00f1oles y extranjeros as\u00ed como la limpieza de establecimientos en todo el mundo.<\/li>\n<li>Este inventor espa\u00f1ol <strong>muri\u00f3 el 16 de diciembre del a\u00f1o 2011<\/strong>. Dejando todo un legado de inventos \u00fatiles sin los cuales hoy en d\u00eda ser\u00eda muy laborioso realizar la limpieza en cualquier lugar.<img loading=\"lazy\" decoding=\"async\" class=\"aligncenter wp-image-9839\" src=\"https:\/\/doncomos.com\/educar\/wp-content\/uploads\/sites\/7\/2018\/03\/Qui\u00e9n-invent\u00f3-la-fregona-769.jpg\" alt=\"\" width=\"600\" height=\"337\" srcset=\"https:\/\/doncomos.com\/educar\/wp-content\/uploads\/sites\/7\/2018\/03\/Qui\u00e9n-invent\u00f3-la-fregona-769.jpg 640w, https:\/\/doncomos.com\/educar\/wp-content\/uploads\/sites\/7\/2018\/03\/Qui\u00e9n-invent\u00f3-la-fregona-769-300x168.jpg 300w, https:\/\/doncomos.com\/educar\/wp-content\/uploads\/sites\/7\/2018\/03\/Qui\u00e9n-invent\u00f3-la-fregona-769-270x151.jpg 270w\" sizes=\"auto, (max-width: 600px) 100vw, 600px\" \/><\/li>\n<\/ol>\n<\/blockquote-content><\/div>\n<div class='single-functions-consejos'><h2 class='h2-title-single'><span id=\"Consejos\">Consejos<\/span><\/h2><blockquote-content><p>Esperamos que leer la historia detr\u00e1s de la fregona haya sido de tu agrado. Recuerda que tenemos m\u00e1s art\u00edculos interesantes y educativos en este sitio web, as\u00ed que disfruta de ellos.<\/p>\n<\/blockquote-content><\/div>\n","protected":false},"excerpt":{"rendered":"<p>Es bastante curioso como en ocasiones podemos hacernos preguntas acerca de cosas que son bastante comunes en nuestra vida cotidiana. Una de esas cosas es cuando nos preguntamos qui\u00e9n invent\u00f3 la fregona. Toda nuestra vida hemos crecido mirando fregonas, en [&hellip;]<\/p>\n","protected":false},"author":6,"featured_media":9843,"comment_status":"open","ping_status":"closed","sticky":false,"template":"","format":"standard","meta":{"footnotes":""},"categories":[881,2071],"tags":[],"class_list":["post-9837","post","type-post","status-publish","format-standard","has-post-thumbnail","hentry","category-historia","category-quien-invento"],"acf":[],"yoast_head":"<!-- This site is optimized with the Yoast SEO plugin v19.6 - https:\/\/yoast.com\/wordpress\/plugins\/seo\/ -->\n<title>Qui\u00e9n invent\u00f3 la fregona - Educaci\u00f3n Don C\u00f3mos<\/title>\n<meta name=\"description\" content=\"\u00bfQu\u00e9 tanto sabes sobre qui\u00e9n invent\u00f3 la fregona? No muchas personas cu\u00e1l es la historia que est\u00e1 detr\u00e1s de este curioso y sin duda maravilloso utensilio de limpieza, as\u00ed que aqu\u00ed te diremos todo lo que has de saber cobre \u00e9l.\" \/>\n<meta name=\"robots\" content=\"index, follow, max-snippet:-1, max-image-preview:large, max-video-preview:-1\" \/>\n<meta property=\"og:locale\" content=\"es_ES\" \/>\n<meta property=\"og:type\" content=\"article\" \/>\n<meta property=\"og:title\" content=\"Qui\u00e9n invent\u00f3 la fregona - Educaci\u00f3n Don C\u00f3mos\" \/>\n<meta property=\"og:description\" content=\"\u00bfQu\u00e9 tanto sabes sobre qui\u00e9n invent\u00f3 la fregona? No muchas personas cu\u00e1l es la historia que est\u00e1 detr\u00e1s de este curioso y sin duda maravilloso utensilio de limpieza, as\u00ed que aqu\u00ed te diremos todo lo que has de saber cobre \u00e9l.\" \/>\n<meta property=\"og:url\" content=\"https:\/\/doncomos.com\/educar\/quien-invento-la-fregona\" \/>\n<meta property=\"og:site_name\" content=\"Educar Doncomos.com: Aprende de forma F\u00e1cil y Amena\" \/>\n<meta property=\"article:publisher\" content=\"https:\/\/www.facebook.com\/doncomos\" \/>\n<meta property=\"article:published_time\" content=\"2018-04-25T08:08:10+00:00\" \/>\n<meta property=\"article:modified_time\" content=\"2018-03-19T11:52:51+00:00\" \/>\n<meta property=\"og:image\" content=\"https:\/\/doncomos.com\/educar\/wp-content\/uploads\/sites\/7\/2018\/03\/Qui\u00e9n-invent\u00f3-la-fregona-859.jpg\" \/>\n\t<meta property=\"og:image:width\" content=\"600\" \/>\n\t<meta property=\"og:image:height\" content=\"479\" \/>\n\t<meta property=\"og:image:type\" content=\"image\/jpeg\" \/>\n<meta name=\"author\" content=\"Jilliane\" \/>\n<meta name=\"twitter:card\" content=\"summary\" \/>\n<meta name=\"twitter:creator\" content=\"@doncomos\" \/>\n<meta name=\"twitter:site\" content=\"@doncomos\" \/>\n<meta name=\"twitter:label1\" content=\"Escrito por\" \/>\n\t<meta name=\"twitter:data1\" content=\"Jilliane\" \/>\n\t<meta name=\"twitter:label2\" content=\"Tiempo de lectura\" \/>\n\t<meta name=\"twitter:data2\" content=\"2 minutos\" \/>\n<script type=\"application\/ld+json\" class=\"yoast-schema-graph\">{\"@context\":\"https:\/\/schema.org\",\"@graph\":[{\"@type\":\"WebPage\",\"@id\":\"https:\/\/doncomos.com\/educar\/quien-invento-la-fregona\",\"url\":\"https:\/\/doncomos.com\/educar\/quien-invento-la-fregona\",\"name\":\"Qui\u00e9n invent\u00f3 la fregona - Educaci\u00f3n Don C\u00f3mos\",\"isPartOf\":{\"@id\":\"https:\/\/doncomos.com\/educar\/#website\"},\"datePublished\":\"2018-04-25T08:08:10+00:00\",\"dateModified\":\"2018-03-19T11:52:51+00:00\",\"author\":{\"@id\":\"https:\/\/doncomos.com\/educar\/#\/schema\/person\/773822b802887955c67711432be388a6\"},\"description\":\"\u00bfQu\u00e9 tanto sabes sobre qui\u00e9n invent\u00f3 la fregona? No muchas personas cu\u00e1l es la historia que est\u00e1 detr\u00e1s de este curioso y sin duda maravilloso utensilio de limpieza, as\u00ed que aqu\u00ed te diremos todo lo que has de saber cobre \u00e9l.\",\"breadcrumb\":{\"@id\":\"https:\/\/doncomos.com\/educar\/quien-invento-la-fregona#breadcrumb\"},\"inLanguage\":\"es\",\"potentialAction\":[{\"@type\":\"ReadAction\",\"target\":[\"https:\/\/doncomos.com\/educar\/quien-invento-la-fregona\"]}]},{\"@type\":\"BreadcrumbList\",\"@id\":\"https:\/\/doncomos.com\/educar\/quien-invento-la-fregona#breadcrumb\",\"itemListElement\":[{\"@type\":\"ListItem\",\"position\":1,\"name\":\"Home\",\"item\":\"https:\/\/doncomos.com\/educar\"},{\"@type\":\"ListItem\",\"position\":2,\"name\":\"Qui\u00e9n invent\u00f3 la fregona\"}]},{\"@type\":\"WebSite\",\"@id\":\"https:\/\/doncomos.com\/educar\/#website\",\"url\":\"https:\/\/doncomos.com\/educar\/\",\"name\":\"Educar Doncomos.com: Aprende de forma F\u00e1cil y Amena\",\"description\":\"Educar - Ense\u00f1amos todos los c\u00f3mos sobre educaci\u00f3n de la mano de profesores\",\"potentialAction\":[{\"@type\":\"SearchAction\",\"target\":{\"@type\":\"EntryPoint\",\"urlTemplate\":\"https:\/\/doncomos.com\/educar\/?s={search_term_string}\"},\"query-input\":\"required name=search_term_string\"}],\"inLanguage\":\"es\"},{\"@type\":\"Person\",\"@id\":\"https:\/\/doncomos.com\/educar\/#\/schema\/person\/773822b802887955c67711432be388a6\",\"name\":\"Jilliane\",\"image\":{\"@type\":\"ImageObject\",\"inLanguage\":\"es\",\"@id\":\"https:\/\/doncomos.com\/educar\/#\/schema\/person\/image\/\",\"url\":\"https:\/\/secure.gravatar.com\/avatar\/8bca5abf516796b25f191e5f254ca7bd82b0bc71e0e0c86e1f2ef118ef4a472e?s=96&d=mm&r=g\",\"contentUrl\":\"https:\/\/secure.gravatar.com\/avatar\/8bca5abf516796b25f191e5f254ca7bd82b0bc71e0e0c86e1f2ef118ef4a472e?s=96&d=mm&r=g\",\"caption\":\"Jilliane\"},\"description\":\"Soy Jilliane, escribo art\u00edculos para blogs, revistas, y peri\u00f3dicos virtuales en internet. Estudio el segundo semestre de redes y comunicaciones en la UAM, antes de esto, estudi\u00e9 dos cuatrimestres de psicolog\u00eda, pero tuve que interrumpir mis estudios por problemas personales y econ\u00f3micos. Adoro la lectura, la m\u00fasica, el canto, la danza, la reposter\u00eda, la escritura y los gatos. Tambi\u00e9n me gusta investigar temas poco concurridos y concienciar a la gente sobre de ellos. Trato de ser siempre una mujer, educada, comprometida y responsable, tanto con mi trabajo, como con mis estudios. Procuro no ser agresiva ni vulgar a la hora de debatir sobre un tema, siempre trato de mostrar argumentos l\u00f3gicos ante cualquier ataque o juicio inapropiado.\",\"url\":\"https:\/\/doncomos.com\/educar\/autor\/jillina\"}]}<\/script>\n<!-- \/ Yoast SEO plugin. -->","yoast_head_json":{"title":"Qui\u00e9n invent\u00f3 la fregona - Educaci\u00f3n Don C\u00f3mos","description":"\u00bfQu\u00e9 tanto sabes sobre qui\u00e9n invent\u00f3 la fregona? No muchas personas cu\u00e1l es la historia que est\u00e1 detr\u00e1s de este curioso y sin duda maravilloso utensilio de limpieza, as\u00ed que aqu\u00ed te diremos todo lo que has de saber cobre \u00e9l.","robots":{"index":"index","follow":"follow","max-snippet":"max-snippet:-1","max-image-preview":"max-image-preview:large","max-video-preview":"max-video-preview:-1"},"og_locale":"es_ES","og_type":"article","og_title":"Qui\u00e9n invent\u00f3 la fregona - Educaci\u00f3n Don C\u00f3mos","og_description":"\u00bfQu\u00e9 tanto sabes sobre qui\u00e9n invent\u00f3 la fregona? No muchas personas cu\u00e1l es la historia que est\u00e1 detr\u00e1s de este curioso y sin duda maravilloso utensilio de limpieza, as\u00ed que aqu\u00ed te diremos todo lo que has de saber cobre \u00e9l.","og_url":"https:\/\/doncomos.com\/educar\/quien-invento-la-fregona","og_site_name":"Educar Doncomos.com: Aprende de forma F\u00e1cil y Amena","article_publisher":"https:\/\/www.facebook.com\/doncomos","article_published_time":"2018-04-25T08:08:10+00:00","article_modified_time":"2018-03-19T11:52:51+00:00","og_image":[{"width":600,"height":479,"url":"https:\/\/doncomos.com\/educar\/wp-content\/uploads\/sites\/7\/2018\/03\/Qui\u00e9n-invent\u00f3-la-fregona-859.jpg","type":"image\/jpeg"}],"author":"Jilliane","twitter_card":"summary","twitter_creator":"@doncomos","twitter_site":"@doncomos","twitter_misc":{"Escrito por":"Jilliane","Tiempo de lectura":"2 minutos"},"schema":{"@context":"https:\/\/schema.org","@graph":[{"@type":"WebPage","@id":"https:\/\/doncomos.com\/educar\/quien-invento-la-fregona","url":"https:\/\/doncomos.com\/educar\/quien-invento-la-fregona","name":"Qui\u00e9n invent\u00f3 la fregona - Educaci\u00f3n Don C\u00f3mos","isPartOf":{"@id":"https:\/\/doncomos.com\/educar\/#website"},"datePublished":"2018-04-25T08:08:10+00:00","dateModified":"2018-03-19T11:52:51+00:00","author":{"@id":"https:\/\/doncomos.com\/educar\/#\/schema\/person\/773822b802887955c67711432be388a6"},"description":"\u00bfQu\u00e9 tanto sabes sobre qui\u00e9n invent\u00f3 la fregona? No muchas personas cu\u00e1l es la historia que est\u00e1 detr\u00e1s de este curioso y sin duda maravilloso utensilio de limpieza, as\u00ed que aqu\u00ed te diremos todo lo que has de saber cobre \u00e9l.","breadcrumb":{"@id":"https:\/\/doncomos.com\/educar\/quien-invento-la-fregona#breadcrumb"},"inLanguage":"es","potentialAction":[{"@type":"ReadAction","target":["https:\/\/doncomos.com\/educar\/quien-invento-la-fregona"]}]},{"@type":"BreadcrumbList","@id":"https:\/\/doncomos.com\/educar\/quien-invento-la-fregona#breadcrumb","itemListElement":[{"@type":"ListItem","position":1,"name":"Home","item":"https:\/\/doncomos.com\/educar"},{"@type":"ListItem","position":2,"name":"Qui\u00e9n invent\u00f3 la fregona"}]},{"@type":"WebSite","@id":"https:\/\/doncomos.com\/educar\/#website","url":"https:\/\/doncomos.com\/educar\/","name":"Educar Doncomos.com: Aprende de forma F\u00e1cil y Amena","description":"Educar - Ense\u00f1amos todos los c\u00f3mos sobre educaci\u00f3n de la mano de profesores","potentialAction":[{"@type":"SearchAction","target":{"@type":"EntryPoint","urlTemplate":"https:\/\/doncomos.com\/educar\/?s={search_term_string}"},"query-input":"required name=search_term_string"}],"inLanguage":"es"},{"@type":"Person","@id":"https:\/\/doncomos.com\/educar\/#\/schema\/person\/773822b802887955c67711432be388a6","name":"Jilliane","image":{"@type":"ImageObject","inLanguage":"es","@id":"https:\/\/doncomos.com\/educar\/#\/schema\/person\/image\/","url":"https:\/\/secure.gravatar.com\/avatar\/8bca5abf516796b25f191e5f254ca7bd82b0bc71e0e0c86e1f2ef118ef4a472e?s=96&d=mm&r=g","contentUrl":"https:\/\/secure.gravatar.com\/avatar\/8bca5abf516796b25f191e5f254ca7bd82b0bc71e0e0c86e1f2ef118ef4a472e?s=96&d=mm&r=g","caption":"Jilliane"},"description":"Soy Jilliane, escribo art\u00edculos para blogs, revistas, y peri\u00f3dicos virtuales en internet. Estudio el segundo semestre de redes y comunicaciones en la UAM, antes de esto, estudi\u00e9 dos cuatrimestres de psicolog\u00eda, pero tuve que interrumpir mis estudios por problemas personales y econ\u00f3micos. Adoro la lectura, la m\u00fasica, el canto, la danza, la reposter\u00eda, la escritura y los gatos. Tambi\u00e9n me gusta investigar temas poco concurridos y concienciar a la gente sobre de ellos. Trato de ser siempre una mujer, educada, comprometida y responsable, tanto con mi trabajo, como con mis estudios. Procuro no ser agresiva ni vulgar a la hora de debatir sobre un tema, siempre trato de mostrar argumentos l\u00f3gicos ante cualquier ataque o juicio inapropiado.","url":"https:\/\/doncomos.com\/educar\/autor\/jillina"}]}},"_links":{"self":[{"href":"https:\/\/doncomos.com\/educar\/wp-json\/wp\/v2\/posts\/9837","targetHints":{"allow":["GET"]}}],"collection":[{"href":"https:\/\/doncomos.com\/educar\/wp-json\/wp\/v2\/posts"}],"about":[{"href":"https:\/\/doncomos.com\/educar\/wp-json\/wp\/v2\/types\/post"}],"author":[{"embeddable":true,"href":"https:\/\/doncomos.com\/educar\/wp-json\/wp\/v2\/users\/6"}],"replies":[{"embeddable":true,"href":"https:\/\/doncomos.com\/educar\/wp-json\/wp\/v2\/comments?post=9837"}],"version-history":[{"count":1,"href":"https:\/\/doncomos.com\/educar\/wp-json\/wp\/v2\/posts\/9837\/revisions"}],"predecessor-version":[{"id":9844,"href":"https:\/\/doncomos.com\/educar\/wp-json\/wp\/v2\/posts\/9837\/revisions\/9844"}],"wp:featuredmedia":[{"embeddable":true,"href":"https:\/\/doncomos.com\/educar\/wp-json\/wp\/v2\/media\/9843"}],"wp:attachment":[{"href":"https:\/\/doncomos.com\/educar\/wp-json\/wp\/v2\/media?parent=9837"}],"wp:term":[{"taxonomy":"category","embeddable":true,"href":"https:\/\/doncomos.com\/educar\/wp-json\/wp\/v2\/categories?post=9837"},{"taxonomy":"post_tag","embeddable":true,"href":"https:\/\/doncomos.com\/educar\/wp-json\/wp\/v2\/tags?post=9837"}],"curies":[{"name":"wp","href":"https:\/\/api.w.org\/{rel}","templated":true}]}}