{"id":9891,"date":"2018-04-29T11:32:06","date_gmt":"2018-04-29T10:32:06","guid":{"rendered":"http:\/\/doncomos.com\/educar\/?p=9891"},"modified":"2018-03-19T12:53:03","modified_gmt":"2018-03-19T11:53:03","slug":"quien-invento-el-avion","status":"publish","type":"post","link":"https:\/\/doncomos.com\/educar\/quien-invento-el-avion","title":{"rendered":"Qui\u00e9n invent\u00f3 el avi\u00f3n"},"content":{"rendered":"<div id=\"toc_container\" class=\"no_bullets\"><p class=\"toc_title\">Contenido del Art&iacute;culo<\/p><ul class=\"toc_list\"><li><a href=\"#Que_Necesitas\">Que Necesitas<\/a><\/li><li><a href=\"#Instrucciones\">Instrucciones<\/a><\/li><li><a href=\"#Consejos\">Consejos<\/a><\/li><\/ul><\/div>\n<p>Hoy en d\u00eda la aviaci\u00f3n es muy importante y se emplea para diversos motivos. <strong>Volar en un avi\u00f3n sirve<\/strong> <strong>para m\u00faltiples cosas<\/strong>, desde permitir que personas se desplacen a otro lugar de manera r\u00e1pida y efectiva, hasta transportar materias importantes en poco tiempo. \u00bf<strong>Pero qui\u00e9n invent\u00f3 el avi\u00f3n<\/strong>?<\/p>\n<p>A lo largo de la historia siempre se ha hablado de <strong>naves voladoras y seres que han podido levitar<\/strong>, pero m\u00e1s all\u00e1 de ser historias ficticias o mitos hist\u00f3ricos, este tipo de cosas han contribuido a hacer crecer las mentes de la gente so\u00f1adora y curiosa, y <strong>gracias a estos so\u00f1adores que lucharon por conseguir realizar sus sue\u00f1os<\/strong>, es que hoy en d\u00eda tenemos todo lo que conocemos sobre la aviaci\u00f3n y la navegaci\u00f3n a\u00e9rea.<\/p>\n<p>Hoy en d\u00eda resulta dif\u00edcil imaginar un lugar civilizado y moderno en el que no se efect\u00faen vuelos, ya que los aviones han supuesto para la historia un gran avance tecnol\u00f3gico. Desde que las naves a\u00e9reas efectivas existen se han empleado para miles de cosas, desde transportar cosas o personas hasta ser utilizados como armamento militar durante las diversas guerras.<\/p>\n<p>Pero sin duda el mayor avance que dio el salto a lo que hoy conocemos como aviones y que nos hace pensar en qui\u00e9n invent\u00f3 el avi\u00f3n, sucedi\u00f3 <strong>a finales del siglo XIX y principios del siglo XX<\/strong>, cuando varios inventores en diversas partes del mundo lograron mantener vuelos en m\u00e1quinas a\u00e9reas. Existe la idea de que los hermanos Wright inventaron el avi\u00f3n, pero lejos de ser \u201cla verdadera historia\u201d y <strong>sin el motivo de desacreditar a nadie<\/strong>, aqu\u00ed te diremos todo sobre c\u00f3mo surgi\u00f3 el avi\u00f3n.<\/p>\n<div align=\"center\"><!-- Doncomos Educar Enlaces Adaptable -->\n                                       <ins class=\"adsbygoogle\"\n                                            style=\"display:block; height:90px;\"\n                                            data-ad-client=\"ca-pub-7889333885495326\"\n                                            data-ad-slot=\"1590071393\"\n                                            data-ad-format=\"link\"><\/ins>\n                                       <script>\n                                       (adsbygoogle = window.adsbygoogle || []).push({});\n                                       <\/script><div id=\"div-video-intext\"><\/div><\/div><div class='single-functions-div-instrucciones2'><h2 class='h2-title-single'><span id=\"Que_Necesitas\">Que Necesitas<\/span><\/h2><blockquote-content><ul>\n<li class='single-functions-li-instrucciones'><input class='single-functions-instrucciones' type='checkbox'> Investigar<\/li>\n<li class='single-functions-li-instrucciones'><input class='single-functions-instrucciones' type='checkbox'> Leer<\/li>\n<\/ul>\n<\/blockquote-content><\/div>\n<div align=\"center\"><!-- Doncomos Educar 336 x 280 -->\n                                <ins class=\"adsbygoogle\"\n                                     style=\"display:inline-block;width:336px;height:280px\"\n                                     data-ad-client=\"ca-pub-7889333885495326\"\n                                     data-ad-slot=\"7649523894\"><\/ins>\n                                <script>\n                                (adsbygoogle = window.adsbygoogle || []).push({});\n                                <\/script><\/div><div class='single-functions-top-instrucciones'><h2 class='h2-title-single'><span id=\"Instrucciones\">Instrucciones<\/span><\/h2><blockquote-content><ol>\n<li>Desde ni\u00f1os hemos crecido con la idea de que los hermanos <strong>Wilbur y Orville Wright<\/strong> han sido los inventores del avi\u00f3n ya que estos hermanos estadounidenses patentaron su invento y documentaron la ejecuci\u00f3n de los vuelos. en el siglo <strong>IX el qu\u00edmico y f\u00edsico musulm\u00e1n\u00a0Abbas ibn Firnas <\/strong>realiz\u00f3 el <strong>primer intento hist\u00f3rico de volar con una maquina<\/strong>, desgraciadamente aunque logr\u00f3 volar, la ca\u00edda casi le rompe la espalda. Este invento procedi\u00f3 a inspirar posteriormente a<strong> Leonardo Da Vinc<\/strong>i.<img loading=\"lazy\" decoding=\"async\" class=\"aligncenter wp-image-9909\" src=\"https:\/\/doncomos.com\/educar\/wp-content\/uploads\/sites\/7\/2018\/03\/Qui\u00e9n-invent\u00f3-el-avi\u00f3n-779.jpg\" alt=\"\" width=\"600\" height=\"451\" srcset=\"https:\/\/doncomos.com\/educar\/wp-content\/uploads\/sites\/7\/2018\/03\/Qui\u00e9n-invent\u00f3-el-avi\u00f3n-779.jpg 640w, https:\/\/doncomos.com\/educar\/wp-content\/uploads\/sites\/7\/2018\/03\/Qui\u00e9n-invent\u00f3-el-avi\u00f3n-779-300x225.jpg 300w, https:\/\/doncomos.com\/educar\/wp-content\/uploads\/sites\/7\/2018\/03\/Qui\u00e9n-invent\u00f3-el-avi\u00f3n-779-266x200.jpg 266w\" sizes=\"auto, (max-width: 600px) 100vw, 600px\" \/><\/li>\n<li>El mism\u00edsimo <strong>Leonardo Da Vinci <\/strong>hab\u00eda planificado y dise\u00f1ado una versi\u00f3n propia de una nave aeron\u00e1utica autopropulsada en la cual se inspiraron muchos inventores posteriormente, as\u00ed como tambi\u00e9n de un helic\u00f3ptero. El gran inventor <strong>Nicola Tesla <\/strong>tambi\u00e9n dise\u00f1\u00f3 una versi\u00f3n del helic\u00f3ptero.<img loading=\"lazy\" decoding=\"async\" class=\"aligncenter wp-image-9893\" src=\"https:\/\/doncomos.com\/educar\/wp-content\/uploads\/sites\/7\/2018\/03\/Qui\u00e9n-invent\u00f3-el-avi\u00f3n-650.jpg\" alt=\"\" width=\"600\" height=\"400\" srcset=\"https:\/\/doncomos.com\/educar\/wp-content\/uploads\/sites\/7\/2018\/03\/Qui\u00e9n-invent\u00f3-el-avi\u00f3n-650.jpg 640w, https:\/\/doncomos.com\/educar\/wp-content\/uploads\/sites\/7\/2018\/03\/Qui\u00e9n-invent\u00f3-el-avi\u00f3n-650-300x200.jpg 300w, https:\/\/doncomos.com\/educar\/wp-content\/uploads\/sites\/7\/2018\/03\/Qui\u00e9n-invent\u00f3-el-avi\u00f3n-650-270x180.jpg 270w\" sizes=\"auto, (max-width: 600px) 100vw, 600px\" \/><\/li>\n<li>Artefactos como los globos y planeadores ya hab\u00edan sido creados en Europa. Naves de impulsi\u00f3n por vapor tambi\u00e9n. Vuelos realizados por propulsi\u00f3n externa, como lo son las catapultas, ya se hab\u00edan realizado, as\u00ed que <strong>si crees que los hermanos Wright o Alberto Santos Dumont fueron los primeros, entonces te equivocas<\/strong>.<img loading=\"lazy\" decoding=\"async\" class=\"aligncenter size-full wp-image-9898\" src=\"https:\/\/doncomos.com\/educar\/wp-content\/uploads\/sites\/7\/2018\/03\/Qui\u00e9n-invent\u00f3-el-avi\u00f3n-484.jpg\" alt=\"\" width=\"525\" height=\"394\" srcset=\"https:\/\/doncomos.com\/educar\/wp-content\/uploads\/sites\/7\/2018\/03\/Qui\u00e9n-invent\u00f3-el-avi\u00f3n-484.jpg 525w, https:\/\/doncomos.com\/educar\/wp-content\/uploads\/sites\/7\/2018\/03\/Qui\u00e9n-invent\u00f3-el-avi\u00f3n-484-300x225.jpg 300w, https:\/\/doncomos.com\/educar\/wp-content\/uploads\/sites\/7\/2018\/03\/Qui\u00e9n-invent\u00f3-el-avi\u00f3n-484-266x200.jpg 266w\" sizes=\"auto, (max-width: 525px) 100vw, 525px\" \/><\/li>\n<li>Algunas de las personas a las que tambi\u00e9n se les podr\u00eda acu\u00f1ar como inventores del avi\u00f3n son <strong>Gustave Whiehead<\/strong>, quien el 14 de agosto de 1901 afirm\u00f3 haber volado en una nave que se impuls\u00f3 por s\u00ed sola en el aire. Por desgracia no document\u00f3 el hecho, pero s\u00ed fue replicado su avi\u00f3n posteriormente con \u00e9xito.Por otro lado, al a\u00f1o siguiente <strong>Lyman Gilmore<\/strong> el d\u00eda 15 de mayo de 1902 afirm\u00f3 haber volado. <strong>Richard William Pearse <\/strong>consigui\u00f3 volar a m\u00e1s de 3 metros sobre el aire en una nave monoplana la cual choc\u00f3 contra un monte. <strong>Traian Viua<\/strong> logr\u00f3 despegar una aeronave hecha por \u00e9l mismo sin ayuda de ning\u00fan complemento propulsor exterior. <strong>Karl Jatho<\/strong> tambi\u00e9n cre\u00f3 su propia versi\u00f3n del avi\u00f3n en 1903 con 3 plataformas que serv\u00edan como alas.<img loading=\"lazy\" decoding=\"async\" class=\"aligncenter size-full wp-image-9896\" src=\"https:\/\/doncomos.com\/educar\/wp-content\/uploads\/sites\/7\/2018\/03\/Qui\u00e9n-invent\u00f3-el-avi\u00f3n-337.jpg\" alt=\"\" width=\"640\" height=\"327\" srcset=\"https:\/\/doncomos.com\/educar\/wp-content\/uploads\/sites\/7\/2018\/03\/Qui\u00e9n-invent\u00f3-el-avi\u00f3n-337.jpg 640w, https:\/\/doncomos.com\/educar\/wp-content\/uploads\/sites\/7\/2018\/03\/Qui\u00e9n-invent\u00f3-el-avi\u00f3n-337-300x153.jpg 300w, https:\/\/doncomos.com\/educar\/wp-content\/uploads\/sites\/7\/2018\/03\/Qui\u00e9n-invent\u00f3-el-avi\u00f3n-337-270x138.jpg 270w\" sizes=\"auto, (max-width: 640px) 100vw, 640px\" \/><\/li>\n<li>En el a\u00f1o de <strong>1903 en Ohio en Estados Unidos<\/strong>, los hermanos <strong>Wilbur y Orville Wright<\/strong> lograron <strong>volar por 59 segundos<\/strong> en una aeronave impulsada por una catapulta en la playa de <strong>Kitty Hawk<\/strong>. Pero el vuelo m\u00e1s relevante hasta este momento que cambi\u00f3 la historia de los Estados Unidos y que hizo que por mucho tiempo se les considere los padres de la aviaci\u00f3n, fue un vuelo realizado en el a\u00f1o de 1905 el d\u00eda 5 de Octubre en su prototipo llamado Flayer III, el cual recorri\u00f3 <strong>una distancia de 39 kil\u00f3metros en 38 minutos<\/strong>.<img loading=\"lazy\" decoding=\"async\" class=\"aligncenter size-full wp-image-9895\" src=\"https:\/\/doncomos.com\/educar\/wp-content\/uploads\/sites\/7\/2018\/03\/Qui\u00e9n-invent\u00f3-el-avi\u00f3n-426.jpg\" alt=\"\" width=\"600\" height=\"400\" srcset=\"https:\/\/doncomos.com\/educar\/wp-content\/uploads\/sites\/7\/2018\/03\/Qui\u00e9n-invent\u00f3-el-avi\u00f3n-426.jpg 600w, https:\/\/doncomos.com\/educar\/wp-content\/uploads\/sites\/7\/2018\/03\/Qui\u00e9n-invent\u00f3-el-avi\u00f3n-426-300x200.jpg 300w, https:\/\/doncomos.com\/educar\/wp-content\/uploads\/sites\/7\/2018\/03\/Qui\u00e9n-invent\u00f3-el-avi\u00f3n-426-270x180.jpg 270w\" sizes=\"auto, (max-width: 600px) 100vw, 600px\" \/><\/li>\n<div align=\"center\"><!-- Doncomos Educar 336 x 280 -->\n                                <ins class=\"adsbygoogle\"\n                                     style=\"display:inline-block;width:336px;height:280px\"\n                                     data-ad-client=\"ca-pub-7889333885495326\"\n                                     data-ad-slot=\"7649523894\"><\/ins>\n                                <script>\n                                (adsbygoogle = window.adsbygoogle || []).push({});\n                                <\/script><\/div><li>Sin embargo contempor\u00e1neamente en Europa, el brasile\u00f1o <strong>Alberto Santos Dumont<\/strong> logr\u00f3 convertirse en <strong>el primer hombre en realizar un vuelo a bordo de \u00e9l<\/strong> con un artefacto que se impulsaba sin ayuda de catapultas o impulsores externos, es decir, una avi\u00f3n auto-impulsado y piloteado por \u00e9l mismo. Su avi\u00f3n se llam\u00f3 el <strong>14 Bis<\/strong> y logr\u00f3 elevarse varios metros sobre el aire, <strong>despegar y aterrizar controladamente<\/strong>. No obstante, ya se hab\u00eda realizado un prototipo en 1904.<img loading=\"lazy\" decoding=\"async\" class=\"aligncenter size-full wp-image-9897\" src=\"https:\/\/doncomos.com\/educar\/wp-content\/uploads\/sites\/7\/2018\/03\/Qui\u00e9n-invent\u00f3-el-avi\u00f3n-444.jpg\" alt=\"\" width=\"640\" height=\"375\" srcset=\"https:\/\/doncomos.com\/educar\/wp-content\/uploads\/sites\/7\/2018\/03\/Qui\u00e9n-invent\u00f3-el-avi\u00f3n-444.jpg 640w, https:\/\/doncomos.com\/educar\/wp-content\/uploads\/sites\/7\/2018\/03\/Qui\u00e9n-invent\u00f3-el-avi\u00f3n-444-300x176.jpg 300w, https:\/\/doncomos.com\/educar\/wp-content\/uploads\/sites\/7\/2018\/03\/Qui\u00e9n-invent\u00f3-el-avi\u00f3n-444-270x158.jpg 270w\" sizes=\"auto, (max-width: 640px) 100vw, 640px\" \/><\/li>\n<li>Este vuelo ocurri\u00f3 el 23 de octubre de 1906, m\u00e1s de un a\u00f1o despu\u00e9s de que <strong>los hermanos Wright<\/strong> probaran su <strong>Flayer III<\/strong>, sin embargo, debido a que los hermanos utilizaron elementos externos para impulsar su nave, algo no muy diferente a lo que hab\u00edan hecho ya otros inventores, se puede considerar que <strong>Alberto Santos Dumont fue el primer hombre en realizar un vuelo autoimpulsado, piloteado y controlado<\/strong>.<\/li>\n<\/ol>\n<\/blockquote-content><\/div>\n<div class='single-functions-consejos'><h2 class='h2-title-single'><span id=\"Consejos\">Consejos<\/span><\/h2><blockquote-content><ul>\n<li>El mismo Dumont fue testigo del vuelo de <strong>Gabriel Voisin<\/strong>, quien recorri\u00f3 m\u00e1s de <strong>150 metros en el aire<\/strong> en lo que se podr\u00eda considerar un\u00a0 hidroavi\u00f3n, por lo cual, querer adjudicar el cr\u00e9dito de inventor del avi\u00f3n a alguien en espec\u00edfico, resulta poco factible y poco comprobable, ya que como hemos dicho, decenas de personas lograron volar en naves a\u00e9reas <strong>antes de Dumont o los hermanos Wright<\/strong>. Lo que si podemos afirmar es que sin todos estos hombres no existir\u00edan las aeronaves como hoy en d\u00eda las conocemos.<\/li>\n<\/ul>\n<\/blockquote-content><\/div>\n","protected":false},"excerpt":{"rendered":"<p>Hoy en d\u00eda la aviaci\u00f3n es muy importante y se emplea para diversos motivos. Volar en un avi\u00f3n sirve para m\u00faltiples cosas, desde permitir que personas se desplacen a otro lugar de manera r\u00e1pida y efectiva, hasta transportar materias importantes [&hellip;]<\/p>\n","protected":false},"author":6,"featured_media":9897,"comment_status":"open","ping_status":"closed","sticky":false,"template":"","format":"standard","meta":{"footnotes":""},"categories":[881,2071],"tags":[],"class_list":["post-9891","post","type-post","status-publish","format-standard","has-post-thumbnail","hentry","category-historia","category-quien-invento"],"acf":[],"yoast_head":"<!-- This site is optimized with the Yoast SEO plugin v19.6 - https:\/\/yoast.com\/wordpress\/plugins\/seo\/ -->\n<title>Qui\u00e9n invent\u00f3 el avi\u00f3n - Educaci\u00f3n Don C\u00f3mos<\/title>\n<meta name=\"description\" content=\"Hoy en d\u00eda la aviaci\u00f3n es muy importante y se emplea para diversos motivos. Volar en un avi\u00f3n sirve para m\u00faltiples cosas, desde permitir que personas se desplacen a otro lugar de manera r\u00e1pida y efectiva, hasta transportar materias importantes en poco tiempo. \u00bfPero qui\u00e9n invent\u00f3 el avi\u00f3n?\" \/>\n<meta name=\"robots\" content=\"index, follow, max-snippet:-1, max-image-preview:large, max-video-preview:-1\" \/>\n<meta property=\"og:locale\" content=\"es_ES\" \/>\n<meta property=\"og:type\" content=\"article\" \/>\n<meta property=\"og:title\" content=\"Qui\u00e9n invent\u00f3 el avi\u00f3n - Educaci\u00f3n Don C\u00f3mos\" \/>\n<meta property=\"og:description\" content=\"Hoy en d\u00eda la aviaci\u00f3n es muy importante y se emplea para diversos motivos. Volar en un avi\u00f3n sirve para m\u00faltiples cosas, desde permitir que personas se desplacen a otro lugar de manera r\u00e1pida y efectiva, hasta transportar materias importantes en poco tiempo. \u00bfPero qui\u00e9n invent\u00f3 el avi\u00f3n?\" \/>\n<meta property=\"og:url\" content=\"https:\/\/doncomos.com\/educar\/quien-invento-el-avion\" \/>\n<meta property=\"og:site_name\" content=\"Educar Doncomos.com: Aprende de forma F\u00e1cil y Amena\" \/>\n<meta property=\"article:publisher\" content=\"https:\/\/www.facebook.com\/doncomos\" \/>\n<meta property=\"article:published_time\" content=\"2018-04-29T10:32:06+00:00\" \/>\n<meta property=\"article:modified_time\" content=\"2018-03-19T11:53:03+00:00\" \/>\n<meta property=\"og:image\" content=\"https:\/\/doncomos.com\/educar\/wp-content\/uploads\/sites\/7\/2018\/03\/Qui\u00e9n-invent\u00f3-el-avi\u00f3n-444.jpg\" \/>\n\t<meta property=\"og:image:width\" content=\"640\" \/>\n\t<meta property=\"og:image:height\" content=\"375\" \/>\n\t<meta property=\"og:image:type\" content=\"image\/jpeg\" \/>\n<meta name=\"author\" content=\"Jilliane\" \/>\n<meta name=\"twitter:card\" content=\"summary\" \/>\n<meta name=\"twitter:creator\" content=\"@doncomos\" \/>\n<meta name=\"twitter:site\" content=\"@doncomos\" \/>\n<meta name=\"twitter:label1\" content=\"Escrito por\" \/>\n\t<meta name=\"twitter:data1\" content=\"Jilliane\" \/>\n\t<meta name=\"twitter:label2\" content=\"Tiempo de lectura\" \/>\n\t<meta name=\"twitter:data2\" content=\"2 minutos\" \/>\n<script type=\"application\/ld+json\" class=\"yoast-schema-graph\">{\"@context\":\"https:\/\/schema.org\",\"@graph\":[{\"@type\":\"WebPage\",\"@id\":\"https:\/\/doncomos.com\/educar\/quien-invento-el-avion\",\"url\":\"https:\/\/doncomos.com\/educar\/quien-invento-el-avion\",\"name\":\"Qui\u00e9n invent\u00f3 el avi\u00f3n - Educaci\u00f3n Don C\u00f3mos\",\"isPartOf\":{\"@id\":\"https:\/\/doncomos.com\/educar\/#website\"},\"datePublished\":\"2018-04-29T10:32:06+00:00\",\"dateModified\":\"2018-03-19T11:53:03+00:00\",\"author\":{\"@id\":\"https:\/\/doncomos.com\/educar\/#\/schema\/person\/773822b802887955c67711432be388a6\"},\"description\":\"Hoy en d\u00eda la aviaci\u00f3n es muy importante y se emplea para diversos motivos. Volar en un avi\u00f3n sirve para m\u00faltiples cosas, desde permitir que personas se desplacen a otro lugar de manera r\u00e1pida y efectiva, hasta transportar materias importantes en poco tiempo. \u00bfPero qui\u00e9n invent\u00f3 el avi\u00f3n?\",\"breadcrumb\":{\"@id\":\"https:\/\/doncomos.com\/educar\/quien-invento-el-avion#breadcrumb\"},\"inLanguage\":\"es\",\"potentialAction\":[{\"@type\":\"ReadAction\",\"target\":[\"https:\/\/doncomos.com\/educar\/quien-invento-el-avion\"]}]},{\"@type\":\"BreadcrumbList\",\"@id\":\"https:\/\/doncomos.com\/educar\/quien-invento-el-avion#breadcrumb\",\"itemListElement\":[{\"@type\":\"ListItem\",\"position\":1,\"name\":\"Home\",\"item\":\"https:\/\/doncomos.com\/educar\"},{\"@type\":\"ListItem\",\"position\":2,\"name\":\"Qui\u00e9n invent\u00f3 el avi\u00f3n\"}]},{\"@type\":\"WebSite\",\"@id\":\"https:\/\/doncomos.com\/educar\/#website\",\"url\":\"https:\/\/doncomos.com\/educar\/\",\"name\":\"Educar Doncomos.com: Aprende de forma F\u00e1cil y Amena\",\"description\":\"Educar - Ense\u00f1amos todos los c\u00f3mos sobre educaci\u00f3n de la mano de profesores\",\"potentialAction\":[{\"@type\":\"SearchAction\",\"target\":{\"@type\":\"EntryPoint\",\"urlTemplate\":\"https:\/\/doncomos.com\/educar\/?s={search_term_string}\"},\"query-input\":\"required name=search_term_string\"}],\"inLanguage\":\"es\"},{\"@type\":\"Person\",\"@id\":\"https:\/\/doncomos.com\/educar\/#\/schema\/person\/773822b802887955c67711432be388a6\",\"name\":\"Jilliane\",\"image\":{\"@type\":\"ImageObject\",\"inLanguage\":\"es\",\"@id\":\"https:\/\/doncomos.com\/educar\/#\/schema\/person\/image\/\",\"url\":\"https:\/\/secure.gravatar.com\/avatar\/8bca5abf516796b25f191e5f254ca7bd82b0bc71e0e0c86e1f2ef118ef4a472e?s=96&d=mm&r=g\",\"contentUrl\":\"https:\/\/secure.gravatar.com\/avatar\/8bca5abf516796b25f191e5f254ca7bd82b0bc71e0e0c86e1f2ef118ef4a472e?s=96&d=mm&r=g\",\"caption\":\"Jilliane\"},\"description\":\"Soy Jilliane, escribo art\u00edculos para blogs, revistas, y peri\u00f3dicos virtuales en internet. Estudio el segundo semestre de redes y comunicaciones en la UAM, antes de esto, estudi\u00e9 dos cuatrimestres de psicolog\u00eda, pero tuve que interrumpir mis estudios por problemas personales y econ\u00f3micos. Adoro la lectura, la m\u00fasica, el canto, la danza, la reposter\u00eda, la escritura y los gatos. Tambi\u00e9n me gusta investigar temas poco concurridos y concienciar a la gente sobre de ellos. Trato de ser siempre una mujer, educada, comprometida y responsable, tanto con mi trabajo, como con mis estudios. Procuro no ser agresiva ni vulgar a la hora de debatir sobre un tema, siempre trato de mostrar argumentos l\u00f3gicos ante cualquier ataque o juicio inapropiado.\",\"url\":\"https:\/\/doncomos.com\/educar\/autor\/jillina\"}]}<\/script>\n<!-- \/ Yoast SEO plugin. -->","yoast_head_json":{"title":"Qui\u00e9n invent\u00f3 el avi\u00f3n - Educaci\u00f3n Don C\u00f3mos","description":"Hoy en d\u00eda la aviaci\u00f3n es muy importante y se emplea para diversos motivos. Volar en un avi\u00f3n sirve para m\u00faltiples cosas, desde permitir que personas se desplacen a otro lugar de manera r\u00e1pida y efectiva, hasta transportar materias importantes en poco tiempo. \u00bfPero qui\u00e9n invent\u00f3 el avi\u00f3n?","robots":{"index":"index","follow":"follow","max-snippet":"max-snippet:-1","max-image-preview":"max-image-preview:large","max-video-preview":"max-video-preview:-1"},"og_locale":"es_ES","og_type":"article","og_title":"Qui\u00e9n invent\u00f3 el avi\u00f3n - Educaci\u00f3n Don C\u00f3mos","og_description":"Hoy en d\u00eda la aviaci\u00f3n es muy importante y se emplea para diversos motivos. Volar en un avi\u00f3n sirve para m\u00faltiples cosas, desde permitir que personas se desplacen a otro lugar de manera r\u00e1pida y efectiva, hasta transportar materias importantes en poco tiempo. \u00bfPero qui\u00e9n invent\u00f3 el avi\u00f3n?","og_url":"https:\/\/doncomos.com\/educar\/quien-invento-el-avion","og_site_name":"Educar Doncomos.com: Aprende de forma F\u00e1cil y Amena","article_publisher":"https:\/\/www.facebook.com\/doncomos","article_published_time":"2018-04-29T10:32:06+00:00","article_modified_time":"2018-03-19T11:53:03+00:00","og_image":[{"width":640,"height":375,"url":"https:\/\/doncomos.com\/educar\/wp-content\/uploads\/sites\/7\/2018\/03\/Qui\u00e9n-invent\u00f3-el-avi\u00f3n-444.jpg","type":"image\/jpeg"}],"author":"Jilliane","twitter_card":"summary","twitter_creator":"@doncomos","twitter_site":"@doncomos","twitter_misc":{"Escrito por":"Jilliane","Tiempo de lectura":"2 minutos"},"schema":{"@context":"https:\/\/schema.org","@graph":[{"@type":"WebPage","@id":"https:\/\/doncomos.com\/educar\/quien-invento-el-avion","url":"https:\/\/doncomos.com\/educar\/quien-invento-el-avion","name":"Qui\u00e9n invent\u00f3 el avi\u00f3n - Educaci\u00f3n Don C\u00f3mos","isPartOf":{"@id":"https:\/\/doncomos.com\/educar\/#website"},"datePublished":"2018-04-29T10:32:06+00:00","dateModified":"2018-03-19T11:53:03+00:00","author":{"@id":"https:\/\/doncomos.com\/educar\/#\/schema\/person\/773822b802887955c67711432be388a6"},"description":"Hoy en d\u00eda la aviaci\u00f3n es muy importante y se emplea para diversos motivos. Volar en un avi\u00f3n sirve para m\u00faltiples cosas, desde permitir que personas se desplacen a otro lugar de manera r\u00e1pida y efectiva, hasta transportar materias importantes en poco tiempo. \u00bfPero qui\u00e9n invent\u00f3 el avi\u00f3n?","breadcrumb":{"@id":"https:\/\/doncomos.com\/educar\/quien-invento-el-avion#breadcrumb"},"inLanguage":"es","potentialAction":[{"@type":"ReadAction","target":["https:\/\/doncomos.com\/educar\/quien-invento-el-avion"]}]},{"@type":"BreadcrumbList","@id":"https:\/\/doncomos.com\/educar\/quien-invento-el-avion#breadcrumb","itemListElement":[{"@type":"ListItem","position":1,"name":"Home","item":"https:\/\/doncomos.com\/educar"},{"@type":"ListItem","position":2,"name":"Qui\u00e9n invent\u00f3 el avi\u00f3n"}]},{"@type":"WebSite","@id":"https:\/\/doncomos.com\/educar\/#website","url":"https:\/\/doncomos.com\/educar\/","name":"Educar Doncomos.com: Aprende de forma F\u00e1cil y Amena","description":"Educar - Ense\u00f1amos todos los c\u00f3mos sobre educaci\u00f3n de la mano de profesores","potentialAction":[{"@type":"SearchAction","target":{"@type":"EntryPoint","urlTemplate":"https:\/\/doncomos.com\/educar\/?s={search_term_string}"},"query-input":"required name=search_term_string"}],"inLanguage":"es"},{"@type":"Person","@id":"https:\/\/doncomos.com\/educar\/#\/schema\/person\/773822b802887955c67711432be388a6","name":"Jilliane","image":{"@type":"ImageObject","inLanguage":"es","@id":"https:\/\/doncomos.com\/educar\/#\/schema\/person\/image\/","url":"https:\/\/secure.gravatar.com\/avatar\/8bca5abf516796b25f191e5f254ca7bd82b0bc71e0e0c86e1f2ef118ef4a472e?s=96&d=mm&r=g","contentUrl":"https:\/\/secure.gravatar.com\/avatar\/8bca5abf516796b25f191e5f254ca7bd82b0bc71e0e0c86e1f2ef118ef4a472e?s=96&d=mm&r=g","caption":"Jilliane"},"description":"Soy Jilliane, escribo art\u00edculos para blogs, revistas, y peri\u00f3dicos virtuales en internet. Estudio el segundo semestre de redes y comunicaciones en la UAM, antes de esto, estudi\u00e9 dos cuatrimestres de psicolog\u00eda, pero tuve que interrumpir mis estudios por problemas personales y econ\u00f3micos. Adoro la lectura, la m\u00fasica, el canto, la danza, la reposter\u00eda, la escritura y los gatos. Tambi\u00e9n me gusta investigar temas poco concurridos y concienciar a la gente sobre de ellos. Trato de ser siempre una mujer, educada, comprometida y responsable, tanto con mi trabajo, como con mis estudios. Procuro no ser agresiva ni vulgar a la hora de debatir sobre un tema, siempre trato de mostrar argumentos l\u00f3gicos ante cualquier ataque o juicio inapropiado.","url":"https:\/\/doncomos.com\/educar\/autor\/jillina"}]}},"_links":{"self":[{"href":"https:\/\/doncomos.com\/educar\/wp-json\/wp\/v2\/posts\/9891","targetHints":{"allow":["GET"]}}],"collection":[{"href":"https:\/\/doncomos.com\/educar\/wp-json\/wp\/v2\/posts"}],"about":[{"href":"https:\/\/doncomos.com\/educar\/wp-json\/wp\/v2\/types\/post"}],"author":[{"embeddable":true,"href":"https:\/\/doncomos.com\/educar\/wp-json\/wp\/v2\/users\/6"}],"replies":[{"embeddable":true,"href":"https:\/\/doncomos.com\/educar\/wp-json\/wp\/v2\/comments?post=9891"}],"version-history":[{"count":1,"href":"https:\/\/doncomos.com\/educar\/wp-json\/wp\/v2\/posts\/9891\/revisions"}],"predecessor-version":[{"id":9910,"href":"https:\/\/doncomos.com\/educar\/wp-json\/wp\/v2\/posts\/9891\/revisions\/9910"}],"wp:featuredmedia":[{"embeddable":true,"href":"https:\/\/doncomos.com\/educar\/wp-json\/wp\/v2\/media\/9897"}],"wp:attachment":[{"href":"https:\/\/doncomos.com\/educar\/wp-json\/wp\/v2\/media?parent=9891"}],"wp:term":[{"taxonomy":"category","embeddable":true,"href":"https:\/\/doncomos.com\/educar\/wp-json\/wp\/v2\/categories?post=9891"},{"taxonomy":"post_tag","embeddable":true,"href":"https:\/\/doncomos.com\/educar\/wp-json\/wp\/v2\/tags?post=9891"}],"curies":[{"name":"wp","href":"https:\/\/api.w.org\/{rel}","templated":true}]}}