{"id":7400,"date":"2018-04-17T11:45:37","date_gmt":"2018-04-17T10:45:37","guid":{"rendered":"http:\/\/talento.doncomos.com\/?p=7400"},"modified":"2018-05-25T09:06:58","modified_gmt":"2018-05-25T08:06:58","slug":"como-afinar-la-voz","status":"publish","type":"post","link":"https:\/\/doncomos.com\/talento\/como-afinar-la-voz","title":{"rendered":"C\u00f3mo afinar la voz"},"content":{"rendered":"<div id=\"toc_container\" class=\"no_bullets\"><p class=\"toc_title\">Contenido del Art&iacute;culo<\/p><ul class=\"toc_list\"><li><a href=\"#Para_que_sirve_realmente_aprender_a_afinar_la_voz\">\u00bfPara qu\u00e9 sirve realmente aprender a afinar la voz?<\/a><\/li><li><a href=\"#Como_puedo_aprender_a_afinar_la_voz\">\u00bfC\u00f3mo puedo aprender a afinar la voz?<\/a><ul><li><a href=\"#Empecemos_con_lo_basico\">Empecemos con lo b\u00e1sico<\/a><\/li><li><a href=\"#Aprendiendo_a_vocalizar\">Aprendiendo a vocalizar<\/a><\/li><li><a href=\"#Ejercicios_utiles_para_aprender_a_afinar_la_voz\">Ejercicios \u00fatiles para aprender a afinar la voz<\/a><ul><li><a href=\"#Gesticulando_las_vocales\">Gesticulando las vocales<\/a><\/li><li><a href=\"#Los_sonidos_de_las_vocales\">Los sonidos de las vocales<\/a><\/li><li><a href=\"#Vocalizar_y_respirar\">Vocalizar y respirar<\/a><\/li><li><a href=\"#Aprendemos_a_respirar\">Aprendemos a respirar<\/a><\/li><\/ul><\/li><li><a href=\"#Consejos_para_no_arruinar_la_voz\">Consejos para no arruinar la voz<\/a><ul><li><a href=\"#La_importancia_de_mantenerse_hidratado\">La importancia de mantenerse hidratado<\/a><\/li><li><a href=\"#Evitar_la_deshidratacion\">Evitar la deshidrataci\u00f3n<\/a><\/li><li><a href=\"#Hay_que_dejar_de_forzar_la_voz\">Hay que dejar de forzar la voz<\/a><\/li><li><a href=\"#Vigilemos_nuestra_postura_corporal\">Vigilemos nuestra postura corporal<\/a><\/li><\/ul><\/li><\/ul><\/li><\/ul><\/div>\n<p>Afinar la voz es una de las primeras cosas que se ense\u00f1an en las clases de canto. Hay personas que piensan que cantar bien o no es una cosa de los <strong>genes<\/strong>. De la herencia. De la suerte. Piensan que es talento. Y tienen raz\u00f3n, pero solo en parte. Como en casi todas las cosas de la vida, con pr\u00e1ctica, dedicaci\u00f3n y esfuerzo se pueden conseguir muchas cosas. Entre ellas, aprender a cantar. Pero en un art\u00edculo no se puede ense\u00f1ar a cantar, estar\u00e9is pensando. Y tambi\u00e9n ten\u00e9is raz\u00f3n. Por eso, el prop\u00f3sito de este art\u00edculo no es ense\u00f1aros a cantar. El objetivo que nos planteamos es daros toda la informaci\u00f3n necesaria para que aprend\u00e1is a afinar la voz. Que es una parte muy importante del proceso de aprender a cantar.<\/p>\n<h1><span id=\"Para_que_sirve_realmente_aprender_a_afinar_la_voz\">\u00bfPara qu\u00e9 sirve realmente aprender a afinar la voz?<\/span><\/h1>\n<p>Hay personas que saben lo importante que es <strong>afinar la voz<\/strong> para un cantante. Pero tambi\u00e9n es importante afinar la voz para <a href=\"https:\/\/doncomos.com\/talento\/como-aprender-a-cantar\">aprender a cantar<\/a>. Pues bien, parece ser que afinar la voz sirve para que cuando cantes tu voz se escuche bien. En un <strong>tono uniforme<\/strong> y con las variaciones de tono que t\u00fa le quieras dar. Hacer un cambio en la tonalidad de la voz porque no lo puedes evitar es lo que llamamos com\u00fanmente desafinar. O, tambi\u00e9n se le llama con un tono jocoso \u00abhacer un gallo\u00bb. Este tipo de cambios suelen ser bruscos y repentinos, y la persona que canta no lo hace con ninguna intenci\u00f3n. Es m\u00e1s suele ser un momento para olvidar. Para que esto no ocurra, se afina la voz.<\/p>\n<p>De esta forma, tu voz<strong> sonar\u00e1 limpia y sin sobresaltos<\/strong>. Adem\u00e1s, con el paso del tiempo agradecer\u00e1s afinar tu voz. Ya que es una forma de cuidarla, adem\u00e1s. La cuida porque ayuda a que las cuerdas vocales no se resientan tanto con su uso continuado. Lo bueno de aprender a afinar la voz es que no solo nos sirve para potenciar nuestra voz a la hora de cantar. Hacer estos ejercicios correctamente influir\u00e1n en otras \u00e1reas de tu vida. Por ejemplo en la laboral o estudiantil. Si tienes un trabajo de cara al p\u00fablico podr\u00e1s notar c\u00f3mo tu voz se oye m\u00e1s clara y alta. Todos los siguientes ejercicios y consejos sirven tambi\u00e9n para cuando se tiene que hablar en p\u00fablico. Si tienes una presentaci\u00f3n o una exposici\u00f3n, nada mejor que realizar ejercicios para afinar la voz.<\/p>\n<h1><span id=\"Como_puedo_aprender_a_afinar_la_voz\">\u00bfC\u00f3mo puedo aprender a afinar la voz?<\/span><\/h1>\n<p>La clave del \u00e9xito, como en cualquier otro aspecto de la vida, <strong>es practicar<\/strong>. Antes de comentar los ejercicios, consejos y trucos para afinar la voz, debemos decir una cosa. No os desanim\u00e9is. Es normal que al principio no ve\u00e1is progresos en vuestra voz. Hacen falta meses, incluso a\u00f1os para lograr nuestros prop\u00f3sitos. Pero si una es cierta es que se no persiste y se practica todos los d\u00edas, nunca podremos alcanzar nuestros objetivos. De todas formas, si persist\u00eds, ir\u00e9is notando peque\u00f1os cambios a medida que pase el tiempo. Y son estos cambios los que nos animan a seguir adelante, hasta que un d\u00eda logremos nuestro objetivo. Dicho esto, podemos comenzar.<\/p>\n<h2><span id=\"Empecemos_con_lo_basico\">Empecemos con lo b\u00e1sico<\/span><\/h2>\n<p>Hay un ejercicio muy sencillo para los que est\u00e1n comenzando a afinar su voz. Y no es otro que las <strong>escalas musicales<\/strong>. Busca informaci\u00f3n sobre las escalas musicales, sus tipos y su dificultad para empezar a aprenderlas. Aunque bien es cierto que seg\u00fan la persona una escala le puede parecer m\u00e1s f\u00e1cil o menos que a otra, existe un consenso en cu\u00e1les son las escalas m\u00e1s sencillas para empezar a practicar. Estas escalas son la escala de sol, la escala de re y la escala de la.<\/p>\n<p><img loading=\"lazy\" decoding=\"async\" class=\"alignnone size-full wp-image-7510\" src=\"https:\/\/doncomos.com\/talento\/wp-content\/uploads\/sites\/4\/2018\/02\/C\u00f3mo-afinar-la-voz-287.jpg\" alt=\"\" width=\"640\" height=\"427\" srcset=\"https:\/\/doncomos.com\/talento\/wp-content\/uploads\/sites\/4\/2018\/02\/C\u00f3mo-afinar-la-voz-287.jpg 640w, https:\/\/doncomos.com\/talento\/wp-content\/uploads\/sites\/4\/2018\/02\/C\u00f3mo-afinar-la-voz-287-300x200.jpg 300w, https:\/\/doncomos.com\/talento\/wp-content\/uploads\/sites\/4\/2018\/02\/C\u00f3mo-afinar-la-voz-287-270x180.jpg 270w\" sizes=\"auto, (max-width: 640px) 100vw, 640px\" \/><\/p>\n<p>Comienza con una de esas escalas que acabamos de comentar. Para ayudarte puedes ver v\u00eddeos en Youtube de otras personas cantando las escalas para darte una idea inicial de c\u00f3mo debes hacerlo. Una vez que te hayas aprendido la primera escala de memoria y la hayas conseguido dominar a la perfecci\u00f3n, es tiempo de pasar a la siguiente. <strong>No tengas prisa por pasar de una escala a otra.<\/strong> Afinar la voz es un proceso que conlleva tiempo y tiene que ser un esfuerzo constante.<\/p>\n<p>Pero ya ver\u00e1s como cuando empieces a coger fuerza y ritmo, <strong>la velocidad de tu aprendizaje aumentar\u00e1<\/strong>. Cuando veas que dominas la mayor\u00eda de las escalas, incluso algunas un poco m\u00e1s complejas, puedes empezar a <a href=\"https:\/\/doncomos.com\/talento\/cantar\">cantar bases<\/a> de canciones m\u00e1s elaboradas.<\/p>\n<h2><span id=\"Aprendiendo_a_vocalizar\">Aprendiendo a vocalizar<\/span><\/h2>\n<p>Este es un truco que ni siquiera siguen la mayor\u00eda de los cantantes. Parece que pasamos desapercibido que una <strong>buena vocalizaci\u00f3n y articulaci\u00f3n<\/strong> de las palabras es esencial para que nuestra voz sea limpia y afinada. Espec\u00edficamente, a la correcta articulaci\u00f3n de los sonidos al hablar o al cantar se le denomina dicci\u00f3n.<\/p>\n<p>Una correcta utilizaci\u00f3n de la <strong>dicci\u00f3n<\/strong> no solo ayuda a que la letra de la canci\u00f3n se entienda perfecta y claramente y llegue el mensaje a quienes la escuchan. Aunque no muchos lo saben, pronunciar y vocalizar bien tiene otra ventaja. Y es que, cuando se articula bien, <strong>el aire se distribuye de una forma m\u00e1s uniforme.<\/strong><\/p>\n<h2><span id=\"Ejercicios_utiles_para_aprender_a_afinar_la_voz\">Ejercicios \u00fatiles para aprender a afinar la voz<\/span><\/h2>\n<p>Muchos de los siguientes ejercicios os sonar\u00e1n. Esto es porque su uso y su conocimiento se ha extendido entre la poblaci\u00f3n gracias a las pel\u00edculas y series sobre musicales o actores y actrices. Son esos t\u00edpicos ejercicios vocales que podemos ver cuando los actores tienen que representar una obra de teatro o cantar alguna canci\u00f3n.<\/p>\n<h3><span id=\"Gesticulando_las_vocales\">Gesticulando las vocales<\/span><\/h3>\n<p>Como bien indica el nombre, gesticular las vocales es el primer ejercicio que os recomendamos. Para hacerlo solo ten\u00e9is que <strong>abrir la boca<\/strong> como si estuvi\u00e9rais pronunciando las vocales. Pero <strong>sin emitir ning\u00fan sonido<\/strong>. Lo importante de este ejercicio es que <strong>gesticul\u00e9is al m\u00e1ximo las vocales<\/strong>. Es decir, exagerando los movimientos. Es normal que, al principio, despu\u00e9s de practicar varias veces, not\u00e9is resentimiento o dolor en la cara. Esto es porque no est\u00e1is acostumbrados a estirar tanto esos m\u00fasculos. Pero no os preocup\u00e9is es algo completamente natural y, a medida que sig\u00e1is practicando, ir\u00e1n desapareciendo. <strong>Es recomendable hacer este ejercicio por las ma\u00f1anas y por las noches.<\/strong><\/p>\n<h3><span id=\"Los_sonidos_de_las_vocales\">Los sonidos de las vocales<\/span><\/h3>\n<p>El siguiente ejercicio es la continuaci\u00f3n del anterior. Con este ejercicio aprenderemos a afinar la voz con sonidos cortos y largos. Para hacerlo, tenemos que seguir los mismos pasos del ejercicio anterior. Solo que, esta vez, cuando gesticulemos una vocal, <strong>s\u00ed emitiremos sonidos<\/strong>. Primero comenzaremos con los <strong>cortos<\/strong>, para ello gesticulamos una vocal y la decimos con un sonido corto, por ejemplo: <em>O<\/em>. A continuaci\u00f3n, volvemos a gesticular la misma vocal pero, en esta ocasi\u00f3n, emitimos un <strong>sonido largo<\/strong>, por ejemplo: <em>OOOOOOOOOO<\/em>. Esto lo tendremos que repetir con todas las vocales, un par de veces cada sonido, por lo menos.<\/p>\n<h3><span id=\"Vocalizar_y_respirar\">Vocalizar y respirar<\/span><\/h3>\n<p>Este ejercicio es una variaci\u00f3n del anterior. Para hacerlo, es mejor si nos <strong>tumbamos sobre una superficie plana<\/strong>. De esta forma, no solo afinaremos la voz, sino que empezaremos a darnos cuenta de c\u00f3mo se distribuye el aire en nuestro cuerpo. Una vez nos hayamos tumbado, <strong>inspiramos<\/strong> lentamente todo el aire que podamos. Y, a la hora de soltarlo, lo hacemos <strong>diciendo una vocal<\/strong>. Por ejemplo: <em>UUUUUU.\u00a0<\/em>Tenemos que hacer dos repeticiones con cada vocal.<\/p>\n<p><img loading=\"lazy\" decoding=\"async\" class=\"alignnone size-full wp-image-7511\" src=\"https:\/\/doncomos.com\/talento\/wp-content\/uploads\/sites\/4\/2018\/02\/C\u00f3mo-afinar-la-voz-486.jpg\" alt=\"\" width=\"640\" height=\"427\" srcset=\"https:\/\/doncomos.com\/talento\/wp-content\/uploads\/sites\/4\/2018\/02\/C\u00f3mo-afinar-la-voz-486.jpg 640w, https:\/\/doncomos.com\/talento\/wp-content\/uploads\/sites\/4\/2018\/02\/C\u00f3mo-afinar-la-voz-486-300x200.jpg 300w, https:\/\/doncomos.com\/talento\/wp-content\/uploads\/sites\/4\/2018\/02\/C\u00f3mo-afinar-la-voz-486-270x180.jpg 270w\" sizes=\"auto, (max-width: 640px) 100vw, 640px\" \/><\/p>\n<h3><span id=\"Aprendemos_a_respirar\">Aprendemos a respirar<\/span><\/h3>\n<p>Este ejercicio no solo ayuda a afinar la voz, sino que tu voz tambi\u00e9n ser\u00e1 m\u00e1s<strong> agradable y vivaz.<\/strong> El principal punto a tener en cuenta cuando se quiere <strong>respirar bien<\/strong> es que la respiraci\u00f3n tiene que proceder del <strong>diafragma<\/strong>, no de los pulmones. Para saber que, efectivamente, estamos respirando con el diafragma, podemos hacer lo siguiente. Colocamos nuestra mano sobre el abdomen, justo cuando la \u00faltima costilla termina y respiramos hondo. Si cuando respiramos notamos que <strong>nuestro est\u00f3mago se distende y se ampl\u00eda<\/strong> y, adem\u00e1s, nuestro hombros suben y bajan, es que lo hemos hecho correctamente. Para hacer el ejercicio correctamente, debemos tomar aire lentamente hasta sentir que estamos llenos, alrededor de 3 o 4 segundos. Una vez hayamos inspirado todo el aire posible, lo expiramos lentamente hasta que no tengamos m\u00e1s.<\/p>\n<p>Practica este ejercicio todas las veces que puedas durante el d\u00eda. Pero, como m\u00ednimo, deber\u00edamos entrenar la respiraci\u00f3n durante <strong>15 o 20 minutos al d\u00eda.<\/strong><\/p>\n<h2><span id=\"Consejos_para_no_arruinar_la_voz\">Consejos para no arruinar la voz<\/span><\/h2>\n<p>No solo es importante saber qu\u00e9 ejercicios debemos hacer y c\u00f3mo para afinar la voz y mejorarla. Tambi\u00e9n saber qu\u00e9 cosas nos da\u00f1an y qu\u00e9 cosas nos benefician es muy importante. A continuaci\u00f3n pondremos algunos consejos que podemos seguir diariamente para no da\u00f1ar nuestra voz.<\/p>\n<h3><span id=\"La_importancia_de_mantenerse_hidratado\">La importancia de mantenerse hidratado<\/span><\/h3>\n<p>El agua es fundamental para nuestra vida, pero tambi\u00e9n para mantener una voz afinada. Beber de dos a tres litros de agua diarios ayudar\u00e1 a que <strong>tu garganta se mantenga siempre hidratada.<\/strong> Esto har\u00e1 que tu voz no se resienta tanto. De todas formas, es recomendable beber abundante agua antes de comenzar a cantar, para suavizar un poco la garganta.<\/p>\n<p><img loading=\"lazy\" decoding=\"async\" class=\"alignnone size-full wp-image-7512\" src=\"https:\/\/doncomos.com\/talento\/wp-content\/uploads\/sites\/4\/2018\/02\/C\u00f3mo-afinar-la-voz-795.jpg\" alt=\"\" width=\"640\" height=\"354\" srcset=\"https:\/\/doncomos.com\/talento\/wp-content\/uploads\/sites\/4\/2018\/02\/C\u00f3mo-afinar-la-voz-795.jpg 640w, https:\/\/doncomos.com\/talento\/wp-content\/uploads\/sites\/4\/2018\/02\/C\u00f3mo-afinar-la-voz-795-300x166.jpg 300w, https:\/\/doncomos.com\/talento\/wp-content\/uploads\/sites\/4\/2018\/02\/C\u00f3mo-afinar-la-voz-795-270x149.jpg 270w\" sizes=\"auto, (max-width: 640px) 100vw, 640px\" \/><\/p>\n<h3><span id=\"Evitar_la_deshidratacion\">Evitar la deshidrataci\u00f3n<\/span><\/h3>\n<p>Para evitar deshidratarnos, es mejor si dejamos de lado el <strong>caf\u00e9, los cigarros y el alcohol<\/strong>. Todos estos alimentos y productos afectan directamente a nuestras cuerdas vocales y, de esta forma, a nuestra voz. Adem\u00e1s, no solo debemos vigilar lo que ingerimos, tambi\u00e9n los lugares en donde estamos. Si podemos, <strong>es mejor si nos alejamos de ambientes extremadamente secos<\/strong> o lugares donde la calefacci\u00f3n sea demasiado alta.<\/p>\n<h3><span id=\"Hay_que_dejar_de_forzar_la_voz\">Hay que dejar de forzar la voz<\/span><\/h3>\n<p>Inconscientemente, en nuestro d\u00eda a d\u00eda, forzamos la voz m\u00e1s de lo que pensamos. Tenemos que aprender a identificar estas situaciones y cambiarlas. Tanto<strong> gritar<\/strong>, como <strong>carraspear, aclarar la garganta<\/strong> e incluso <strong>susurrar de forma contin\u00faa<\/strong> puede afectar a nuestra voz. Por eso, debemos estar pendiente de no da\u00f1ar nuestra voz con estos peque\u00f1os gestos. Y, sobretodo cuando se est\u00e1 constipado o la garganta est\u00e1 un poco irritada, es fundamental que la persona <strong>hable lo menos posible<\/strong>. Hay que dejar reposar la voz. Por estas razones, tambi\u00e9n es muy importante<strong> proteger la garganta de forma adecuada<\/strong>, sobretodo en los meses de fr\u00edo. Llevar un foulard o una bufanda nos ayudar\u00e1 sobremanera a proteger nuestra garganta y evitar resfriarnos.<\/p>\n<h3><span id=\"Vigilemos_nuestra_postura_corporal\">Vigilemos nuestra postura corporal<\/span><\/h3>\n<p>Aunque muchas personas se resisten a creerlo, <strong>la postura influye directamente en la calidad de la voz<\/strong>. Mantener una postura recta y erguida, pero sin sacar pecho, es esencial para que nuestra voz se libere de forma correcta. Adem\u00e1s, acostumbrarnos a mantener una buena postura corporal tambi\u00e9n nos ayudar\u00e1 a que <strong>nos cansemos menos al hablar<\/strong> y nuestras cuerdas vocales estar\u00e1n m\u00e1s reposadas.<\/p>\n<p>Como podemos ver, existe una multitud de factores que influyen en nuestra voz. Usad bien esta informaci\u00f3n y con pr\u00e1ctica podr\u00e1s logar tu sue\u00f1o de <a href=\"https:\/\/doncomos.com\/talento\/como-cantar-mejor\">cantar mejor<\/a>. Esperamos que este art\u00edculo os haya servido de gran ayuda y que practiqu\u00e9is todos los d\u00edas. Cuando pase un tiempo, empezar\u00e9is a notar todos los beneficios y resultados de seguir los ejercicios y los consejos.<\/p>\n","protected":false},"excerpt":{"rendered":"<p>Contenido del Art&iacute;culo\u00bfPara qu\u00e9 sirve realmente aprender a afinar la voz?\u00bfC\u00f3mo puedo aprender a afinar la voz?Empecemos con lo b\u00e1sicoAprendiendo a vocalizarEjercicios \u00fatiles para aprender a afinar la vozGesticulando las vocalesLos sonidos de las vocalesVocalizar y respirarAprendemos a respirarConsejos para [&hellip;]<\/p>\n","protected":false},"author":31,"featured_media":7511,"comment_status":"open","ping_status":"closed","sticky":false,"template":"","format":"standard","meta":{"footnotes":""},"categories":[1088],"tags":[1265],"class_list":["post-7400","post","type-post","status-publish","format-standard","has-post-thumbnail","hentry","category-musica","tag-cantar"],"acf":[],"yoast_head":"<!-- This site is optimized with the Yoast SEO plugin v19.6 - https:\/\/yoast.com\/wordpress\/plugins\/seo\/ -->\n<title>C\u00f3mo afinar la voz - Talento Don C\u00f3mos<\/title>\n<meta name=\"description\" content=\"Afinar la voz es uno de los pasos m\u00e1s importantes para aprender a cantar. En este art\u00edculo te contaremos todo lo que necesitas para empezar a afinar tu voz. Adem\u00e1s, te contamos qu\u00e9 situaciones cotidianas perjudican nuestra voz.\" \/>\n<meta name=\"robots\" content=\"index, follow, max-snippet:-1, max-image-preview:large, max-video-preview:-1\" \/>\n<meta property=\"og:locale\" content=\"es_ES\" \/>\n<meta property=\"og:type\" content=\"article\" \/>\n<meta property=\"og:title\" content=\"C\u00f3mo afinar la voz - Talento Don C\u00f3mos\" \/>\n<meta property=\"og:description\" content=\"Afinar la voz es uno de los pasos m\u00e1s importantes para aprender a cantar. En este art\u00edculo te contaremos todo lo que necesitas para empezar a afinar tu voz. Adem\u00e1s, te contamos qu\u00e9 situaciones cotidianas perjudican nuestra voz.\" \/>\n<meta property=\"og:url\" content=\"https:\/\/doncomos.com\/talento\/como-afinar-la-voz\" \/>\n<meta property=\"og:site_name\" content=\"Talento Doncomos.com: Manualidades y Arte para Todos\" \/>\n<meta property=\"article:publisher\" content=\"https:\/\/www.facebook.com\/doncomos\" \/>\n<meta property=\"article:published_time\" content=\"2018-04-17T10:45:37+00:00\" \/>\n<meta property=\"article:modified_time\" content=\"2018-05-25T08:06:58+00:00\" \/>\n<meta property=\"og:image\" content=\"https:\/\/doncomos.com\/talento\/wp-content\/uploads\/sites\/4\/2018\/02\/C\u00f3mo-afinar-la-voz-486.jpg\" \/>\n\t<meta property=\"og:image:width\" content=\"640\" \/>\n\t<meta property=\"og:image:height\" content=\"427\" \/>\n\t<meta property=\"og:image:type\" content=\"image\/jpeg\" \/>\n<meta name=\"author\" content=\"Belen\" \/>\n<meta name=\"twitter:card\" content=\"summary\" \/>\n<meta name=\"twitter:creator\" content=\"@doncomos\" \/>\n<meta name=\"twitter:site\" content=\"@doncomos\" \/>\n<meta name=\"twitter:label1\" content=\"Escrito por\" \/>\n\t<meta name=\"twitter:data1\" content=\"Belen\" \/>\n\t<meta name=\"twitter:label2\" content=\"Tiempo de lectura\" \/>\n\t<meta name=\"twitter:data2\" content=\"10 minutos\" \/>\n<script type=\"application\/ld+json\" class=\"yoast-schema-graph\">{\"@context\":\"https:\/\/schema.org\",\"@graph\":[{\"@type\":\"WebPage\",\"@id\":\"https:\/\/doncomos.com\/talento\/como-afinar-la-voz\",\"url\":\"https:\/\/doncomos.com\/talento\/como-afinar-la-voz\",\"name\":\"C\u00f3mo afinar la voz - Talento Don C\u00f3mos\",\"isPartOf\":{\"@id\":\"https:\/\/doncomos.com\/talento\/#website\"},\"datePublished\":\"2018-04-17T10:45:37+00:00\",\"dateModified\":\"2018-05-25T08:06:58+00:00\",\"author\":{\"@id\":\"https:\/\/doncomos.com\/talento\/#\/schema\/person\/d5cd5282458b4c64eccaba301b7b7aca\"},\"description\":\"Afinar la voz es uno de los pasos m\u00e1s importantes para aprender a cantar. En este art\u00edculo te contaremos todo lo que necesitas para empezar a afinar tu voz. Adem\u00e1s, te contamos qu\u00e9 situaciones cotidianas perjudican nuestra voz.\",\"breadcrumb\":{\"@id\":\"https:\/\/doncomos.com\/talento\/como-afinar-la-voz#breadcrumb\"},\"inLanguage\":\"es\",\"potentialAction\":[{\"@type\":\"ReadAction\",\"target\":[\"https:\/\/doncomos.com\/talento\/como-afinar-la-voz\"]}]},{\"@type\":\"BreadcrumbList\",\"@id\":\"https:\/\/doncomos.com\/talento\/como-afinar-la-voz#breadcrumb\",\"itemListElement\":[{\"@type\":\"ListItem\",\"position\":1,\"name\":\"Home\",\"item\":\"https:\/\/doncomos.com\/talento\"},{\"@type\":\"ListItem\",\"position\":2,\"name\":\"C\u00f3mo afinar la voz\"}]},{\"@type\":\"WebSite\",\"@id\":\"https:\/\/doncomos.com\/talento\/#website\",\"url\":\"https:\/\/doncomos.com\/talento\/\",\"name\":\"Talento Doncomos.com: Manualidades y Arte para Todos\",\"description\":\"Talento - Toda la informaci\u00f3n de talento y arte que est\u00e1s buscando. Talento y c\u00f3mos sobre Arte\",\"potentialAction\":[{\"@type\":\"SearchAction\",\"target\":{\"@type\":\"EntryPoint\",\"urlTemplate\":\"https:\/\/doncomos.com\/talento\/?s={search_term_string}\"},\"query-input\":\"required name=search_term_string\"}],\"inLanguage\":\"es\"},{\"@type\":\"Person\",\"@id\":\"https:\/\/doncomos.com\/talento\/#\/schema\/person\/d5cd5282458b4c64eccaba301b7b7aca\",\"name\":\"Belen\",\"image\":{\"@type\":\"ImageObject\",\"inLanguage\":\"es\",\"@id\":\"https:\/\/doncomos.com\/talento\/#\/schema\/person\/image\/\",\"url\":\"https:\/\/secure.gravatar.com\/avatar\/1bc0438685f8fc7a6e4727c731eae1ec92fa44ce194fb5ac072b5a9ae7561d0a?s=96&d=mm&r=g\",\"contentUrl\":\"https:\/\/secure.gravatar.com\/avatar\/1bc0438685f8fc7a6e4727c731eae1ec92fa44ce194fb5ac072b5a9ae7561d0a?s=96&d=mm&r=g\",\"caption\":\"Belen\"},\"url\":\"https:\/\/doncomos.com\/talento\/autor\/belene\"}]}<\/script>\n<!-- \/ Yoast SEO plugin. -->","yoast_head_json":{"title":"C\u00f3mo afinar la voz - Talento Don C\u00f3mos","description":"Afinar la voz es uno de los pasos m\u00e1s importantes para aprender a cantar. En este art\u00edculo te contaremos todo lo que necesitas para empezar a afinar tu voz. Adem\u00e1s, te contamos qu\u00e9 situaciones cotidianas perjudican nuestra voz.","robots":{"index":"index","follow":"follow","max-snippet":"max-snippet:-1","max-image-preview":"max-image-preview:large","max-video-preview":"max-video-preview:-1"},"og_locale":"es_ES","og_type":"article","og_title":"C\u00f3mo afinar la voz - Talento Don C\u00f3mos","og_description":"Afinar la voz es uno de los pasos m\u00e1s importantes para aprender a cantar. En este art\u00edculo te contaremos todo lo que necesitas para empezar a afinar tu voz. Adem\u00e1s, te contamos qu\u00e9 situaciones cotidianas perjudican nuestra voz.","og_url":"https:\/\/doncomos.com\/talento\/como-afinar-la-voz","og_site_name":"Talento Doncomos.com: Manualidades y Arte para Todos","article_publisher":"https:\/\/www.facebook.com\/doncomos","article_published_time":"2018-04-17T10:45:37+00:00","article_modified_time":"2018-05-25T08:06:58+00:00","og_image":[{"width":640,"height":427,"url":"https:\/\/doncomos.com\/talento\/wp-content\/uploads\/sites\/4\/2018\/02\/C\u00f3mo-afinar-la-voz-486.jpg","type":"image\/jpeg"}],"author":"Belen","twitter_card":"summary","twitter_creator":"@doncomos","twitter_site":"@doncomos","twitter_misc":{"Escrito por":"Belen","Tiempo de lectura":"10 minutos"},"schema":{"@context":"https:\/\/schema.org","@graph":[{"@type":"WebPage","@id":"https:\/\/doncomos.com\/talento\/como-afinar-la-voz","url":"https:\/\/doncomos.com\/talento\/como-afinar-la-voz","name":"C\u00f3mo afinar la voz - Talento Don C\u00f3mos","isPartOf":{"@id":"https:\/\/doncomos.com\/talento\/#website"},"datePublished":"2018-04-17T10:45:37+00:00","dateModified":"2018-05-25T08:06:58+00:00","author":{"@id":"https:\/\/doncomos.com\/talento\/#\/schema\/person\/d5cd5282458b4c64eccaba301b7b7aca"},"description":"Afinar la voz es uno de los pasos m\u00e1s importantes para aprender a cantar. En este art\u00edculo te contaremos todo lo que necesitas para empezar a afinar tu voz. Adem\u00e1s, te contamos qu\u00e9 situaciones cotidianas perjudican nuestra voz.","breadcrumb":{"@id":"https:\/\/doncomos.com\/talento\/como-afinar-la-voz#breadcrumb"},"inLanguage":"es","potentialAction":[{"@type":"ReadAction","target":["https:\/\/doncomos.com\/talento\/como-afinar-la-voz"]}]},{"@type":"BreadcrumbList","@id":"https:\/\/doncomos.com\/talento\/como-afinar-la-voz#breadcrumb","itemListElement":[{"@type":"ListItem","position":1,"name":"Home","item":"https:\/\/doncomos.com\/talento"},{"@type":"ListItem","position":2,"name":"C\u00f3mo afinar la voz"}]},{"@type":"WebSite","@id":"https:\/\/doncomos.com\/talento\/#website","url":"https:\/\/doncomos.com\/talento\/","name":"Talento Doncomos.com: Manualidades y Arte para Todos","description":"Talento - Toda la informaci\u00f3n de talento y arte que est\u00e1s buscando. Talento y c\u00f3mos sobre Arte","potentialAction":[{"@type":"SearchAction","target":{"@type":"EntryPoint","urlTemplate":"https:\/\/doncomos.com\/talento\/?s={search_term_string}"},"query-input":"required name=search_term_string"}],"inLanguage":"es"},{"@type":"Person","@id":"https:\/\/doncomos.com\/talento\/#\/schema\/person\/d5cd5282458b4c64eccaba301b7b7aca","name":"Belen","image":{"@type":"ImageObject","inLanguage":"es","@id":"https:\/\/doncomos.com\/talento\/#\/schema\/person\/image\/","url":"https:\/\/secure.gravatar.com\/avatar\/1bc0438685f8fc7a6e4727c731eae1ec92fa44ce194fb5ac072b5a9ae7561d0a?s=96&d=mm&r=g","contentUrl":"https:\/\/secure.gravatar.com\/avatar\/1bc0438685f8fc7a6e4727c731eae1ec92fa44ce194fb5ac072b5a9ae7561d0a?s=96&d=mm&r=g","caption":"Belen"},"url":"https:\/\/doncomos.com\/talento\/autor\/belene"}]}},"_links":{"self":[{"href":"https:\/\/doncomos.com\/talento\/wp-json\/wp\/v2\/posts\/7400","targetHints":{"allow":["GET"]}}],"collection":[{"href":"https:\/\/doncomos.com\/talento\/wp-json\/wp\/v2\/posts"}],"about":[{"href":"https:\/\/doncomos.com\/talento\/wp-json\/wp\/v2\/types\/post"}],"author":[{"embeddable":true,"href":"https:\/\/doncomos.com\/talento\/wp-json\/wp\/v2\/users\/31"}],"replies":[{"embeddable":true,"href":"https:\/\/doncomos.com\/talento\/wp-json\/wp\/v2\/comments?post=7400"}],"version-history":[{"count":1,"href":"https:\/\/doncomos.com\/talento\/wp-json\/wp\/v2\/posts\/7400\/revisions"}],"predecessor-version":[{"id":7514,"href":"https:\/\/doncomos.com\/talento\/wp-json\/wp\/v2\/posts\/7400\/revisions\/7514"}],"wp:featuredmedia":[{"embeddable":true,"href":"https:\/\/doncomos.com\/talento\/wp-json\/wp\/v2\/media\/7511"}],"wp:attachment":[{"href":"https:\/\/doncomos.com\/talento\/wp-json\/wp\/v2\/media?parent=7400"}],"wp:term":[{"taxonomy":"category","embeddable":true,"href":"https:\/\/doncomos.com\/talento\/wp-json\/wp\/v2\/categories?post=7400"},{"taxonomy":"post_tag","embeddable":true,"href":"https:\/\/doncomos.com\/talento\/wp-json\/wp\/v2\/tags?post=7400"}],"curies":[{"name":"wp","href":"https:\/\/api.w.org\/{rel}","templated":true}]}}