{"id":8191,"date":"2019-12-09T12:22:59","date_gmt":"2019-12-09T11:22:59","guid":{"rendered":"http:\/\/talento.doncomos.com\/?p=8191"},"modified":"2019-11-26T13:58:12","modified_gmt":"2019-11-26T12:58:12","slug":"donde-se-rodo-monteperdido","status":"publish","type":"post","link":"https:\/\/doncomos.com\/talento\/donde-se-rodo-monteperdido","title":{"rendered":"D\u00f3nde se rod\u00f3 Monteperdido"},"content":{"rendered":"<p>Las pel\u00edculas y series que se encuentran basadas en <strong>casos policiales<\/strong>, asesinatos y misterios siempre son muy entretenidas. Le brindan la oportunidad al televidente de introducirse en la trama y <strong>participar de ella.<\/strong><\/p>\n<p>De modo que, sin darte cuenta, en poco tiempo estar\u00e1s haciendo tus conjeturas para determinar qui\u00e9n fue el asesino; si alg\u00fan familiar o amigo estuvo implicado, cu\u00e1l es su perfil psicol\u00f3gico, entre otras cosas.<\/p>\n<p>Si se trata de una serie, esta te mantendr\u00e1 atado a ella hasta el cap\u00edtulo final porque cada d\u00eda es como si vieras una pel\u00edcula corta; y ni hablar si tiene una segunda temporada. Usualmente es as\u00ed, dependiendo del \u00e9xito que haya tenido la primera, que es como si se tratase de una fase experimental.<\/p>\n<p>A pesar de que muchas veces se relega a un segundo plano la producci\u00f3n nacional, podr\u00edamos decir que Espa\u00f1a, en este particular, ha cosechado muchos \u00e9xitos. Un ejemplo de ello es la serie basada en la novela Monteperdido de <strong>Agust\u00edn Mart\u00ednez;<\/strong>\u00a0la cual fue adaptada a la televisi\u00f3n en compa\u00f1\u00eda y apoyo de Luis Moya.<\/p>\n<p>Esta serie, en su primera temporada es conocida como <a href=\"https:\/\/es.wikipedia.org\/wiki\/La_caza_(serie_de_La_1)\" class=\"external\" rel=\"nofollow\" target=\"_blank\"><strong>La caza. Monteperdido<\/strong><\/a><strong>.<\/strong> Se hab\u00eda escrito para tener solo una temporada. Sin embargo, debido a su gran aceptaci\u00f3n en el p\u00fablico conocedor; el 27 de mayo de 2019 fue reescrita para que pudiera contar con una segunda temporada. Esta vez, la trama se desarrollar\u00eda en Sierra de Tramuntana.<\/p>\n<p>\u00bfTe gustan este tipo de series? \u00bfTe consideras un verdadero aficionado a ellas? \u00bfTe gustar\u00eda saber m\u00e1s detalles sobre su producci\u00f3n; por ejemplo, d\u00f3nde se rod\u00f3? De ello se estar\u00e1 hablando en los siguientes subt\u00edtulos, as\u00ed que no puedes dejar de leer lo que viene a continuaci\u00f3n. Sum\u00e9rgete en la trama del Monteperdido y <strong>recorre los lugares donde se rod\u00f3<\/strong>. Veamos\u2026<\/p>\n<div align=\"center\"><!-- Doncomos Talento Enlaces Adaptable -->\n                                       <ins class=\"adsbygoogle\"\n                                            style=\"display:block; height:90px;\"\n                                            data-ad-client=\"ca-pub-7889333885495326\"\n                                            data-ad-slot=\"2378918194\"\n                                            data-ad-format=\"link\"><\/ins>\n                                       <script>\n                                       (adsbygoogle = window.adsbygoogle || []).push({});\n                                       <\/script><div id=\"div-video-intext\"><\/div><\/div><div class='single-functions-top-instrucciones'><h2 class='h2-title-single'>Instrucciones<\/h2><blockquote-content><p>Tal como lo se\u00f1alamos anteriormente, Monteperdido es <strong>una serie Espa\u00f1ola<\/strong>, la cual posee un <a href=\"https:\/\/doncomos.com\/salud\/identificar-psicopata\"><strong>thriller psicol\u00f3gico<\/strong><\/a> y fue estrenada el 25 de marzo de 2019 en el primer canal de televisi\u00f3n Espa\u00f1ola, la 1. La segunda temporada de la misma se comenzar\u00e1 a grabar en marzo del a\u00f1o 2020.<\/p>\n<p>La serie trata de dos ni\u00f1as de 11 a\u00f1os de edad, las cuales desaparecieron en un pueblo llamado Monteperdido. Luego de pasar mucho tiempo busc\u00e1ndolas y haciendo cualquier tipo de conjeturas, el caso nunca pudo tener una conclusi\u00f3n. La comunidad tuvo que acostumbrarse a vivir con la sombra de esa tragedia.<\/p>\n<p>Sin embargo, cinco a\u00f1os despu\u00e9s, una de las ni\u00f1as regresa, de manera que ahora el caso es reabierto y muy pronto, podr\u00e1n darse cuenta que el camino hacia <strong>la verdad es realmente un laberinto.<\/strong><\/p>\n<p>Esta serie fue grabada durante varios meses en localizaciones naturales, con paisajes llenos de un hermoso misterio. Entre ellos podemos destacar el Pirineo Aragon\u00e9s, en donde Agust\u00edn Mart\u00ednez enmarca esta historia.<\/p>\n<p>Una gran parte de las escenas de los exteriores, fueron grabadas en la comarca de la Ribagorza. Mientras que las calles de Benasque y Cerler fueron las que se seleccionaron para hacer la representaci\u00f3n de Monteperdido, un pueblo que en realidad es totalmente un <strong>producto de la imaginaci\u00f3n del escritor<\/strong> de la novela.<\/p>\n<p>Para quienes produjeron la serie, el lugar id\u00f3neo para su rodaje era el Valle de Benasque, ya que ten\u00eda la potestad de describir la novela de manera maravillosa, convirti\u00e9ndose casi en un mism\u00edsimo personaje de esta.<\/p>\n<p>Otros lugares que se utilizaron para el rodaje de Monteperdido fueron Llanos del Hospital, el barranco de Remu\u00f1e, el r\u00edo \u00c9sera y la Besurta, entre otros.<\/p>\n<p><img loading=\"lazy\" decoding=\"async\" class=\"alignnone size-full wp-image-8192\" src=\"https:\/\/doncomos.com\/talento\/wp-content\/uploads\/sites\/4\/2019\/10\/D\u00f3nde-se-rod\u00f3-Monteperdido-210.jpg\" alt=\"monteperdido\" width=\"640\" height=\"306\" srcset=\"https:\/\/doncomos.com\/talento\/wp-content\/uploads\/sites\/4\/2019\/10\/D\u00f3nde-se-rod\u00f3-Monteperdido-210.jpg 640w, https:\/\/doncomos.com\/talento\/wp-content\/uploads\/sites\/4\/2019\/10\/D\u00f3nde-se-rod\u00f3-Monteperdido-210-300x143.jpg 300w, https:\/\/doncomos.com\/talento\/wp-content\/uploads\/sites\/4\/2019\/10\/D\u00f3nde-se-rod\u00f3-Monteperdido-210-270x129.jpg 270w\" sizes=\"auto, (max-width: 640px) 100vw, 640px\" \/><\/p>\n<p>Ahora bien, \u00bfqu\u00e9 m\u00e1s necesitas conocer sobre el rodaje de Monteperdido? Ve\u00e1moslo ahora.<\/p>\n<\/blockquote-content><\/div>\n<div align=\"center\"><!-- Doncomos Talento 336 x 280 -->\n                                <ins class=\"adsbygoogle\"\n                                     style=\"display:inline-block;width:336px;height:280px\"\n                                     data-ad-client=\"ca-pub-7889333885495326\"\n                                     data-ad-slot=\"3079723495\"><\/ins>\n                                <script>\n                                (adsbygoogle = window.adsbygoogle || []).push({});\n                                <\/script><\/div><div class='single-functions-div-instrucciones2'><h2 class='h2-title-single'>Que Necesitas<\/h2><blockquote-content><p>Para quienes integran el equipo de producci\u00f3n de la serie basada en la novela de Agust\u00edn Mart\u00ednez, <strong>la comarca de la Ribagorza<\/strong> es un personaje m\u00e1s de la trama. Se encuentra conformada por un entorno muy complejo, cuyos escenarios son de muy dif\u00edcil acceso, lo que lo convierte en un lugar laborioso.<\/p>\n<p>Este va desde un barranco hasta un r\u00edo, lo cual ha hecho a Monteperdido un verdadero reto de producci\u00f3n tanto para el equipo t\u00e9cnico como para el art\u00edstico. Sin embargo, el esfuerzo ha valido la pena porque se ha logrado culminar la primera temporada con un \u00e9xito que jam\u00e1s se pudieron imaginar.<\/p>\n<p>Ahora bien, en cuanto a la segunda temporada, el lugar que se ha seleccionado para su rodaje fue la Sierra <strong>de Tramontana en <\/strong><a href=\"https:\/\/doncomos.com\/ocio\/que-visitar-en-mallorca\"><strong>Mallorca<\/strong><\/a>, el cual de seguro igual promete contar con localizaciones fant\u00e1sticas que ayuden al p\u00fablico espectador a sumergirse en las aguas de esta nueva trama.<\/p>\n<p>Tendremos hasta el a\u00f1o 2020 para imaginarnos los lugares que ser\u00e1n seleccionados para esta inesperada segunda temporada.<\/p>\n<p><img loading=\"lazy\" decoding=\"async\" class=\"alignnone size-full wp-image-8193\" src=\"https:\/\/doncomos.com\/talento\/wp-content\/uploads\/sites\/4\/2019\/10\/D\u00f3nde-se-rod\u00f3-Monteperdido-645.jpg\" alt=\"monteperdido\" width=\"640\" height=\"298\" srcset=\"https:\/\/doncomos.com\/talento\/wp-content\/uploads\/sites\/4\/2019\/10\/D\u00f3nde-se-rod\u00f3-Monteperdido-645.jpg 640w, https:\/\/doncomos.com\/talento\/wp-content\/uploads\/sites\/4\/2019\/10\/D\u00f3nde-se-rod\u00f3-Monteperdido-645-300x140.jpg 300w, https:\/\/doncomos.com\/talento\/wp-content\/uploads\/sites\/4\/2019\/10\/D\u00f3nde-se-rod\u00f3-Monteperdido-645-270x126.jpg 270w\" sizes=\"auto, (max-width: 640px) 100vw, 640px\" \/><\/p>\n<p>Pero, \u00bfqu\u00e9 consejos debemos tomar en cuenta con relaci\u00f3n a rodaje de la serie Monteperdido? Lo estaremos viendo en el pr\u00f3ximo subt\u00edtulo.<\/p>\n<\/blockquote-content><\/div>\n<div align=\"center\"><!-- Doncomos Talento 336 x 280 -->\n                                <ins class=\"adsbygoogle\"\n                                     style=\"display:inline-block;width:336px;height:280px\"\n                                     data-ad-client=\"ca-pub-7889333885495326\"\n                                     data-ad-slot=\"3079723495\"><\/ins>\n                                <script>\n                                (adsbygoogle = window.adsbygoogle || []).push({});\n                                <\/script><\/div><div class='single-functions-consejos'><h2 class='h2-title-single'>Consejos<\/h2><blockquote-content><p>Ahora que conoces los lugares en donde se rod\u00f3 esta <strong>hipnotizadora serie<\/strong>, tienes la oportunidad de viajar para conocerlos personalmente. Puede que, dependiendo de la provincia donde te encuentres, tengas que <a href=\"https:\/\/doncomos.com\/ocio\/como-superar-miedo-volar\">usar un avi\u00f3n<\/a> para llegar ah\u00ed.<\/p>\n<p>Sin embargo, aprovecha cada momento para imaginar las escenas grabadas. Visual\u00edzate como un miembro del pueblo que intenta resolver el misterio que encierra a Monteperdido. Recuerda que el monstruo se encuentra entre los mismos vecinos. Transita el laberinto y <strong>descubre cu\u00e1l es la verdad<\/strong>.<\/p>\n<p>No dejes de ver esta serie ahora que sabes d\u00f3nde se rod\u00f3.<\/p>\n<\/blockquote-content><\/div>\n","protected":false},"excerpt":{"rendered":"<p>Las pel\u00edculas y series que se encuentran basadas en casos policiales, asesinatos y misterios siempre son muy entretenidas. Le brindan la oportunidad al televidente de introducirse en la trama y participar de ella. De modo que, sin darte cuenta, en [&hellip;]<\/p>\n","protected":false},"author":62,"featured_media":8194,"comment_status":"open","ping_status":"closed","sticky":false,"template":"","format":"standard","meta":{"footnotes":""},"categories":[1123,1088],"tags":[1701,1702,1615,1714,1699,1700],"class_list":["post-8191","post","type-post","status-publish","format-standard","has-post-thumbnail","hentry","category-arte-y-artesania","category-musica","tag-cine","tag-entretenimiento","tag-musica","tag-rodaje","tag-series","tag-tv"],"acf":[],"yoast_head":"<!-- This site is optimized with the Yoast SEO plugin v19.6 - https:\/\/yoast.com\/wordpress\/plugins\/seo\/ -->\n<title>D\u00f3nde se rod\u00f3 Monteperdido - Talento Don C\u00f3mos<\/title>\n<meta name=\"description\" content=\"\u00bfTe gustan este tipo de series? \u00bfTe consideras un verdadero aficionado a ellas? \u00bfTe gustar\u00eda saber m\u00e1s detalles sobre su producci\u00f3n; por ejemplo, d\u00f3nde se rod\u00f3? De ello se estar\u00e1 hablando en los siguientes subt\u00edtulos, as\u00ed que no puedes dejar de leer lo que viene a continuaci\u00f3n. Sum\u00e9rgete en la trama del Monteperdido y recorre los lugares donde se rod\u00f3. Veamos\u2026\" \/>\n<meta name=\"robots\" content=\"index, follow, max-snippet:-1, max-image-preview:large, max-video-preview:-1\" \/>\n<meta property=\"og:locale\" content=\"es_ES\" \/>\n<meta property=\"og:type\" content=\"article\" \/>\n<meta property=\"og:title\" content=\"D\u00f3nde se rod\u00f3 Monteperdido - Talento Don C\u00f3mos\" \/>\n<meta property=\"og:description\" content=\"\u00bfTe gustan este tipo de series? \u00bfTe consideras un verdadero aficionado a ellas? \u00bfTe gustar\u00eda saber m\u00e1s detalles sobre su producci\u00f3n; por ejemplo, d\u00f3nde se rod\u00f3? De ello se estar\u00e1 hablando en los siguientes subt\u00edtulos, as\u00ed que no puedes dejar de leer lo que viene a continuaci\u00f3n. Sum\u00e9rgete en la trama del Monteperdido y recorre los lugares donde se rod\u00f3. Veamos\u2026\" \/>\n<meta property=\"og:url\" content=\"https:\/\/doncomos.com\/talento\/donde-se-rodo-monteperdido\" \/>\n<meta property=\"og:site_name\" content=\"Talento Doncomos.com: Manualidades y Arte para Todos\" \/>\n<meta property=\"article:publisher\" content=\"https:\/\/www.facebook.com\/doncomos\" \/>\n<meta property=\"article:published_time\" content=\"2019-12-09T11:22:59+00:00\" \/>\n<meta property=\"article:modified_time\" content=\"2019-11-26T12:58:12+00:00\" \/>\n<meta property=\"og:image\" content=\"https:\/\/doncomos.com\/talento\/wp-content\/uploads\/sites\/4\/2019\/10\/D\u00f3nde-se-rod\u00f3-Monteperdido-840.jpg\" \/>\n\t<meta property=\"og:image:width\" content=\"571\" \/>\n\t<meta property=\"og:image:height\" content=\"380\" \/>\n\t<meta property=\"og:image:type\" content=\"image\/jpeg\" \/>\n<meta name=\"author\" content=\"G\u00e9nesis\" \/>\n<meta name=\"twitter:card\" content=\"summary\" \/>\n<meta name=\"twitter:creator\" content=\"@twitter.com \u203a Gnesis83839134\" \/>\n<meta name=\"twitter:site\" content=\"@doncomos\" \/>\n<meta name=\"twitter:label1\" content=\"Escrito por\" \/>\n\t<meta name=\"twitter:data1\" content=\"G\u00e9nesis\" \/>\n\t<meta name=\"twitter:label2\" content=\"Tiempo de lectura\" \/>\n\t<meta name=\"twitter:data2\" content=\"2 minutos\" \/>\n<script type=\"application\/ld+json\" class=\"yoast-schema-graph\">{\"@context\":\"https:\/\/schema.org\",\"@graph\":[{\"@type\":\"WebPage\",\"@id\":\"https:\/\/doncomos.com\/talento\/donde-se-rodo-monteperdido\",\"url\":\"https:\/\/doncomos.com\/talento\/donde-se-rodo-monteperdido\",\"name\":\"D\u00f3nde se rod\u00f3 Monteperdido - Talento Don C\u00f3mos\",\"isPartOf\":{\"@id\":\"https:\/\/doncomos.com\/talento\/#website\"},\"datePublished\":\"2019-12-09T11:22:59+00:00\",\"dateModified\":\"2019-11-26T12:58:12+00:00\",\"author\":{\"@id\":\"https:\/\/doncomos.com\/talento\/#\/schema\/person\/cd69075ee37d261d08cf9ffc10b29dde\"},\"description\":\"\u00bfTe gustan este tipo de series? \u00bfTe consideras un verdadero aficionado a ellas? \u00bfTe gustar\u00eda saber m\u00e1s detalles sobre su producci\u00f3n; por ejemplo, d\u00f3nde se rod\u00f3? De ello se estar\u00e1 hablando en los siguientes subt\u00edtulos, as\u00ed que no puedes dejar de leer lo que viene a continuaci\u00f3n. Sum\u00e9rgete en la trama del Monteperdido y recorre los lugares donde se rod\u00f3. Veamos\u2026\",\"breadcrumb\":{\"@id\":\"https:\/\/doncomos.com\/talento\/donde-se-rodo-monteperdido#breadcrumb\"},\"inLanguage\":\"es\",\"potentialAction\":[{\"@type\":\"ReadAction\",\"target\":[\"https:\/\/doncomos.com\/talento\/donde-se-rodo-monteperdido\"]}]},{\"@type\":\"BreadcrumbList\",\"@id\":\"https:\/\/doncomos.com\/talento\/donde-se-rodo-monteperdido#breadcrumb\",\"itemListElement\":[{\"@type\":\"ListItem\",\"position\":1,\"name\":\"Home\",\"item\":\"https:\/\/doncomos.com\/talento\"},{\"@type\":\"ListItem\",\"position\":2,\"name\":\"D\u00f3nde se rod\u00f3 Monteperdido\"}]},{\"@type\":\"WebSite\",\"@id\":\"https:\/\/doncomos.com\/talento\/#website\",\"url\":\"https:\/\/doncomos.com\/talento\/\",\"name\":\"Talento Doncomos.com: Manualidades y Arte para Todos\",\"description\":\"Talento - Toda la informaci\u00f3n de talento y arte que est\u00e1s buscando. Talento y c\u00f3mos sobre Arte\",\"potentialAction\":[{\"@type\":\"SearchAction\",\"target\":{\"@type\":\"EntryPoint\",\"urlTemplate\":\"https:\/\/doncomos.com\/talento\/?s={search_term_string}\"},\"query-input\":\"required name=search_term_string\"}],\"inLanguage\":\"es\"},{\"@type\":\"Person\",\"@id\":\"https:\/\/doncomos.com\/talento\/#\/schema\/person\/cd69075ee37d261d08cf9ffc10b29dde\",\"name\":\"G\u00e9nesis\",\"image\":{\"@type\":\"ImageObject\",\"inLanguage\":\"es\",\"@id\":\"https:\/\/doncomos.com\/talento\/#\/schema\/person\/image\/\",\"url\":\"https:\/\/secure.gravatar.com\/avatar\/46333e3e29b1f29bc7ce089606b3ea291627561f954bf6aee907bf309273cfed?s=96&d=mm&r=g\",\"contentUrl\":\"https:\/\/secure.gravatar.com\/avatar\/46333e3e29b1f29bc7ce089606b3ea291627561f954bf6aee907bf309273cfed?s=96&d=mm&r=g\",\"caption\":\"G\u00e9nesis\"},\"description\":\"Dedicada a la redacci\u00f3n de contenidos de calidad, correcci\u00f3n de estilo y actualizaci\u00f3n de la informaci\u00f3n; con experiencia en gesti\u00f3n de informaci\u00f3n veraz y estrategias de comprensi\u00f3n lectora.\",\"sameAs\":[\"https:\/\/pe.linkedin.com \u203a genesis-leon-s-\",\"https:\/\/twitter.com\/twitter.com \u203a Gnesis83839134\"],\"url\":\"https:\/\/doncomos.com\/talento\/autor\/beatriz\"}]}<\/script>\n<!-- \/ Yoast SEO plugin. -->","yoast_head_json":{"title":"D\u00f3nde se rod\u00f3 Monteperdido - Talento Don C\u00f3mos","description":"\u00bfTe gustan este tipo de series? \u00bfTe consideras un verdadero aficionado a ellas? \u00bfTe gustar\u00eda saber m\u00e1s detalles sobre su producci\u00f3n; por ejemplo, d\u00f3nde se rod\u00f3? De ello se estar\u00e1 hablando en los siguientes subt\u00edtulos, as\u00ed que no puedes dejar de leer lo que viene a continuaci\u00f3n. Sum\u00e9rgete en la trama del Monteperdido y recorre los lugares donde se rod\u00f3. Veamos\u2026","robots":{"index":"index","follow":"follow","max-snippet":"max-snippet:-1","max-image-preview":"max-image-preview:large","max-video-preview":"max-video-preview:-1"},"og_locale":"es_ES","og_type":"article","og_title":"D\u00f3nde se rod\u00f3 Monteperdido - Talento Don C\u00f3mos","og_description":"\u00bfTe gustan este tipo de series? \u00bfTe consideras un verdadero aficionado a ellas? \u00bfTe gustar\u00eda saber m\u00e1s detalles sobre su producci\u00f3n; por ejemplo, d\u00f3nde se rod\u00f3? De ello se estar\u00e1 hablando en los siguientes subt\u00edtulos, as\u00ed que no puedes dejar de leer lo que viene a continuaci\u00f3n. Sum\u00e9rgete en la trama del Monteperdido y recorre los lugares donde se rod\u00f3. Veamos\u2026","og_url":"https:\/\/doncomos.com\/talento\/donde-se-rodo-monteperdido","og_site_name":"Talento Doncomos.com: Manualidades y Arte para Todos","article_publisher":"https:\/\/www.facebook.com\/doncomos","article_published_time":"2019-12-09T11:22:59+00:00","article_modified_time":"2019-11-26T12:58:12+00:00","og_image":[{"width":571,"height":380,"url":"https:\/\/doncomos.com\/talento\/wp-content\/uploads\/sites\/4\/2019\/10\/D\u00f3nde-se-rod\u00f3-Monteperdido-840.jpg","type":"image\/jpeg"}],"author":"G\u00e9nesis","twitter_card":"summary","twitter_creator":"@twitter.com \u203a Gnesis83839134","twitter_site":"@doncomos","twitter_misc":{"Escrito por":"G\u00e9nesis","Tiempo de lectura":"2 minutos"},"schema":{"@context":"https:\/\/schema.org","@graph":[{"@type":"WebPage","@id":"https:\/\/doncomos.com\/talento\/donde-se-rodo-monteperdido","url":"https:\/\/doncomos.com\/talento\/donde-se-rodo-monteperdido","name":"D\u00f3nde se rod\u00f3 Monteperdido - Talento Don C\u00f3mos","isPartOf":{"@id":"https:\/\/doncomos.com\/talento\/#website"},"datePublished":"2019-12-09T11:22:59+00:00","dateModified":"2019-11-26T12:58:12+00:00","author":{"@id":"https:\/\/doncomos.com\/talento\/#\/schema\/person\/cd69075ee37d261d08cf9ffc10b29dde"},"description":"\u00bfTe gustan este tipo de series? \u00bfTe consideras un verdadero aficionado a ellas? \u00bfTe gustar\u00eda saber m\u00e1s detalles sobre su producci\u00f3n; por ejemplo, d\u00f3nde se rod\u00f3? De ello se estar\u00e1 hablando en los siguientes subt\u00edtulos, as\u00ed que no puedes dejar de leer lo que viene a continuaci\u00f3n. Sum\u00e9rgete en la trama del Monteperdido y recorre los lugares donde se rod\u00f3. Veamos\u2026","breadcrumb":{"@id":"https:\/\/doncomos.com\/talento\/donde-se-rodo-monteperdido#breadcrumb"},"inLanguage":"es","potentialAction":[{"@type":"ReadAction","target":["https:\/\/doncomos.com\/talento\/donde-se-rodo-monteperdido"]}]},{"@type":"BreadcrumbList","@id":"https:\/\/doncomos.com\/talento\/donde-se-rodo-monteperdido#breadcrumb","itemListElement":[{"@type":"ListItem","position":1,"name":"Home","item":"https:\/\/doncomos.com\/talento"},{"@type":"ListItem","position":2,"name":"D\u00f3nde se rod\u00f3 Monteperdido"}]},{"@type":"WebSite","@id":"https:\/\/doncomos.com\/talento\/#website","url":"https:\/\/doncomos.com\/talento\/","name":"Talento Doncomos.com: Manualidades y Arte para Todos","description":"Talento - Toda la informaci\u00f3n de talento y arte que est\u00e1s buscando. Talento y c\u00f3mos sobre Arte","potentialAction":[{"@type":"SearchAction","target":{"@type":"EntryPoint","urlTemplate":"https:\/\/doncomos.com\/talento\/?s={search_term_string}"},"query-input":"required name=search_term_string"}],"inLanguage":"es"},{"@type":"Person","@id":"https:\/\/doncomos.com\/talento\/#\/schema\/person\/cd69075ee37d261d08cf9ffc10b29dde","name":"G\u00e9nesis","image":{"@type":"ImageObject","inLanguage":"es","@id":"https:\/\/doncomos.com\/talento\/#\/schema\/person\/image\/","url":"https:\/\/secure.gravatar.com\/avatar\/46333e3e29b1f29bc7ce089606b3ea291627561f954bf6aee907bf309273cfed?s=96&d=mm&r=g","contentUrl":"https:\/\/secure.gravatar.com\/avatar\/46333e3e29b1f29bc7ce089606b3ea291627561f954bf6aee907bf309273cfed?s=96&d=mm&r=g","caption":"G\u00e9nesis"},"description":"Dedicada a la redacci\u00f3n de contenidos de calidad, correcci\u00f3n de estilo y actualizaci\u00f3n de la informaci\u00f3n; con experiencia en gesti\u00f3n de informaci\u00f3n veraz y estrategias de comprensi\u00f3n lectora.","sameAs":["https:\/\/pe.linkedin.com \u203a genesis-leon-s-","https:\/\/twitter.com\/twitter.com \u203a Gnesis83839134"],"url":"https:\/\/doncomos.com\/talento\/autor\/beatriz"}]}},"_links":{"self":[{"href":"https:\/\/doncomos.com\/talento\/wp-json\/wp\/v2\/posts\/8191","targetHints":{"allow":["GET"]}}],"collection":[{"href":"https:\/\/doncomos.com\/talento\/wp-json\/wp\/v2\/posts"}],"about":[{"href":"https:\/\/doncomos.com\/talento\/wp-json\/wp\/v2\/types\/post"}],"author":[{"embeddable":true,"href":"https:\/\/doncomos.com\/talento\/wp-json\/wp\/v2\/users\/62"}],"replies":[{"embeddable":true,"href":"https:\/\/doncomos.com\/talento\/wp-json\/wp\/v2\/comments?post=8191"}],"version-history":[{"count":1,"href":"https:\/\/doncomos.com\/talento\/wp-json\/wp\/v2\/posts\/8191\/revisions"}],"predecessor-version":[{"id":8195,"href":"https:\/\/doncomos.com\/talento\/wp-json\/wp\/v2\/posts\/8191\/revisions\/8195"}],"wp:featuredmedia":[{"embeddable":true,"href":"https:\/\/doncomos.com\/talento\/wp-json\/wp\/v2\/media\/8194"}],"wp:attachment":[{"href":"https:\/\/doncomos.com\/talento\/wp-json\/wp\/v2\/media?parent=8191"}],"wp:term":[{"taxonomy":"category","embeddable":true,"href":"https:\/\/doncomos.com\/talento\/wp-json\/wp\/v2\/categories?post=8191"},{"taxonomy":"post_tag","embeddable":true,"href":"https:\/\/doncomos.com\/talento\/wp-json\/wp\/v2\/tags?post=8191"}],"curies":[{"name":"wp","href":"https:\/\/api.w.org\/{rel}","templated":true}]}}