{"id":7206,"date":"2019-12-04T12:35:43","date_gmt":"2019-12-04T11:35:43","guid":{"rendered":"http:\/\/doncomos.com\/vehiculos\/?p=7206"},"modified":"2019-11-27T12:35:57","modified_gmt":"2019-11-27T11:35:57","slug":"como-dar-de-baja-un-vehiculo","status":"publish","type":"post","link":"https:\/\/doncomos.com\/vehiculos\/como-dar-de-baja-un-vehiculo","title":{"rendered":"C\u00f3mo dar de baja un veh\u00edculo"},"content":{"rendered":"<div id=\"toc_container\" class=\"no_bullets\"><p class=\"toc_title\">Contenido del Art&iacute;culo<\/p><ul class=\"toc_list\"><li><a href=\"#Instrucciones_para_dar_de_baja_un_vehiculo\">Instrucciones para  dar de baja un veh\u00edculo<\/a><\/li><li><a href=\"#Que_necesitas_para_dar_de_baja_un_vehiculo\">\u00bfQue necesitas para  dar de baja un veh\u00edculo?<\/a><\/li><li><a href=\"#Consejos_para_dar_de_baja_un_vehiculo\">Consejos para  dar de baja un veh\u00edculo<\/a><\/li><\/ul><\/div>\n<p>Tener un veh\u00edculo es uno de los logros <strong>m\u00e1s significativos<\/strong> que una persona puede conseguir. Por lo general, al comenzar a trabajar, es una de las metas que se fijan como prioritarias, seguido de una casa propia y otras metas a largo plazo.<\/p>\n<p>Quienes logran <strong>comprar <\/strong><a href=\"https:\/\/es.wikipedia.org\/wiki\/Veh%C3%ADculo\" class=\"external\" rel=\"nofollow\" target=\"_blank\"><strong>un veh\u00edculo<\/strong><\/a>, experimentan mucha gratificaci\u00f3n y satisfacci\u00f3n, ya que es considerado como un sin\u00f3nimo de progreso.<\/p>\n<p>Adem\u00e1s, el contar con un veh\u00edculo propio trae muchas ventajas. Por ejemplo, te permite trasladarte a casi cualquier lugar y llegar a tiempo a los compromisos que tengas previstos, sean laborales o sociales.<\/p>\n<p>Por otra parte, si surge una emergencia, podr\u00e1s <strong>actuar con prontitud<\/strong>. Sin perder tiempo buscando medios de transporte. Tambi\u00e9n, tienes la maravillosa oportunidad de brindarle una mano amiga a quienes tengan alg\u00fan tipo de necesidad. De seguro te lo sabr\u00e1n agradecer.<\/p>\n<p>Por esto y por mucho m\u00e1s, tener un veh\u00edculo forma parte de las prioridades de la mayor\u00eda de las personas. Sin embargo, hay que tener en cuenta que tambi\u00e9n implica una gran responsabilidad.<\/p>\n<p>A fin de que puedas contar con \u00e9l por mucho tiempo, es necesario que lo mantengas <strong>en buen estado. <\/strong>Esto va m\u00e1s all\u00e1 que simplemente chequearle el agua, el aceite y recargarlo de combustible de cuando en cuando.<\/p>\n<p>M\u00e1s bien, tiene que ver con <strong>no descuidar la parte mec\u00e1nica<\/strong>. Y, si surge alg\u00fan imprevisto, es necesario que se pueda atender a la brevedad para que no llegue a convertirse en un verdadero problema.<\/p>\n<p>Pese a todo, hay circunstancias en la vida que nos llevan a <strong>dar de baja un veh\u00edculo<\/strong>. En este breve art\u00edculo estaremos viendo c\u00f3mo lo pues hacer, qu\u00e9 requisitos necesitas para ello y porqu\u00e9 surge esa necesidad. As\u00ed que presta mucha atenci\u00f3n a lo que tenemos que decirte para que est\u00e9s orientado.<\/p>\n<div align=\"center\"><!-- Doncomos Vehiculo Enlaces Adaptable -->\n                                       <ins class=\"adsbygoogle\"\n                                            style=\"display:block; height:90px;\"\n                                            data-ad-client=\"ca-pub-7889333885495326\"\n                                            data-ad-slot=\"7356391637\"\n                                            data-ad-format=\"link\"><\/ins>\n                                       <script>\n                                       (adsbygoogle = window.adsbygoogle || []).push({});\n                                       <\/script><div id=\"div-video-intext\"><\/div><\/div><div class='single-functions-top-instrucciones'><h2 class='h2-title-single'><span id=\"Instrucciones_para_dar_de_baja_un_vehiculo\">Instrucciones para  dar de baja un veh\u00edculo<\/span><\/h2><blockquote-content><p><img loading=\"lazy\" decoding=\"async\" class=\"alignnone size-full wp-image-7121\" src=\"https:\/\/doncomos.com\/vehiculos\/wp-content\/uploads\/sites\/10\/2019\/06\/Qu\u00e9-se-necesita-para-conducir-un-coche-sin-carnet-218.jpg\" alt=\"veh\u00edculo\" width=\"640\" height=\"426\" srcset=\"https:\/\/doncomos.com\/vehiculos\/wp-content\/uploads\/sites\/10\/2019\/06\/Qu\u00e9-se-necesita-para-conducir-un-coche-sin-carnet-218.jpg 640w, https:\/\/doncomos.com\/vehiculos\/wp-content\/uploads\/sites\/10\/2019\/06\/Qu\u00e9-se-necesita-para-conducir-un-coche-sin-carnet-218-300x200.jpg 300w, https:\/\/doncomos.com\/vehiculos\/wp-content\/uploads\/sites\/10\/2019\/06\/Qu\u00e9-se-necesita-para-conducir-un-coche-sin-carnet-218-270x180.jpg 270w\" sizes=\"auto, (max-width: 640px) 100vw, 640px\" \/><\/p>\n<p>Cuando hablamos de dar de baja, nos referimos <strong>al tr\u00e1mite<\/strong> por medio del cual el titular de un veh\u00edculo informa al registro de la direcci\u00f3n general de tr\u00e1fico que lo retira de circulaci\u00f3n, ya sea de manera temporal o definitiva.<\/p>\n<p>Ahora bien, esta solicitud ser\u00e1 imposible de procesar si existe anotado alg\u00fan precinto. En este caso, lo primero que debes hacer ser\u00e1 cancelarlo.<\/p>\n<p>Pero, \u00bfen qu\u00e9 circunstancia es admisible dar de <strong>baja temporal<\/strong> a tu veh\u00edculo?&#8230; Por ejemplo, en el caso de que te hayan robado el veh\u00edculo, que lo hayas vendido o que no lo vayas a usar por mucho tiempo. Como cuando programas un viaje por una larga temporada o cuando se ha da\u00f1ado gravemente y no lo puedes reparar, por el momento.<\/p>\n<p>En estos casos concretos, resulta ser una buena idea el dar de baja temporalmente a un veh\u00edculo. Sin embargo, esas no son las \u00fanicas razones v\u00e1lidas. Tambi\u00e9n puede suceder en el caso de que tengas mucho tiempo sin pagar su impuesto de circulaci\u00f3n por tenerlo detenido.<\/p>\n<p>Si est\u00e1s consciente de que <strong>no usar\u00e1s el veh\u00edculo por un tiempo considerable<\/strong>, lo m\u00e1s razonable es que adoptes esta medida.<\/p>\n<p>Pero, \u00bfcu\u00e1les son <a href=\"https:\/\/doncomos.com\/vehiculos\/dar-baja-coche\">los requisitos que necesitas<\/a> par que se pueda procesar este tr\u00e1mite? Tal vez esa duda est\u00e9 dando vueltas en tu cabeza. No tienes porqu\u00e9 quedarte con la incertidumbre. En el pr\u00f3ximo subt\u00edtulo estar\u00e1s al tanto de <strong>la documentaci\u00f3n<\/strong> que necesitas para que puedas cumplir con ella. Veamos.<\/p>\n<\/blockquote-content><\/div>\n<div align=\"center\"><!-- Doncomos Vehiculos 336 x 280 -->\n                                <ins class=\"adsbygoogle\"\n                                     style=\"display:inline-block;width:336px;height:280px\"\n                                     data-ad-client=\"ca-pub-7889333885495326\"\n                                     data-ad-slot=\"3219324297\"><\/ins>\n                                <script>\n                                (adsbygoogle = window.adsbygoogle || []).push({});\n                                <\/script><\/div><div class='single-functions-div-instrucciones2'><h2 class='h2-title-single'><span id=\"Que_necesitas_para_dar_de_baja_un_vehiculo\">\u00bfQue necesitas para  dar de baja un veh\u00edculo?<\/span><\/h2><blockquote-content><p><img loading=\"lazy\" decoding=\"async\" class=\"alignnone size-full wp-image-6951\" src=\"https:\/\/doncomos.com\/vehiculos\/wp-content\/uploads\/sites\/10\/2018\/12\/C\u00f3mo-tasar-un-coche-564.jpg\" alt=\"veh\u00edculo\" width=\"640\" height=\"361\" srcset=\"https:\/\/doncomos.com\/vehiculos\/wp-content\/uploads\/sites\/10\/2018\/12\/C\u00f3mo-tasar-un-coche-564.jpg 640w, https:\/\/doncomos.com\/vehiculos\/wp-content\/uploads\/sites\/10\/2018\/12\/C\u00f3mo-tasar-un-coche-564-300x169.jpg 300w, https:\/\/doncomos.com\/vehiculos\/wp-content\/uploads\/sites\/10\/2018\/12\/C\u00f3mo-tasar-un-coche-564-270x152.jpg 270w\" sizes=\"auto, (max-width: 640px) 100vw, 640px\" \/><\/p>\n<p>Para poder dar de baja a un veh\u00edculo es necesario que cumplas con ciertos requisitos. Entre ellos encontramos cancelar cualquier limitaci\u00f3n de disposici\u00f3n que estuviera inscrita en el registro de bienes muebles, con excepci\u00f3n del consentimiento expreso de la financiera.<\/p>\n<p>Ahora, en cuanto a la documentaci\u00f3n, necesitar\u00e1s una solicitud oficial impresa. La cual puedes conseguir por medio de os Centros Autorizados de Tratamiento de veh\u00edculos, pero tambi\u00e9n a trav\u00e9s de las Jefaturas de Tr\u00e1fico.<\/p>\n<p>Tambi\u00e9n debes <strong>presentar un documento legal<\/strong> que revele tu identificaci\u00f3n y residencia actual. Este puede ser el DNI, el permiso de conducir espa\u00f1ol, alguna tarjeta de residencia, entre otros documentos similares.<\/p>\n<p>En caso de que se trate de una persona jur\u00eddica, debe presentarse la identificaci\u00f3n fiscal y acreditaci\u00f3n de la representaci\u00f3n. Adem\u00e1s de la identidad de la persona que firme.<\/p>\n<p>Si se trata de un menor de edad o de una persona con alguna discapacidad f\u00edsica, deber\u00e1 presentar su DNI, los datos y <strong>la firma de sus padres o tutores<\/strong> y un documento que sirva como respaldo del concepto.<\/p>\n<p>Por otra parte, tambi\u00e9n es preciso presentar <a href=\"https:\/\/doncomos.com\/vehiculos\/licencias-vtc-permisos-carnes-precio-mucho-mas\">el permiso de circulaci\u00f3n y la tarjeta de ITV.<\/a><\/p>\n<p>Cabe destacar que, si quieres ahorrarte este proceso engorroso, puedes autorizar a un representante para que pueda realizar estos tr\u00e1mites. Pero, \u00bfqu\u00e9 consejos debes tener en cuenta al dar de baja, temporal o definitivamente, a un veh\u00edculo? De ello estaremos hablando en el siguiente subtitulo. Si te interesa, no dejes de leerlo.<\/p>\n<\/blockquote-content><\/div>\n<div align=\"center\"><!-- Doncomos Vehiculos 336 x 280 -->\n                                <ins class=\"adsbygoogle\"\n                                     style=\"display:inline-block;width:336px;height:280px\"\n                                     data-ad-client=\"ca-pub-7889333885495326\"\n                                     data-ad-slot=\"3219324297\"><\/ins>\n                                <script>\n                                (adsbygoogle = window.adsbygoogle || []).push({});\n                                <\/script><\/div><div class='single-functions-consejos'><h2 class='h2-title-single'><span id=\"Consejos_para_dar_de_baja_un_vehiculo\">Consejos para  dar de baja un veh\u00edculo<\/span><\/h2><blockquote-content><p><img loading=\"lazy\" decoding=\"async\" class=\"alignnone size-full wp-image-7110\" src=\"https:\/\/doncomos.com\/vehiculos\/wp-content\/uploads\/sites\/10\/2019\/06\/C\u00f3mo-consultar-los-puntos-a-la-DGT-739.jpg\" alt=\"veh\u00edculo\" width=\"640\" height=\"404\" srcset=\"https:\/\/doncomos.com\/vehiculos\/wp-content\/uploads\/sites\/10\/2019\/06\/C\u00f3mo-consultar-los-puntos-a-la-DGT-739.jpg 640w, https:\/\/doncomos.com\/vehiculos\/wp-content\/uploads\/sites\/10\/2019\/06\/C\u00f3mo-consultar-los-puntos-a-la-DGT-739-300x189.jpg 300w, https:\/\/doncomos.com\/vehiculos\/wp-content\/uploads\/sites\/10\/2019\/06\/C\u00f3mo-consultar-los-puntos-a-la-DGT-739-270x170.jpg 270w\" sizes=\"auto, (max-width: 640px) 100vw, 640px\" \/><\/p>\n<p>En caso de que se trate de una baja definitiva, solo puedes realizar el tr\u00e1mite en un Centro Autorizado de Tratamiento de veh\u00edculos. Al hacerlo, deber\u00e1s <strong>entregar el veh\u00edculo<\/strong> y, con \u00e9l, toda la documentaci\u00f3n.<\/p>\n<p>Luego de ello, te entregar\u00e1n un justificante de baja definitiva. En este justificante se debe indicar, con claridad, que se trata de <a href=\"https:\/\/doncomos.com\/vehiculos\/coches-no-circulan-hoy\"><strong>una baja definitiva<\/strong><\/a><strong>.<\/strong> Adem\u00e1s, deben aparecer todos los datos del veh\u00edculo y del centro autorizado de tratamiento de veh\u00edculos que ha procesado tu solicitud.<\/p>\n<p>As\u00ed podr\u00e1s tener <strong>un respaldo legal<\/strong> en caso de alg\u00fan imprevisto.<\/p>\n<\/blockquote-content><\/div>\n","protected":false},"excerpt":{"rendered":"<p>Tener un veh\u00edculo es uno de los logros m\u00e1s significativos que una persona puede conseguir. Por lo general, al comenzar a trabajar, es una de las metas que se fijan como prioritarias, seguido de una casa propia y otras metas [&hellip;]<\/p>\n","protected":false},"author":62,"featured_media":6889,"comment_status":"open","ping_status":"closed","sticky":false,"template":"","format":"standard","meta":{"footnotes":""},"categories":[1110,1215],"tags":[1139,326],"class_list":["post-7206","post","type-post","status-publish","format-standard","has-post-thumbnail","hentry","category-coches","category-seguro-de-coche","tag-coche","tag-vehiculo"],"acf":[],"yoast_head":"<!-- This site is optimized with the Yoast SEO plugin v19.6 - https:\/\/yoast.com\/wordpress\/plugins\/seo\/ -->\n<title>C\u00f3mo dar de baja un veh\u00edculo - Veh\u00edculos Don C\u00f3mos<\/title>\n<meta name=\"description\" content=\"Tener un veh\u00edculo forma parte de las prioridades de la mayor\u00eda de las personas. Sin embargo, hay que tener en cuenta que tambi\u00e9n implica una gran responsabilidad.Si est\u00e1s consciente de que no usar\u00e1s el veh\u00edculo por un tiempo considerable, lo m\u00e1s razonable es que adoptes esta medida.Pero, \u00bfcu\u00e1les son los requisitos que necesitas par que se pueda procesar este tr\u00e1mite? En este post estar\u00e1s al tanto de lo que necesitas haver para que puedas dar de baja tu veh\u00edculo.\" \/>\n<meta name=\"robots\" content=\"index, follow, max-snippet:-1, max-image-preview:large, max-video-preview:-1\" \/>\n<meta property=\"og:locale\" content=\"es_ES\" \/>\n<meta property=\"og:type\" content=\"article\" \/>\n<meta property=\"og:title\" content=\"C\u00f3mo dar de baja un veh\u00edculo - Veh\u00edculos Don C\u00f3mos\" \/>\n<meta property=\"og:description\" content=\"Tener un veh\u00edculo forma parte de las prioridades de la mayor\u00eda de las personas. Sin embargo, hay que tener en cuenta que tambi\u00e9n implica una gran responsabilidad.Si est\u00e1s consciente de que no usar\u00e1s el veh\u00edculo por un tiempo considerable, lo m\u00e1s razonable es que adoptes esta medida.Pero, \u00bfcu\u00e1les son los requisitos que necesitas par que se pueda procesar este tr\u00e1mite? En este post estar\u00e1s al tanto de lo que necesitas haver para que puedas dar de baja tu veh\u00edculo.\" \/>\n<meta property=\"og:url\" content=\"https:\/\/doncomos.com\/vehiculos\/como-dar-de-baja-un-vehiculo\" \/>\n<meta property=\"og:site_name\" content=\"Vehiculos y Motor Doncomos.com: Aprende y Disfruta con las Ruedas\" \/>\n<meta property=\"article:publisher\" content=\"https:\/\/www.facebook.com\/doncomos\" \/>\n<meta property=\"article:published_time\" content=\"2019-12-04T11:35:43+00:00\" \/>\n<meta property=\"article:modified_time\" content=\"2019-11-27T11:35:57+00:00\" \/>\n<meta property=\"og:image\" content=\"https:\/\/doncomos.com\/vehiculos\/wp-content\/uploads\/sites\/10\/2018\/12\/Qu\u00e9-se-necesita-para-conducir-un-coche-sin-carnet-681.jpg\" \/>\n\t<meta property=\"og:image:width\" content=\"640\" \/>\n\t<meta property=\"og:image:height\" content=\"478\" \/>\n\t<meta property=\"og:image:type\" content=\"image\/jpeg\" \/>\n<meta name=\"author\" content=\"G\u00e9nesis\" \/>\n<meta name=\"twitter:card\" content=\"summary\" \/>\n<meta name=\"twitter:creator\" content=\"@twitter.com \u203a Gnesis83839134\" \/>\n<meta name=\"twitter:site\" content=\"@doncomos\" \/>\n<meta name=\"twitter:label1\" content=\"Escrito por\" \/>\n\t<meta name=\"twitter:data1\" content=\"G\u00e9nesis\" \/>\n\t<meta name=\"twitter:label2\" content=\"Tiempo de lectura\" \/>\n\t<meta name=\"twitter:data2\" content=\"2 minutos\" \/>\n<script type=\"application\/ld+json\" class=\"yoast-schema-graph\">{\"@context\":\"https:\/\/schema.org\",\"@graph\":[{\"@type\":\"WebPage\",\"@id\":\"https:\/\/doncomos.com\/vehiculos\/como-dar-de-baja-un-vehiculo\",\"url\":\"https:\/\/doncomos.com\/vehiculos\/como-dar-de-baja-un-vehiculo\",\"name\":\"C\u00f3mo dar de baja un veh\u00edculo - Veh\u00edculos Don C\u00f3mos\",\"isPartOf\":{\"@id\":\"https:\/\/doncomos.com\/vehiculos\/#website\"},\"datePublished\":\"2019-12-04T11:35:43+00:00\",\"dateModified\":\"2019-11-27T11:35:57+00:00\",\"author\":{\"@id\":\"https:\/\/doncomos.com\/vehiculos\/#\/schema\/person\/cd69075ee37d261d08cf9ffc10b29dde\"},\"description\":\"Tener un veh\u00edculo forma parte de las prioridades de la mayor\u00eda de las personas. Sin embargo, hay que tener en cuenta que tambi\u00e9n implica una gran responsabilidad.Si est\u00e1s consciente de que no usar\u00e1s el veh\u00edculo por un tiempo considerable, lo m\u00e1s razonable es que adoptes esta medida.Pero, \u00bfcu\u00e1les son los requisitos que necesitas par que se pueda procesar este tr\u00e1mite? En este post estar\u00e1s al tanto de lo que necesitas haver para que puedas dar de baja tu veh\u00edculo.\",\"breadcrumb\":{\"@id\":\"https:\/\/doncomos.com\/vehiculos\/como-dar-de-baja-un-vehiculo#breadcrumb\"},\"inLanguage\":\"es\",\"potentialAction\":[{\"@type\":\"ReadAction\",\"target\":[\"https:\/\/doncomos.com\/vehiculos\/como-dar-de-baja-un-vehiculo\"]}]},{\"@type\":\"BreadcrumbList\",\"@id\":\"https:\/\/doncomos.com\/vehiculos\/como-dar-de-baja-un-vehiculo#breadcrumb\",\"itemListElement\":[{\"@type\":\"ListItem\",\"position\":1,\"name\":\"Home\",\"item\":\"https:\/\/doncomos.com\/vehiculos\"},{\"@type\":\"ListItem\",\"position\":2,\"name\":\"C\u00f3mo dar de baja un veh\u00edculo\"}]},{\"@type\":\"WebSite\",\"@id\":\"https:\/\/doncomos.com\/vehiculos\/#website\",\"url\":\"https:\/\/doncomos.com\/vehiculos\/\",\"name\":\"Vehiculos y Motor Doncomos.com: Aprende y Disfruta con las Ruedas\",\"description\":\"Vehiculos y Motor - Todo lo que se ha de saber del mundo del motor y como cuidarlas correctamente para que tengan una vida mejor\",\"potentialAction\":[{\"@type\":\"SearchAction\",\"target\":{\"@type\":\"EntryPoint\",\"urlTemplate\":\"https:\/\/doncomos.com\/vehiculos\/?s={search_term_string}\"},\"query-input\":\"required name=search_term_string\"}],\"inLanguage\":\"es\"},{\"@type\":\"Person\",\"@id\":\"https:\/\/doncomos.com\/vehiculos\/#\/schema\/person\/cd69075ee37d261d08cf9ffc10b29dde\",\"name\":\"G\u00e9nesis\",\"image\":{\"@type\":\"ImageObject\",\"inLanguage\":\"es\",\"@id\":\"https:\/\/doncomos.com\/vehiculos\/#\/schema\/person\/image\/\",\"url\":\"https:\/\/secure.gravatar.com\/avatar\/46333e3e29b1f29bc7ce089606b3ea291627561f954bf6aee907bf309273cfed?s=96&d=mm&r=g\",\"contentUrl\":\"https:\/\/secure.gravatar.com\/avatar\/46333e3e29b1f29bc7ce089606b3ea291627561f954bf6aee907bf309273cfed?s=96&d=mm&r=g\",\"caption\":\"G\u00e9nesis\"},\"description\":\"Dedicada a la redacci\u00f3n de contenidos de calidad, correcci\u00f3n de estilo y actualizaci\u00f3n de la informaci\u00f3n; con experiencia en gesti\u00f3n de informaci\u00f3n veraz y estrategias de comprensi\u00f3n lectora.\",\"sameAs\":[\"https:\/\/pe.linkedin.com \u203a genesis-leon-s-\",\"https:\/\/twitter.com\/twitter.com \u203a Gnesis83839134\"],\"url\":\"https:\/\/doncomos.com\/vehiculos\/autor\/beatriz\"}]}<\/script>\n<!-- \/ Yoast SEO plugin. -->","yoast_head_json":{"title":"C\u00f3mo dar de baja un veh\u00edculo - Veh\u00edculos Don C\u00f3mos","description":"Tener un veh\u00edculo forma parte de las prioridades de la mayor\u00eda de las personas. Sin embargo, hay que tener en cuenta que tambi\u00e9n implica una gran responsabilidad.Si est\u00e1s consciente de que no usar\u00e1s el veh\u00edculo por un tiempo considerable, lo m\u00e1s razonable es que adoptes esta medida.Pero, \u00bfcu\u00e1les son los requisitos que necesitas par que se pueda procesar este tr\u00e1mite? En este post estar\u00e1s al tanto de lo que necesitas haver para que puedas dar de baja tu veh\u00edculo.","robots":{"index":"index","follow":"follow","max-snippet":"max-snippet:-1","max-image-preview":"max-image-preview:large","max-video-preview":"max-video-preview:-1"},"og_locale":"es_ES","og_type":"article","og_title":"C\u00f3mo dar de baja un veh\u00edculo - Veh\u00edculos Don C\u00f3mos","og_description":"Tener un veh\u00edculo forma parte de las prioridades de la mayor\u00eda de las personas. Sin embargo, hay que tener en cuenta que tambi\u00e9n implica una gran responsabilidad.Si est\u00e1s consciente de que no usar\u00e1s el veh\u00edculo por un tiempo considerable, lo m\u00e1s razonable es que adoptes esta medida.Pero, \u00bfcu\u00e1les son los requisitos que necesitas par que se pueda procesar este tr\u00e1mite? En este post estar\u00e1s al tanto de lo que necesitas haver para que puedas dar de baja tu veh\u00edculo.","og_url":"https:\/\/doncomos.com\/vehiculos\/como-dar-de-baja-un-vehiculo","og_site_name":"Vehiculos y Motor Doncomos.com: Aprende y Disfruta con las Ruedas","article_publisher":"https:\/\/www.facebook.com\/doncomos","article_published_time":"2019-12-04T11:35:43+00:00","article_modified_time":"2019-11-27T11:35:57+00:00","og_image":[{"width":640,"height":478,"url":"https:\/\/doncomos.com\/vehiculos\/wp-content\/uploads\/sites\/10\/2018\/12\/Qu\u00e9-se-necesita-para-conducir-un-coche-sin-carnet-681.jpg","type":"image\/jpeg"}],"author":"G\u00e9nesis","twitter_card":"summary","twitter_creator":"@twitter.com \u203a Gnesis83839134","twitter_site":"@doncomos","twitter_misc":{"Escrito por":"G\u00e9nesis","Tiempo de lectura":"2 minutos"},"schema":{"@context":"https:\/\/schema.org","@graph":[{"@type":"WebPage","@id":"https:\/\/doncomos.com\/vehiculos\/como-dar-de-baja-un-vehiculo","url":"https:\/\/doncomos.com\/vehiculos\/como-dar-de-baja-un-vehiculo","name":"C\u00f3mo dar de baja un veh\u00edculo - Veh\u00edculos Don C\u00f3mos","isPartOf":{"@id":"https:\/\/doncomos.com\/vehiculos\/#website"},"datePublished":"2019-12-04T11:35:43+00:00","dateModified":"2019-11-27T11:35:57+00:00","author":{"@id":"https:\/\/doncomos.com\/vehiculos\/#\/schema\/person\/cd69075ee37d261d08cf9ffc10b29dde"},"description":"Tener un veh\u00edculo forma parte de las prioridades de la mayor\u00eda de las personas. Sin embargo, hay que tener en cuenta que tambi\u00e9n implica una gran responsabilidad.Si est\u00e1s consciente de que no usar\u00e1s el veh\u00edculo por un tiempo considerable, lo m\u00e1s razonable es que adoptes esta medida.Pero, \u00bfcu\u00e1les son los requisitos que necesitas par que se pueda procesar este tr\u00e1mite? En este post estar\u00e1s al tanto de lo que necesitas haver para que puedas dar de baja tu veh\u00edculo.","breadcrumb":{"@id":"https:\/\/doncomos.com\/vehiculos\/como-dar-de-baja-un-vehiculo#breadcrumb"},"inLanguage":"es","potentialAction":[{"@type":"ReadAction","target":["https:\/\/doncomos.com\/vehiculos\/como-dar-de-baja-un-vehiculo"]}]},{"@type":"BreadcrumbList","@id":"https:\/\/doncomos.com\/vehiculos\/como-dar-de-baja-un-vehiculo#breadcrumb","itemListElement":[{"@type":"ListItem","position":1,"name":"Home","item":"https:\/\/doncomos.com\/vehiculos"},{"@type":"ListItem","position":2,"name":"C\u00f3mo dar de baja un veh\u00edculo"}]},{"@type":"WebSite","@id":"https:\/\/doncomos.com\/vehiculos\/#website","url":"https:\/\/doncomos.com\/vehiculos\/","name":"Vehiculos y Motor Doncomos.com: Aprende y Disfruta con las Ruedas","description":"Vehiculos y Motor - Todo lo que se ha de saber del mundo del motor y como cuidarlas correctamente para que tengan una vida mejor","potentialAction":[{"@type":"SearchAction","target":{"@type":"EntryPoint","urlTemplate":"https:\/\/doncomos.com\/vehiculos\/?s={search_term_string}"},"query-input":"required name=search_term_string"}],"inLanguage":"es"},{"@type":"Person","@id":"https:\/\/doncomos.com\/vehiculos\/#\/schema\/person\/cd69075ee37d261d08cf9ffc10b29dde","name":"G\u00e9nesis","image":{"@type":"ImageObject","inLanguage":"es","@id":"https:\/\/doncomos.com\/vehiculos\/#\/schema\/person\/image\/","url":"https:\/\/secure.gravatar.com\/avatar\/46333e3e29b1f29bc7ce089606b3ea291627561f954bf6aee907bf309273cfed?s=96&d=mm&r=g","contentUrl":"https:\/\/secure.gravatar.com\/avatar\/46333e3e29b1f29bc7ce089606b3ea291627561f954bf6aee907bf309273cfed?s=96&d=mm&r=g","caption":"G\u00e9nesis"},"description":"Dedicada a la redacci\u00f3n de contenidos de calidad, correcci\u00f3n de estilo y actualizaci\u00f3n de la informaci\u00f3n; con experiencia en gesti\u00f3n de informaci\u00f3n veraz y estrategias de comprensi\u00f3n lectora.","sameAs":["https:\/\/pe.linkedin.com \u203a genesis-leon-s-","https:\/\/twitter.com\/twitter.com \u203a Gnesis83839134"],"url":"https:\/\/doncomos.com\/vehiculos\/autor\/beatriz"}]}},"_links":{"self":[{"href":"https:\/\/doncomos.com\/vehiculos\/wp-json\/wp\/v2\/posts\/7206","targetHints":{"allow":["GET"]}}],"collection":[{"href":"https:\/\/doncomos.com\/vehiculos\/wp-json\/wp\/v2\/posts"}],"about":[{"href":"https:\/\/doncomos.com\/vehiculos\/wp-json\/wp\/v2\/types\/post"}],"author":[{"embeddable":true,"href":"https:\/\/doncomos.com\/vehiculos\/wp-json\/wp\/v2\/users\/62"}],"replies":[{"embeddable":true,"href":"https:\/\/doncomos.com\/vehiculos\/wp-json\/wp\/v2\/comments?post=7206"}],"version-history":[{"count":1,"href":"https:\/\/doncomos.com\/vehiculos\/wp-json\/wp\/v2\/posts\/7206\/revisions"}],"predecessor-version":[{"id":7210,"href":"https:\/\/doncomos.com\/vehiculos\/wp-json\/wp\/v2\/posts\/7206\/revisions\/7210"}],"wp:featuredmedia":[{"embeddable":true,"href":"https:\/\/doncomos.com\/vehiculos\/wp-json\/wp\/v2\/media\/6889"}],"wp:attachment":[{"href":"https:\/\/doncomos.com\/vehiculos\/wp-json\/wp\/v2\/media?parent=7206"}],"wp:term":[{"taxonomy":"category","embeddable":true,"href":"https:\/\/doncomos.com\/vehiculos\/wp-json\/wp\/v2\/categories?post=7206"},{"taxonomy":"post_tag","embeddable":true,"href":"https:\/\/doncomos.com\/vehiculos\/wp-json\/wp\/v2\/tags?post=7206"}],"curies":[{"name":"wp","href":"https:\/\/api.w.org\/{rel}","templated":true}]}}